{"id":90,"date":"2013-04-03T15:49:35","date_gmt":"2013-04-03T13:49:35","guid":{"rendered":"http:\/\/savoue.patoue.fr\/2013\/04\/03\/montee-en-temperature-pour-la-fusion-73741\/"},"modified":"2013-04-03T15:49:35","modified_gmt":"2013-04-03T13:49:35","slug":"montee-en-temperature-pour-la-fusion-73741","status":"publish","type":"post","link":"https:\/\/sabaudia-mrs.org\/index.php\/2013\/04\/03\/montee-en-temperature-pour-la-fusion-73741\/","title":{"rendered":"Mont\u00e9e en temp\u00e9rature pour la fusion 73+74=1"},"content":{"rendered":"<p><span style=\"font-size: 10pt;\" \/><img decoding=\"async\" class=\" alignleft size-full wp-image-89\" style=\"margin: 5px; float: left;\" src=\"http:\/\/sabaudr.cluster028.hosting.ovh.net\/wp-content\/uploads\/2013\/04\/reg_sav_000.jpg\" width=\"140\" srcset=\"https:\/\/sabaudia-mrs.org\/wp-content\/uploads\/2013\/04\/reg_sav_000.jpg 360w, https:\/\/sabaudia-mrs.org\/wp-content\/uploads\/2013\/04\/reg_sav_000-236x300.jpg 236w\" sizes=\"(max-width: 360px) 100vw, 360px\" \/>L\u2019hebdomadaire Le Messager du 28 mars consacre une demi-page \u00e0 la fusion des d\u00e9partements sous le titre \u00ab\u00a0Pourquoi unir Savoie et Haute-Savoie\u00a0?\u00a0\u00bb, en faisant \u00e9tat des d\u00e9clarations du pr\u00e9sident du Conseil g\u00e9n\u00e9ral de Haute-Savoie (CG74), du pr\u00e9sident de la Chambre de commerce et d\u2019industrie de Haute-Savoie (CCI 74), du pr\u00e9sident de la Chambre des m\u00e9tiers de l\u2019artisanat de Haute-Savoie (CMA74), ainsi que d\u2019un membre du Comit\u00e9 directeur de la Conf\u00e9d\u00e9ration g\u00e9n\u00e9rale des petites et moyennes entreprises de Savoie (CGPMA 73), \u00e9lu de la CCI de Savoie.<br \/>\n<!--more--><br \/>\n<\/span><\/p>\n<p><span style=\"font-size: 10pt;\">Avec la mutualisation et l\u2019optimisation des services \u00e0 la population et des \u00e9conomies de fonctionnement<sup><a class=\"sdfootnoteanc\" name=\"sdfootnote1anc\" href=\"#sdfootnote1sym\"><sup>1<\/sup><\/a><\/sup> la fusion sera un atout pour C. Monteil (CG 74) si elle permet d\u2019ajouter les comp\u00e9tences r\u00e9gionales aux comp\u00e9tences d\u00e9partementales<sup><a class=\"sdfootnoteanc\" name=\"sdfootnote2anc\" href=\"#sdfootnote2sym\"><sup>2<\/sup><\/a><\/sup>. Et de conclure \u00ab\u00a0Savoie et Haute-Savoie sont intimement li\u00e9es, la R\u00e9gion Rh\u00f4ne-Alpes devra apprendre \u00e0 nous respecter.\u00a0\u00bb<\/span><\/p>\n<p><span style=\"font-size: 10pt;\">\u00ab\u00a0Les deux territoires sont faits pour s\u2019entendre et pour travailler ensemble\u00a0\u00bb d\u2019apr\u00e8s Guy M\u00e9tral (CCI 74)<\/span><\/p>\n<p><span style=\"font-size: 10pt;\">Outre des \u00e9conomies d\u2019\u00e9chelle la fusion donnera une coh\u00e9rence pour l\u2019international selon F. Lopez (CMA 74) tandis que pour F.Lazareth (CGPME 73) \u00ab\u00a0le label Savoie-Mont-Blanc est un formidable outil de marketing\u00a0\u00bb.<\/span><\/p>\n<p><span style=\"font-size: 10pt;\">La cr\u00e9ation d\u2019une R\u00e9gion Savoie, objectif quarantenaire du Mouvement R\u00e9gion Savoie, va-t-il enfin \u00eatre atteint\u00a0?<\/span><\/p>\n<p><span style=\"font-size: 10pt;\">Au-del\u00e0 du consensus d\u2019une partie des responsables politiques et \u00e9conomiques, il reste \u00e0 entra\u00eener l\u2019adh\u00e9sion de la\t population savoyarde<sup><a class=\"sdfootnoteanc\" name=\"sdfootnote3anc\" href=\"#sdfootnote3sym\"><sup>3<\/sup><\/a><\/sup> avant l\u2019\u00e9tape du referendum, \u00e9tape incontournable que les Alsaciens atteindront le dimanche 7 avril prochain et dont les r\u00e9sultats seront instructifs.<\/span><\/p>\n<p><span style=\"font-size: 10pt;\">Messieurs les Conseillers g\u00e9n\u00e9raux, soyez ambitieux, ne vous trompez pas de projet! Ce n\u2019est pas d\u2019un gros d\u00e9partement appauvri dont veulent nos concitoyens, mais d\u2019une r\u00e9gion Savoie proche de ses habitants qui dispose des moyens et des comp\u00e9tences dont elle a besoin.<\/span><\/p>\n<p>\u00a0<\/p>\n<p>po\/lb\/fc, le  2\/04\/13<\/p>\n<p><span style=\"font-size: 10pt;\">_________________________________________________________________<br \/><\/span><\/p>\n<div id=\"sdfootnote1\">\n<p class=\"sdfootnote\"><a class=\"sdfootnotesym\" name=\"sdfootnote1sym\" href=\"#sdfootnote1anc\">1<\/a> Evalu\u00e9es \u00e0 10% pour la fusion de d\u00e9partements alsaciens<\/p>\n<\/div>\n<div id=\"sdfootnote2\">\n<p class=\"sdfootnote\"><a class=\"sdfootnotesym\" name=\"sdfootnote2sym\" href=\"#sdfootnote2anc\">2<\/a> Ce qui suppose l\u2019existence d\u2019une r\u00e9gion Savoie<\/p>\n<\/div>\n<div id=\"sdfootnote3\">\n<p class=\"sdfootnote\"><a class=\"sdfootnotesym\" name=\"sdfootnote3sym\" href=\"#sdfootnote3anc\">3<\/a> Un sondage du Messager sur internet vient de donner 41,1% pour une \tfusion et 58,9% contre sur 1691 r\u00e9ponses.<\/p>\n<p class=\"sdfootnote\">\u00a0<\/p>\n<p class=\"sdfootnote\">{jcomments on}<\/p>\n<\/div>\n","protected":false},"excerpt":{"rendered":"<p>L\u2019hebdomadaire Le Messager du 28 mars consacre une demi-page \u00e0 la fusion des d\u00e9partements sous le titre \u00ab\u00a0Pourquoi unir Savoie et Haute-Savoie\u00a0?\u00a0\u00bb, en faisant \u00e9tat des d\u00e9clarations du pr\u00e9sident du Conseil g\u00e9n\u00e9ral de Haute-Savoie (CG74), du pr\u00e9sident de la Chambre de commerce et d\u2019industrie de Haute-Savoie (CCI 74), du pr\u00e9sident de la Chambre des m\u00e9tiers &#8230; <a title=\"Mont\u00e9e en temp\u00e9rature pour la fusion 73+74=1\" class=\"read-more\" href=\"https:\/\/sabaudia-mrs.org\/index.php\/2013\/04\/03\/montee-en-temperature-pour-la-fusion-73741\/\" aria-label=\"En savoir plus sur Mont\u00e9e en temp\u00e9rature pour la fusion 73+74=1\">Lire la suite<\/a><\/p>\n","protected":false},"author":1,"featured_media":89,"comment_status":"open","ping_status":"open","sticky":false,"template":"","format":"standard","meta":{"footnotes":""},"categories":[47],"tags":[],"class_list":["post-90","post","type-post","status-publish","format-standard","has-post-thumbnail","hentry","category-rassemblement-73-74"],"_links":{"self":[{"href":"https:\/\/sabaudia-mrs.org\/index.php\/wp-json\/wp\/v2\/posts\/90","targetHints":{"allow":["GET"]}}],"collection":[{"href":"https:\/\/sabaudia-mrs.org\/index.php\/wp-json\/wp\/v2\/posts"}],"about":[{"href":"https:\/\/sabaudia-mrs.org\/index.php\/wp-json\/wp\/v2\/types\/post"}],"author":[{"embeddable":true,"href":"https:\/\/sabaudia-mrs.org\/index.php\/wp-json\/wp\/v2\/users\/1"}],"replies":[{"embeddable":true,"href":"https:\/\/sabaudia-mrs.org\/index.php\/wp-json\/wp\/v2\/comments?post=90"}],"version-history":[{"count":0,"href":"https:\/\/sabaudia-mrs.org\/index.php\/wp-json\/wp\/v2\/posts\/90\/revisions"}],"wp:featuredmedia":[{"embeddable":true,"href":"https:\/\/sabaudia-mrs.org\/index.php\/wp-json\/wp\/v2\/media\/89"}],"wp:attachment":[{"href":"https:\/\/sabaudia-mrs.org\/index.php\/wp-json\/wp\/v2\/media?parent=90"}],"wp:term":[{"taxonomy":"category","embeddable":true,"href":"https:\/\/sabaudia-mrs.org\/index.php\/wp-json\/wp\/v2\/categories?post=90"},{"taxonomy":"post_tag","embeddable":true,"href":"https:\/\/sabaudia-mrs.org\/index.php\/wp-json\/wp\/v2\/tags?post=90"}],"curies":[{"name":"wp","href":"https:\/\/api.w.org\/{rel}","templated":true}]}}