{"id":891,"date":"2022-08-30T21:02:52","date_gmt":"2022-08-30T19:02:52","guid":{"rendered":"http:\/\/savoue.patoue.fr\/2022\/08\/30\/27eme-universite-d-ete-de-regions-et-peuples-solidaires-a-aix-les-bains\/"},"modified":"2022-08-30T21:02:52","modified_gmt":"2022-08-30T19:02:52","slug":"27eme-universite-d-ete-de-regions-et-peuples-solidaires-a-aix-les-bains","status":"publish","type":"post","link":"https:\/\/sabaudia-mrs.org\/index.php\/2022\/08\/30\/27eme-universite-d-ete-de-regions-et-peuples-solidaires-a-aix-les-bains\/","title":{"rendered":"R\u00e9sum\u00e9 de la 27\u00e8me universit\u00e9 d&rsquo;\u00e9t\u00e9 de R\u00e9gions et Peuples Solidaires \u00e0 Aix-Les-Bains"},"content":{"rendered":"<p><em>Le <em>mouvement <\/em>SABAUDIA &#8211; MRS est heureux d\u2019avoir accueilli pour nos 50 ans, l\u2019Universit\u00e9 d\u2019\u00e9t\u00e9 de la f\u00e9d\u00e9ration R\u00e9gions et Peuples Solidaires du jeudi 25 au dimanche 28 ao\u00fbt 2022 \u00e0 Aix-les-Bains, organis\u00e9e aussi avec l\u2019Alliance Libre Europ\u00e9enne.<\/em><\/p>\n<p><!--more--><\/p>\n<p>Nous avons eu le plaisir de recevoir nos amis de Corse, de Bretagne, d\u2019Alsace, d\u2019Occitanie, de Catalogne, du Pays Basque, de Moselle et d\u2019ailleurs, une centaine de participants chaque jour. Et remercions pour leur tr\u00e8s grande qualit\u00e9 d\u2019intervention et les participations tr\u00e8s appr\u00e9ci\u00e9es de Lorena L\u00f3pez de Lacalle, Fran\u00e7ois ALFONSI, JEAN-Felix ACQUAVIVA, Paul MOLAC, Chantal CERTAN, Anne BACHMANN, St\u00e9phane LINOU.<\/p>\n<p>Nous remercions tous les participants et les intervenants qui ont contribu\u00e9s \u00e0 l\u2019organisation et \u00e0 la richesse des d\u00e9bats de ce week-end de rencontre.<\/p>\n<p>Ces 4 jours ont d\u00e9but\u00e9 par un moment convivial lors de la visite culturelle de l\u2019Abbaye d\u2019Hautecombe, anim\u00e9 par Rodolphe GUILHOT, dans ce lieu historique de la Savoie dont nous sommes tr\u00e8s attach\u00e9s et avons eu le plaisir \u00e0 faire d\u00e9couvrir. La journ\u00e9e s&rsquo;est prolong\u00e9e par le visionnage du film de Thomas Lacoste \u00ab L\u2019hypoth\u00e8se d\u00e9mocratique \u00bb.<\/p>\n<p>Un tr\u00e8s bon article du Dauphin\u00e9 lors de l&rsquo;ouverture de l&rsquo;universit\u00e9 d&rsquo;\u00e9t\u00e9, rappelle les objectifs que nous portons en commun pour notre territoire et les territoires de l&rsquo;Hexagone dans le respect et la reconnaissance des sp\u00e9cificit\u00e9s de chacun, \u00e0 l&rsquo;oppos\u00e9 des m\u00e9ga-r\u00e9gions.<\/p>\n<p>&nbsp;<\/p>\n<p>Les 3 jours suivants ont \u00e9t\u00e9 consacr\u00e9s aux tables rondes et conf\u00e9rences sur les grands sujets d\u2019avenir en commun.<\/p>\n<p>Vous pouvez en prendre connaissance si vous le souhaitez par les liens des vid\u00e9os ci-dessous :<\/p>\n<ul>\n<li><strong>L\u2019autonomie pour les ressources vitales (eau, alimentation, \u00e9nergies,..)<\/strong><\/li>\n<\/ul>\n<p><a href=\"https:\/\/fb.watch\/fdAu9lQez-\/\" target=\"_blank\" rel=\"noopener\">https:\/\/fb.watch\/fdAu9lQez-\/<\/a><\/p>\n<p><em>Avec les interventions de St\u00e9phane LINOU (Formateur \u00e0 l\u2019institut sup\u00e9rieur des \u00e9lus, ancien Conseiller d\u00e9partemental de l\u2019Aude), Fran\u00e7ois ALFONSI (Eurod\u00e9put\u00e9 ALE), de Chantal CERTAN (ancienne Conseill\u00e8re r\u00e9gionale et Assesseur \u00e0 l\u2019\u00e9ducation de la r\u00e9gion autonome de la vall\u00e9e d\u2019Aoste), Laurent Blondaz (Pr\u00e9sident MRS)<\/em><\/p>\n<p>&nbsp;<\/p>\n<ul>\n<li><strong>Vivre, travailler et se loger au pays.<\/strong><\/li>\n<\/ul>\n<p><a href=\"https:\/\/fb.watch\/fdAD1dR2zW\/\" target=\"_blank\" rel=\"noopener\">https:\/\/fb.watch\/fdAD1dR2zW\/<\/a><\/p>\n<p><em>Avec la pr\u00e9sentation de la loi sur les r\u00e9sidences secondaires en Suisse par Anne BACHMANN de la Fondation Franz WEBER et celles de RPS et Jean-Felix ACQUAVIVA (D\u00e9put\u00e9 corse Femu a Corsica), William Girard-Desprolet MRS, Lydie Massard Union D\u00e9mocratique Bretagne, Nicolas Blain d\u2019EH Bai.<\/em><\/p>\n<p>&nbsp;<\/p>\n<ul>\n<li><strong>L\u2019essor du r\u00e9gionalisme dans le contexte fran\u00e7ais et europ\u00e9en.<\/strong><\/li>\n<\/ul>\n<p><a href=\"http:\/\/sabaudr.cluster028.hosting.ovh.net\/wp-content\/uploads\/2022\/08\/IMG_20220827_104455.jpg\" target=\"_blank\" rel=\"noopener\"><img loading=\"lazy\" decoding=\"async\" src=\"http:\/\/sabaudr.cluster028.hosting.ovh.net\/wp-content\/uploads\/2022\/08\/IMG_20220827_104455.jpg\" alt=\"IMG 20220827 104455\" width=\"300\" height=\"225\" style=\"margin: 5px; float: right;\" \/><\/a><\/p>\n<p><a href=\"https:\/\/fb.watch\/fdATCdnoKI\/\" target=\"_blank\" rel=\"noopener\">https:\/\/fb.watch\/fdATCdnoKI\/<\/a><\/p>\n<p><em>Expos\u00e9 par Lorena L\u00f3pez de Lacalle (Pr\u00e9sidente de l\u2019European Free Alliance), Jean-Felix ACQUAVIVA et Paul MOLAC (D\u00e9put\u00e9s R\u00e9gions et Peuples Solidaires du groupe LIOT Libert\u00e9s, Ind\u00e9pendants, Outre-mer et Territoires).<\/em><\/p>\n<p>Sujets pr\u00e9occupants d\u2019actualit\u00e9s de notre soci\u00e9t\u00e9 et pour lesquels nous souhaitons apporter des solutions adapt\u00e9es pour chaque territoire lors de r\u00e9formes dans le cadre de la d\u00e9centralisation avec pour objectif une d\u00e9mocratie directe et un Etat f\u00e9d\u00e9ral sur le mod\u00e8le des cantons suisses dans lesquels la d\u00e9mocratie et l\u2019autonomie sont tr\u00e8s aboutis.<\/p>\n<p>&nbsp;<\/p>\n<p>Nous f\u00e9licitons Fran\u00e7ois ALFONSI pour cette nouvelle pr\u00e9sidence de R\u00e9gions et Peuples Solidaires ainsi que tous les nouveaux membres du bureau et la cr\u00e9ation du r\u00e9seau jeunes RPS. Nous invitons tous les jeunes de Savoie soucieux de leur territoire, \u00e0 vous rapprocher de L\u00e9a FERRANDI r\u00e9f\u00e9rente de la branche jeunesse pour le mouvement SABAUDIA.<\/p>\n<p>&nbsp;<\/p>\n<p>Pour le mouvement Sabaudia &#8211; MRS<br \/>\nV\u00e9ronique BOUVIER<\/p>\n<p>&nbsp;<\/p>\n<p>Nous avons rassembl\u00e9 une s\u00e9rie de photographies, disponible au lien suivant (merci aux diff\u00e9rents contributeurs) :<\/p>\n<p><a href=\"https:\/\/drive.google.com\/drive\/folders\/1SErYIsITl3W2IiqYKwNDI3DM9waUiEMY?usp=sharing\" target=\"_blank\" rel=\"noopener\">https:\/\/drive.google.com\/drive\/folders\/1SErYIsITl3W2IiqYKwNDI3DM9waUiEMY?usp=sharing<\/a><\/p>\n","protected":false},"excerpt":{"rendered":"<p>Le mouvement SABAUDIA &#8211; MRS est heureux d\u2019avoir accueilli pour nos 50 ans, l\u2019Universit\u00e9 d\u2019\u00e9t\u00e9 de la f\u00e9d\u00e9ration R\u00e9gions et Peuples Solidaires du jeudi 25 au dimanche 28 ao\u00fbt 2022 \u00e0 Aix-les-Bains, organis\u00e9e aussi avec l\u2019Alliance Libre Europ\u00e9enne.<\/p>\n","protected":false},"author":1,"featured_media":890,"comment_status":"open","ping_status":"open","sticky":false,"template":"","format":"standard","meta":{"footnotes":""},"categories":[23],"tags":[214,222,233],"class_list":["post-891","post","type-post","status-publish","format-standard","has-post-thumbnail","hentry","category-journees-dete-raps-2013","tag-rencontres","tag-rps","tag-universite-dete"],"_links":{"self":[{"href":"https:\/\/sabaudia-mrs.org\/index.php\/wp-json\/wp\/v2\/posts\/891","targetHints":{"allow":["GET"]}}],"collection":[{"href":"https:\/\/sabaudia-mrs.org\/index.php\/wp-json\/wp\/v2\/posts"}],"about":[{"href":"https:\/\/sabaudia-mrs.org\/index.php\/wp-json\/wp\/v2\/types\/post"}],"author":[{"embeddable":true,"href":"https:\/\/sabaudia-mrs.org\/index.php\/wp-json\/wp\/v2\/users\/1"}],"replies":[{"embeddable":true,"href":"https:\/\/sabaudia-mrs.org\/index.php\/wp-json\/wp\/v2\/comments?post=891"}],"version-history":[{"count":0,"href":"https:\/\/sabaudia-mrs.org\/index.php\/wp-json\/wp\/v2\/posts\/891\/revisions"}],"wp:featuredmedia":[{"embeddable":true,"href":"https:\/\/sabaudia-mrs.org\/index.php\/wp-json\/wp\/v2\/media\/890"}],"wp:attachment":[{"href":"https:\/\/sabaudia-mrs.org\/index.php\/wp-json\/wp\/v2\/media?parent=891"}],"wp:term":[{"taxonomy":"category","embeddable":true,"href":"https:\/\/sabaudia-mrs.org\/index.php\/wp-json\/wp\/v2\/categories?post=891"},{"taxonomy":"post_tag","embeddable":true,"href":"https:\/\/sabaudia-mrs.org\/index.php\/wp-json\/wp\/v2\/tags?post=891"}],"curies":[{"name":"wp","href":"https:\/\/api.w.org\/{rel}","templated":true}]}}