{"id":884,"date":"2022-03-26T15:27:04","date_gmt":"2022-03-26T14:27:04","guid":{"rendered":"http:\/\/savoue.patoue.fr\/2022\/03\/26\/sabaudia-un-mouvement-nouveau-pour-le-sursaut-des-populations-de-la-savoie\/"},"modified":"2022-03-26T15:27:04","modified_gmt":"2022-03-26T14:27:04","slug":"sabaudia-un-mouvement-nouveau-pour-le-sursaut-des-populations-de-la-savoie","status":"publish","type":"post","link":"https:\/\/sabaudia-mrs.org\/index.php\/2022\/03\/26\/sabaudia-un-mouvement-nouveau-pour-le-sursaut-des-populations-de-la-savoie\/","title":{"rendered":"SABAUDIA : un mouvement nouveau pour le sursaut des populations de la Savoie"},"content":{"rendered":"<p><em>Le Mouvement R\u00e9gion Savoie et 100% Savoie lancent leur label pour les prochaines l\u00e9gislatives<\/em><\/p>\n<p><!--more--><\/p>\n<p>D\u2019ann\u00e9e en ann\u00e9e, la Savoie est de plus en plus financiaris\u00e9e. Jamais elle n\u2019a \u00e9t\u00e9 autant malmen\u00e9e par une urbanisation outranci\u00e8re et destructrice. On y construit \u00e0 tout va. Pour autant, les prix de l\u2019immobilier sont toujours au plus haut. Les familles sont spoli\u00e9es par des droits de succession exorbitants. Le co\u00fbt de la vie y est extr\u00eame. Il m\u00e8ne \u00e0 d\u2019\u00e9normes difficult\u00e9s.. Salari\u00e9s, fonctionnaires ou professions lib\u00e9rales, de nombreuses personnes ne vivent plus dignement. Sant\u00e9, \u00e9cole, justice\u2026 les services publics fonctionnent en mode d\u00e9grad\u00e9. Certains territoires sont de v\u00e9ritables d\u00e9serts m\u00e9dicaux. Au milieu de ces crises provoqu\u00e9es, accentu\u00e9es par un hyper-centralisme propre \u00e0 la France, comment construire sereinement un avenir durable, respectant notre environnement, nos terres agricoles et p\u00e9rennisant nos emplois, notre qualit\u00e9 de vie, notre identit\u00e9 ?<\/p>\n<p><strong><img loading=\"lazy\" decoding=\"async\" class=\" alignright size-full wp-image-882\" src=\"http:\/\/sabaudr.cluster028.hosting.ovh.net\/wp-content\/uploads\/2022\/03\/Sabaudia_1.jpg\" alt=\"Sabaudia 1\" width=\"400\" height=\"284\" style=\"margin: 10px; float: right;\" srcset=\"https:\/\/sabaudia-mrs.org\/wp-content\/uploads\/2022\/03\/Sabaudia_1.jpg 900w, https:\/\/sabaudia-mrs.org\/wp-content\/uploads\/2022\/03\/Sabaudia_1-300x213.jpg 300w, https:\/\/sabaudia-mrs.org\/wp-content\/uploads\/2022\/03\/Sabaudia_1-768x545.jpg 768w\" sizes=\"auto, (max-width: 400px) 100vw, 400px\" \/>Nous nous engageons pour une autonomie de plein droit et de plein exercice pour la Savoie !<\/strong><br \/> R\u00e9unis \u00e0 H\u00e9ry-sur-Alby le week-end dernier, nous sommes des citoyennes et citoyens de Savoie, futurs candidates et candidats \u00e0 avoir sign\u00e9 la charte de valeurs communes de notre nouveau mouvement : Sabaudia. Nous serons pr\u00e9sents aux prochaines \u00e9lections l\u00e9gislatives des 12 et 19 juin 2022 sur au moins 5 des 10 circonscriptions des Pays de Savoie, avec le soutien des deux formations s\u2019impliquant pour l\u2019\u00e9mancipation de la Savoie : le Mouvement R\u00e9gion Savoie et 100% Savoie. Nous nous adressons \u00e0 l\u2019ensemble de la population, d\u2019origine ou n\u00e9o-arrivante, pour d\u00e9fendre le bien-\u00eatre des populations de la Savoie et celui des g\u00e9n\u00e9rations futures.<\/p>\n<p>Notre objectif pour ces \u00e9lections : montrer toute l\u2019utilit\u00e9 d\u2019une autonomie de plein droit et de plein exercice pour la Savoie. Notre territoire dispose de nombreuses sp\u00e9cificit\u00e9s : historiques, g\u00e9ographiques, \u00e9conomiques, frontali\u00e8res, culturelles\u2026 un statut sp\u00e9cifique est \u00e0 la fois l\u00e9gitime et n\u00e9cessaire.<\/p>\n<p><strong>Un projet d\u00e9mocratique r\u00e9aliste, largement exp\u00e9riment\u00e9 dans d\u2019autres pays d\u2019Europe<\/strong><br \/> Nous avons besoin de v\u00e9ritables politiques con\u00e7ues d\u00e9mocratiquement \u00e0 l\u2019\u00e9chelon local. Cela n\u2019a rien d\u2019utopique : des pays f\u00e9d\u00e9raux comme la Suisse, l\u2019Allemagne, l\u2019Autriche, la Belgique, disposent d\u2019assembl\u00e9es l\u00e9gislatives r\u00e9gionales. Cette forme d\u2019autonomie dans un esprit f\u00e9d\u00e9ral est ce que nous revendiquons pour la Savoie.<\/p>\n<p>Nos amis de Corse ont \u00e9lu en 2017 trois d\u00e9put\u00e9s autonomistes sur quatre. La Bretagne en dispose d\u2019un aussi \u00e0 ce jour. Ils ont \u0153uvr\u00e9 ces cinq derni\u00e8res ann\u00e9es en totale ind\u00e9pendance des partis nationaux fran\u00e7ais, au sein du groupe parlementaire \u00ab Libert\u00e9s et Territoires \u00bb. Nous marcherons dans leurs pas car plus que jamais, nos libert\u00e9s et nos territoires doivent \u00eatre d\u00e9fendus !<\/p>\n<p><strong>Porter haut nos valeurs<\/strong><br \/> La libert\u00e9, le droit des peuples \u00e0 disposer d\u2019eux-m\u00eames, le respect des cultures, des territoires, de notre environnement, ainsi que la d\u00e9mocratie, sont des principes fondamentaux indispensables pour vivre dans un monde stable, apais\u00e9 et durable. L\u2019actualit\u00e9 nous rappelle combien ces valeurs sont d\u2019une importance majeure, nous souhaitons les r\u00e9affirmer, dans cette Savoie que nous portons dans notre c\u0153ur, et dans un esprit d\u2019entente et de coop\u00e9ration entre tous les peuples de l\u2019Hexagone et de l\u2019Europe.<\/p>\n<p><img loading=\"lazy\" decoding=\"async\" class=\" alignright size-full wp-image-883\" src=\"http:\/\/sabaudr.cluster028.hosting.ovh.net\/wp-content\/uploads\/2022\/03\/Sabaudia_2.jpg\" alt=\"Sabaudia 2\" width=\"400\" height=\"284\" style=\"margin: 10px; float: right;\" srcset=\"https:\/\/sabaudia-mrs.org\/wp-content\/uploads\/2022\/03\/Sabaudia_2.jpg 900w, https:\/\/sabaudia-mrs.org\/wp-content\/uploads\/2022\/03\/Sabaudia_2-300x213.jpg 300w, https:\/\/sabaudia-mrs.org\/wp-content\/uploads\/2022\/03\/Sabaudia_2-768x545.jpg 768w\" sizes=\"auto, (max-width: 400px) 100vw, 400px\" \/>Nous invitons les femmes et les hommes sensibles aux questions soulev\u00e9es ici, \u00e0 nous rejoindre, \u00e0 s\u2019engager et soutenir notre d\u00e9marche. Nous avons besoin du plus grand nombre pour susciter le sursaut de la Savoie.<\/p>\n<p>&nbsp;<\/p>\n<p>Contact presse :<br \/>Laurent Blondaz<br \/>06 72 52 98 93<br \/><a href=\"mailto:Mouvement.Sabaudia@gmail.com\">Mouvement.Sabaudia@gmail.com<\/a><\/p>\n<p>&nbsp;<\/p>\n<p>Communiqu\u00e9 complet et charte de valeurs : <a href=\"https:\/\/drive.google.com\/file\/d\/17aIXfn8miTAItYIyn9BzNpAnaAS8lzdO\/view?usp=sharing\" target=\"_blank\" rel=\"noopener\">https:\/\/drive.google.com\/file\/d\/17aIXfn8miTAItYIyn9BzNpAnaAS8lzdO\/view?usp=sharing<\/a><\/p>\n","protected":false},"excerpt":{"rendered":"<p>Le Mouvement R\u00e9gion Savoie et 100% Savoie lancent leur label pour les prochaines l\u00e9gislatives<\/p>\n","protected":false},"author":1,"featured_media":882,"comment_status":"open","ping_status":"open","sticky":false,"template":"","format":"standard","meta":{"footnotes":""},"categories":[61],"tags":[],"class_list":["post-884","post","type-post","status-publish","format-standard","has-post-thumbnail","hentry","category-actualite-politique-en-savoie"],"_links":{"self":[{"href":"https:\/\/sabaudia-mrs.org\/index.php\/wp-json\/wp\/v2\/posts\/884","targetHints":{"allow":["GET"]}}],"collection":[{"href":"https:\/\/sabaudia-mrs.org\/index.php\/wp-json\/wp\/v2\/posts"}],"about":[{"href":"https:\/\/sabaudia-mrs.org\/index.php\/wp-json\/wp\/v2\/types\/post"}],"author":[{"embeddable":true,"href":"https:\/\/sabaudia-mrs.org\/index.php\/wp-json\/wp\/v2\/users\/1"}],"replies":[{"embeddable":true,"href":"https:\/\/sabaudia-mrs.org\/index.php\/wp-json\/wp\/v2\/comments?post=884"}],"version-history":[{"count":0,"href":"https:\/\/sabaudia-mrs.org\/index.php\/wp-json\/wp\/v2\/posts\/884\/revisions"}],"wp:featuredmedia":[{"embeddable":true,"href":"https:\/\/sabaudia-mrs.org\/index.php\/wp-json\/wp\/v2\/media\/882"}],"wp:attachment":[{"href":"https:\/\/sabaudia-mrs.org\/index.php\/wp-json\/wp\/v2\/media?parent=884"}],"wp:term":[{"taxonomy":"category","embeddable":true,"href":"https:\/\/sabaudia-mrs.org\/index.php\/wp-json\/wp\/v2\/categories?post=884"},{"taxonomy":"post_tag","embeddable":true,"href":"https:\/\/sabaudia-mrs.org\/index.php\/wp-json\/wp\/v2\/tags?post=884"}],"curies":[{"name":"wp","href":"https:\/\/api.w.org\/{rel}","templated":true}]}}