{"id":881,"date":"2022-03-11T20:06:29","date_gmt":"2022-03-11T19:06:29","guid":{"rendered":"http:\/\/savoue.patoue.fr\/2022\/03\/11\/les-conseillers-departementaux-74-veulent-ils-la-peau-du-conseil-savoie-mont-blanc\/"},"modified":"2022-03-11T20:06:29","modified_gmt":"2022-03-11T19:06:29","slug":"les-conseillers-departementaux-74-veulent-ils-la-peau-du-conseil-savoie-mont-blanc","status":"publish","type":"post","link":"https:\/\/sabaudia-mrs.org\/index.php\/2022\/03\/11\/les-conseillers-departementaux-74-veulent-ils-la-peau-du-conseil-savoie-mont-blanc\/","title":{"rendered":"Les conseillers d\u00e9partementaux 74 veulent-ils la peau du conseil Savoie Mont-Blanc ?"},"content":{"rendered":"<p>Lors de la derni\u00e8re s\u00e9ance du conseil Savoie-Mont-Blanc du 4 mars 2022, plusieurs m\u00e9dias ont soulign\u00e9 une absence de vision et de volont\u00e9 communes, tenues notamment par les conseillers d\u00e9partementaux 74. Les deux pr\u00e9sidents ont annonc\u00e9 l\u2019organisation prochaine d\u2019un d\u00e9bat interne sur l\u2019avenir de cet organe commun aux d\u00e9partements 73 et 74.<\/p>\n<p><!--more--><\/p>\n<p>Le Mouvement R\u00e9gion Savoie exprime son \u00e9moi et sa vive inqui\u00e9tude au sujet du d\u00e9mant\u00e8lement possible de cet \u00e9tablissement public, mis au service des Savoyards depuis vingt et un ans d\u00e9sormais.<\/p>\n<p>Nos repr\u00e9sentants sont-ils sur le point \u00ab de jeter le b\u00e9b\u00e9 avec l\u2019eau du bain \u00bb ? Ont-ils conscience des nombreux services qu\u2019a pu faire \u00e9merger cette entente bi-d\u00e9partementale : le d\u00e9veloppement de l\u2019universit\u00e9 de Savoie, la politique touristique autour de la marque \u00ab Savoie Mont-Blanc \u00bb, les politiques culturelles, agricoles, nos labels, AOP, marque Savoie&#8230; ?<\/p>\n<p>Vont-ils tirer un trait sur tout ce qu\u2019il y aurait encore \u00e0 d\u00e9velopper conjointement ?<br \/>\nPour ne citer que quelques exemples :<br \/>\n&#8211; Politique sanitaire : le projet d\u2019un Centre Hospitalier Universitaire (CHU), indispensable d\u00e9sormais pour les 1,3 millions d\u2019habitants des Pays de Savoie, sera-t-il remis aux calendes grecques ?<br \/>\n&#8211; Politique de transports et lutte contre la pollution : n\u2019avons-nous pas int\u00e9r\u00eat \u00e0 r\u00e9clamer conjointement le renforcement des dessertes ferroviaires en direction de la Savoie et d\u00e9velopper les projets qui nous correspondent ?<br \/>\n&#8211; \u00c9nergies : A l&rsquo;heure o\u00f9 l\u2019\u00c9tat s\u2019appr\u00eate \u00e0 redistribuer les concessions de production \u00e9lectriques, ne devons-nous pas nous unir pour d\u00e9velopper une activit\u00e9 savoyarde publique, \u00e0 l\u2019image de la compagnie vald\u00f4taine des eaux (CVE) d\u00e9tenue \u00e0 100% par la r\u00e9gion autonome voisine de la vall\u00e9e d\u2019Aoste ?<br \/>\n&#8211; N\u2019est-il pas dans notre int\u00e9r\u00eat de d\u00e9fendre une politique transfrontali\u00e8re conjointe ? De renforcer notre compl\u00e9mentarit\u00e9 \u00e9conomique ? De s\u2019unir pour faire reconna\u00eetre les difficult\u00e9s de vie sp\u00e9cifiques de nos concitoyens : logement en territoire touristique et frontalier, surco\u00fbt des transports et du chauffage en territoire de montagne ? De renforcer notre identit\u00e9 culturelle, qui rappelons-le, est un de nos atouts majeurs aussi bien sur le plan touristique que sur celui de notre qualit\u00e9 de vie ?<\/p>\n<p>Dans cette p\u00e9riode o\u00f9 les revendications d\u00e9mocratiques sont fortes et r\u00e9currentes, nous appelons les \u00e9lus des deux d\u00e9partements \u00e0 ouvrir ce d\u00e9bat \u00e0 l\u2019ensemble de la population. Plut\u00f4t que de limiter leurs pr\u00e9rogatives \u00e0 la fronti\u00e8re de leur canton, nous les invitons \u00e0 prendre leur enti\u00e8re responsabilit\u00e9 au sein de ce formidable \u00e9cosyst\u00e8me \u00e9conomique et culturel que repr\u00e9sentent les Pays de Savoie. Ce sujet est trop important pour qu\u2019il soit noy\u00e9 en catimini dans les tourbillons des intrigues politiques locales et r\u00e9gionales.<\/p>\n<p>Alors que l\u2019Alsace et la Corse ont su se doter d\u2019un statut de collectivit\u00e9 territoriale unique renfor\u00e7ant leurs comp\u00e9tences, la Savoie doit-elle continuer \u00e0 errer dans l\u2019individualisme et la d\u00e9sunion ?<\/p>\n<p>&nbsp;<\/p>\n<p>&nbsp;<\/p>\n","protected":false},"excerpt":{"rendered":"<p>Lors de la derni\u00e8re s\u00e9ance du conseil Savoie-Mont-Blanc du 4 mars 2022, plusieurs m\u00e9dias ont soulign\u00e9 une absence de vision et de volont\u00e9 communes, tenues notamment par les conseillers d\u00e9partementaux 74. Les deux pr\u00e9sidents ont annonc\u00e9 l\u2019organisation prochaine d\u2019un d\u00e9bat interne sur l\u2019avenir de cet organe commun aux d\u00e9partements 73 et 74.<\/p>\n","protected":false},"author":1,"featured_media":1037,"comment_status":"open","ping_status":"open","sticky":false,"template":"","format":"standard","meta":{"footnotes":""},"categories":[61],"tags":[],"class_list":["post-881","post","type-post","status-publish","format-standard","has-post-thumbnail","hentry","category-actualite-politique-en-savoie"],"_links":{"self":[{"href":"https:\/\/sabaudia-mrs.org\/index.php\/wp-json\/wp\/v2\/posts\/881","targetHints":{"allow":["GET"]}}],"collection":[{"href":"https:\/\/sabaudia-mrs.org\/index.php\/wp-json\/wp\/v2\/posts"}],"about":[{"href":"https:\/\/sabaudia-mrs.org\/index.php\/wp-json\/wp\/v2\/types\/post"}],"author":[{"embeddable":true,"href":"https:\/\/sabaudia-mrs.org\/index.php\/wp-json\/wp\/v2\/users\/1"}],"replies":[{"embeddable":true,"href":"https:\/\/sabaudia-mrs.org\/index.php\/wp-json\/wp\/v2\/comments?post=881"}],"version-history":[{"count":0,"href":"https:\/\/sabaudia-mrs.org\/index.php\/wp-json\/wp\/v2\/posts\/881\/revisions"}],"wp:featuredmedia":[{"embeddable":true,"href":"https:\/\/sabaudia-mrs.org\/index.php\/wp-json\/wp\/v2\/media\/1037"}],"wp:attachment":[{"href":"https:\/\/sabaudia-mrs.org\/index.php\/wp-json\/wp\/v2\/media?parent=881"}],"wp:term":[{"taxonomy":"category","embeddable":true,"href":"https:\/\/sabaudia-mrs.org\/index.php\/wp-json\/wp\/v2\/categories?post=881"},{"taxonomy":"post_tag","embeddable":true,"href":"https:\/\/sabaudia-mrs.org\/index.php\/wp-json\/wp\/v2\/tags?post=881"}],"curies":[{"name":"wp","href":"https:\/\/api.w.org\/{rel}","templated":true}]}}