{"id":874,"date":"2021-10-01T20:45:56","date_gmt":"2021-10-01T18:45:56","guid":{"rendered":"http:\/\/savoue.patoue.fr\/2021\/10\/01\/militez-en-pleine-conscience\/"},"modified":"2021-10-01T20:45:56","modified_gmt":"2021-10-01T18:45:56","slug":"militez-en-pleine-conscience","status":"publish","type":"post","link":"https:\/\/sabaudia-mrs.org\/index.php\/2021\/10\/01\/militez-en-pleine-conscience\/","title":{"rendered":"Militez en pleine conscience !"},"content":{"rendered":"<p>Le Mouvement R\u00e9gion Savoie poursuit depuis presque cinquante ans son objectif principal de promouvoir une institution autonome, s\u2019inscrivant dans des \u00e9changes europ\u00e9ens, r\u00e9pondant aux multiples sp\u00e9cificit\u00e9s du territoire et s\u2019appuyant sur les richesses culturelles et historiques que porte le peuple de la Savoie.<\/p>\n<p><!--more--><\/p>\n<p>Au-del\u00e0 de cet objectif premier, le MRS est devenu aussi un lieu de r\u00e9flexion pour l\u2019av\u00e8nement d\u2019une r\u00e9elle d\u00e9mocratie en Savoie, pour une soci\u00e9t\u00e9 \u00e9panouie et bienveillante, consciente de ses richesses culturelles et historiques, souscrivant \u00e0 un d\u00e9veloppement soutenable de son \u00e9conomie, et respectueuse de son environnement.<\/p>\n<p>Nous \u0153uvrons pour que les diff\u00e9rentes initiatives savoisiennes, savoyardes (peu importe le mot), autonomistes ou ind\u00e9pendantistes communiquent entre elles, respectent leurs diff\u00e9rences et s\u2019entendent autour de valeurs communes. Ainsi nous avons initi\u00e9 et sign\u00e9 en 2017 la charte d\u2019entente d\u2019Annecy avec quatre autres mouvements : 100% Savoie, D\u00e9l\u00e9gation aux affaires savoisiennes, Conf\u00e9d\u00e9ration Savoisienne, Pour la Savoie. Nous maintenons aussi des \u00e9changes cordiaux et constructifs avec d\u2019autres rassemblements, comme le MCVS.<\/p>\n<p>Depuis une ann\u00e9e, une nouvelle composante politique \u00e9merge dans la sph\u00e8re savoisienne. Elle n\u2019aura \u00e9chapp\u00e9 \u00e0 personne, par une nouvelle d\u00e9claration d\u2019ind\u00e9pendance largement diffus\u00e9e par les m\u00e9dias parisiens. En faisant abstraction de certaines prises de positions tr\u00e8s discutables, nous sommes heureux de voir que ce mouvement sache d\u00e9velopper un engouement populaire, ce qui prouve qu\u2019il existe de profondes attentes en direction de l\u2019\u00e9mancipation du peuple de la Savoie (\u00ab peuple \u00bb \u00e0 prendre au sens le plus large du terme).<\/p>\n<p>N\u00e9anmoins, nous exprimons certaines r\u00e9serves. En particulier, nous nous devons d\u2019attirer l\u2019attention aupr\u00e8s de personnes dispos\u00e9es \u00e0 croire trop rapidement que la Savoie \u00ab serait d\u00e9sormais libre de toute relations et contraintes administratives avec la France \u00bb. Rien de nouveau \u00e0 cela. Ce ph\u00e9nom\u00e8ne a d\u00e9j\u00e0 \u00e9t\u00e9 observ\u00e9 dans la d\u00e9cennie pr\u00e9c\u00e9dente. Malheureusement, des personnes mal inform\u00e9es et abus\u00e9es par des avocats qui n\u2019en n\u2019\u00e9taient pas, se sont retrouv\u00e9es dans des situations juridiques d\u00e9licates : pertes financi\u00e8res importantes, pressions, casiers judiciaires\u2026 Ces personnes aujourd\u2019hui d\u00e9motiv\u00e9es ont cess\u00e9 toute implication en direction de l\u2019\u00e9mancipation de la Savoie.<\/p>\n<p>Si nous souffrons au quotidien des d\u00e9faillances, du centralisme, de l\u2019autoritarisme et de la d\u00e9rive grandissante de l\u2019Etat fran\u00e7ais, son administration demeure suffisamment puissante lorsqu\u2019il s\u2019agit d\u2019\u00e9craser certaines libert\u00e9s que des personnes pourraient prendre au motif que le trait\u00e9 de 1860 serait caduc.<\/p>\n<p>Nous d\u00e9plorons par ailleurs que cette nouvelle composante politique reprenne \u00e0 son compte les int\u00e9ressantes investigations juridiques de Jean de Pingon, sans jamais le citer, et en en faisant une mauvaise interpr\u00e9tation. Celles-ci ont mis en exergue avec une grande habilet\u00e9 une faille inattendue concernant le statut territorial de la Savoie en termes de droit international : l\u2019oubli de l\u2019Etat fran\u00e7ais en 1947, au lendemain de la seconde guerre mondiale, de mentionner \u00e0 l\u2019ONU, le maintien du statut d\u2019annexion de la Savoie et de Nice. Malheureusement, il est absurde, contre-productif et dangereux pour la population, d\u2019en tirer des conclusions h\u00e2tives et erron\u00e9es : aucun arr\u00eat\u00e9 juridique international n\u2019a \u00e0 ce jour stipul\u00e9 stricto sensu que la Savoie \u00e9tait lib\u00e9r\u00e9e de la France !<\/p>\n<p>Il est important que chaque personne voulant s\u2019investir pour une Savoie \u00e9mancip\u00e9e, le fasse sans volont\u00e9 de manipulation et dans le respect des autres initiatives prises. Un long chemin de r\u00e9appropriation culturelle et politique, et de construction d\u00e9mocratique est n\u00e9cessaire. Il n\u2019y aura pas de raccourci. Mais ce chemin est passionnant. Par l\u2019opini\u00e2tret\u00e9 qui est en nous, le peuple montagnard que nous sommes ouvrira de nouvelles voies, insoup\u00e7onn\u00e9es, attendant \u00e0 ce jour d\u2019\u00eatre d\u00e9couvertes. La Savoie nouvelle doit se construire sur les valeurs de la concorde alpine : respect, \u00e9changes, compr\u00e9hension, solidarit\u00e9, dans le plus grand esprit de l\u2019h\u00e9ritage sal\u00e9sien. Cette mise au point \u00e9tant faite, nous invitons toutes les personnes int\u00e9ress\u00e9es \u00e0 nous rejoindre, ou \u00e0 s\u2019investir dans le cercle qui lui convient, en toute conscience et bienveillance.<\/p>\n<p>Pour le Mouvement R\u00e9gion Savoie<br \/>Laurent Blondaz<\/p>\n","protected":false},"excerpt":{"rendered":"<p>Le Mouvement R\u00e9gion Savoie poursuit depuis presque cinquante ans son objectif principal de promouvoir une institution autonome, s\u2019inscrivant dans des \u00e9changes europ\u00e9ens, r\u00e9pondant aux multiples sp\u00e9cificit\u00e9s du territoire et s\u2019appuyant sur les richesses culturelles et historiques que porte le peuple de la Savoie.<\/p>\n","protected":false},"author":1,"featured_media":0,"comment_status":"open","ping_status":"open","sticky":false,"template":"","format":"standard","meta":{"footnotes":""},"categories":[86],"tags":[],"class_list":["post-874","post","type-post","status-publish","format-standard","hentry","category-mrs-et-politique"],"_links":{"self":[{"href":"https:\/\/sabaudia-mrs.org\/index.php\/wp-json\/wp\/v2\/posts\/874","targetHints":{"allow":["GET"]}}],"collection":[{"href":"https:\/\/sabaudia-mrs.org\/index.php\/wp-json\/wp\/v2\/posts"}],"about":[{"href":"https:\/\/sabaudia-mrs.org\/index.php\/wp-json\/wp\/v2\/types\/post"}],"author":[{"embeddable":true,"href":"https:\/\/sabaudia-mrs.org\/index.php\/wp-json\/wp\/v2\/users\/1"}],"replies":[{"embeddable":true,"href":"https:\/\/sabaudia-mrs.org\/index.php\/wp-json\/wp\/v2\/comments?post=874"}],"version-history":[{"count":0,"href":"https:\/\/sabaudia-mrs.org\/index.php\/wp-json\/wp\/v2\/posts\/874\/revisions"}],"wp:attachment":[{"href":"https:\/\/sabaudia-mrs.org\/index.php\/wp-json\/wp\/v2\/media?parent=874"}],"wp:term":[{"taxonomy":"category","embeddable":true,"href":"https:\/\/sabaudia-mrs.org\/index.php\/wp-json\/wp\/v2\/categories?post=874"},{"taxonomy":"post_tag","embeddable":true,"href":"https:\/\/sabaudia-mrs.org\/index.php\/wp-json\/wp\/v2\/tags?post=874"}],"curies":[{"name":"wp","href":"https:\/\/api.w.org\/{rel}","templated":true}]}}