{"id":866,"date":"2021-10-10T16:10:02","date_gmt":"2021-10-10T14:10:02","guid":{"rendered":"http:\/\/savoue.patoue.fr\/2021\/10\/10\/table-ronde-debat-l-autonomie-la-voie-a-suivre-pour-la-savoie\/"},"modified":"2021-10-10T16:10:02","modified_gmt":"2021-10-10T14:10:02","slug":"table-ronde-debat-l-autonomie-la-voie-a-suivre-pour-la-savoie","status":"publish","type":"post","link":"https:\/\/sabaudia-mrs.org\/index.php\/2021\/10\/10\/table-ronde-debat-l-autonomie-la-voie-a-suivre-pour-la-savoie\/","title":{"rendered":"Table Ronde &#8211; d\u00e9bat : L&rsquo;autonomie : la voie \u00e0 suivre pour la Savoie"},"content":{"rendered":"<p style=\"text-align: center;\"><span style=\"font-size: 14pt;\">A l&rsquo;occasion de son <strong>assembl\u00e9e g\u00e9n\u00e9rale<\/strong>, le <strong>Mouvement R\u00e9gion Savoie<\/strong> vous invite \u00e0 <strong>une rencontre et d\u00e9bats<\/strong>, <br \/>le <strong>dimanche 7 novembre<\/strong> 2021, \u00e0 la salle polyvalente de <strong>Menthonnex-en-Bornes<\/strong>.<\/span><\/p>\n<p><!--more--><\/p>\n<p style=\"text-align: center;\"><span style=\"font-size: 14pt;\">Accueil d\u00e8s 10h00. <br \/>Rencontre, Tables rondes, d\u00e9bat et moments conviviaux de 10h30 \u00e0 15h30<\/span><br \/><span style=\"font-family: arial black, avant garde; font-size: 18pt;\">L&rsquo;autonomie : la voie \u00e0 suivre pour la Savoie<\/span><br \/>Le centralisme \u00e0 la fran\u00e7aise n&rsquo;est-il pas la raison premi\u00e8re des insuffisances des politiques publiques dans l&rsquo;Hexagone ? Pourquoi est-il n\u00e9faste \u00e0 la solidarit\u00e9 entre les territoires ? Quel bilan des \u00ab\u00a0m\u00e9ga-r\u00e9gions\u00a0\u00bb cr\u00e9\u00e9es en 2017 ? La d\u00e9mocratie ne n\u00e9cessite-t-elle pas une autonomie de pens\u00e9e et d&rsquo;action dans chaque territoire ? Ne doit-elle pas se construire de selon un sch\u00e9ma ascendant ? Quelles formes d&rsquo;organisations (collectivit\u00e9 sp\u00e9cifique, r\u00e9gions autonomes, cantons helv\u00e9tiques) peuvent \u00eatre prises comme mod\u00e8le ? Quelles revendications pour la Savoie ?<\/p>\n<p>Nous recevrons :<\/p>\n<ul>\n<li><strong><span style=\"font-size: 14pt;\"><span style=\"font-family: arial black, avant garde;\">Chantal Certan<\/span>, ancienne conseill\u00e8re r\u00e9gionale et assesseur \u00e0 l\u2019\u00e9ducation de la r\u00e9gion autonome de la vall\u00e9e d\u2019Aoste.<\/span><\/strong>\n<\/li>\n<li style=\"font-weight: bold;\"><span style=\"font-size: 14pt;\"><span style=\"font-family: arial black, avant garde;\">Fabiana Giovannini<\/span>, Conseill\u00e8re territoriale de Corse (2010-2020), Conseill\u00e8re ex\u00e9cutive (2015-2017), R\u00e9dactrice en chef d&rsquo;Arritti, hebdomadaire autonomiste Corse.\n<p><\/span><\/li>\n<li style=\"font-weight: bold;\"><span style=\"font-size: 14pt;\"><span style=\"font-family: arial black, avant garde;\">Jean-Philippe Atzenhoffer<\/span>, \u00c9conomiste, Professeur \u00e0 l&rsquo;universit\u00e9 de Strasbourg, Auteur du livre \u00ab\u00a0le Grand Est, une aberration \u00e9conomique\u00a0\u00bb.\n<p><\/span><\/li>\n<li style=\"font-weight: bold;\"><span style=\"font-size: 14pt;\"><span style=\"font-family: arial black, avant garde;\">Philippe de Rougemont<\/span>, Conseiller municipal de la ville de Gen\u00e8ve.\n<p><\/span><\/li>\n<li style=\"font-weight: bold;\"><span style=\"font-size: 14pt;\"><span style=\"font-family: arial black, avant garde;\">Gilles Maistre<\/span>, Maire d&rsquo;Entremont de 1989 \u00e0 2014.<\/span><\/li>\n<\/ul>\n<p>&nbsp;<\/p>\n<p style=\"text-align: center;\">Entr\u00e9e libre. N&rsquo;h\u00e9sitez pas \u00e0 inviter votre entourage.<br \/>Merci de nous informer de votre venue.<\/p>\n<p style=\"text-align: center;\">R\u00e9union publique suivie d&rsquo;un ap\u00e9ritif &#8211; buffet froid<\/p>\n","protected":false},"excerpt":{"rendered":"<p>A l&rsquo;occasion de son assembl\u00e9e g\u00e9n\u00e9rale, le Mouvement R\u00e9gion Savoie vous invite \u00e0 une rencontre et d\u00e9bats, le dimanche 7 novembre 2021, \u00e0 la salle polyvalente de Menthonnex-en-Bornes.<\/p>\n","protected":false},"author":1,"featured_media":0,"comment_status":"open","ping_status":"open","sticky":false,"template":"","format":"standard","meta":{"footnotes":""},"categories":[51],"tags":[],"class_list":["post-866","post","type-post","status-publish","format-standard","hentry","category-reunions-publiques"],"_links":{"self":[{"href":"https:\/\/sabaudia-mrs.org\/index.php\/wp-json\/wp\/v2\/posts\/866","targetHints":{"allow":["GET"]}}],"collection":[{"href":"https:\/\/sabaudia-mrs.org\/index.php\/wp-json\/wp\/v2\/posts"}],"about":[{"href":"https:\/\/sabaudia-mrs.org\/index.php\/wp-json\/wp\/v2\/types\/post"}],"author":[{"embeddable":true,"href":"https:\/\/sabaudia-mrs.org\/index.php\/wp-json\/wp\/v2\/users\/1"}],"replies":[{"embeddable":true,"href":"https:\/\/sabaudia-mrs.org\/index.php\/wp-json\/wp\/v2\/comments?post=866"}],"version-history":[{"count":0,"href":"https:\/\/sabaudia-mrs.org\/index.php\/wp-json\/wp\/v2\/posts\/866\/revisions"}],"wp:attachment":[{"href":"https:\/\/sabaudia-mrs.org\/index.php\/wp-json\/wp\/v2\/media?parent=866"}],"wp:term":[{"taxonomy":"category","embeddable":true,"href":"https:\/\/sabaudia-mrs.org\/index.php\/wp-json\/wp\/v2\/categories?post=866"},{"taxonomy":"post_tag","embeddable":true,"href":"https:\/\/sabaudia-mrs.org\/index.php\/wp-json\/wp\/v2\/tags?post=866"}],"curies":[{"name":"wp","href":"https:\/\/api.w.org\/{rel}","templated":true}]}}