{"id":864,"date":"2021-06-18T23:12:07","date_gmt":"2021-06-18T21:12:07","guid":{"rendered":"http:\/\/savoue.patoue.fr\/2021\/06\/18\/soutiens-de-la-liste-girard-desprolet-palmier-dupassieux\/"},"modified":"2021-06-18T23:12:07","modified_gmt":"2021-06-18T21:12:07","slug":"soutiens-de-la-liste-girard-desprolet-palmier-dupassieux","status":"publish","type":"post","link":"https:\/\/sabaudia-mrs.org\/index.php\/2021\/06\/18\/soutiens-de-la-liste-girard-desprolet-palmier-dupassieux\/","title":{"rendered":"Soutiens de la liste Girard-Desprolet Palmier-Dupassieux"},"content":{"rendered":"<p>Nous avons re\u00e7u de nombreux soutiens lors de cette campagne en voici quelques extraits<\/p>\n<p><!--more--><\/p>\n<p>&nbsp;<\/p>\n<p>&nbsp;<\/p>\n<p><img loading=\"lazy\" decoding=\"async\" class=\" size-full wp-image-861\" src=\"http:\/\/sabaudr.cluster028.hosting.ovh.net\/wp-content\/uploads\/2021\/06\/01.jpg\" alt=\"01\" width=\"693\" height=\"345\" srcset=\"https:\/\/sabaudia-mrs.org\/wp-content\/uploads\/2021\/06\/01.jpg 1024w, https:\/\/sabaudia-mrs.org\/wp-content\/uploads\/2021\/06\/01-300x149.jpg 300w, https:\/\/sabaudia-mrs.org\/wp-content\/uploads\/2021\/06\/01-768x383.jpg 768w\" sizes=\"auto, (max-width: 693px) 100vw, 693px\" \/><\/p>\n<p><img loading=\"lazy\" decoding=\"async\" class=\" size-full wp-image-531\" src=\"http:\/\/sabaudr.cluster028.hosting.ovh.net\/wp-content\/uploads\/2012\/11\/02.jpg\" alt=\"02\" width=\"697\" height=\"277\" \/><\/p>\n<p><img loading=\"lazy\" decoding=\"async\" class=\" size-full wp-image-529\" src=\"http:\/\/sabaudr.cluster028.hosting.ovh.net\/wp-content\/uploads\/2012\/11\/03.jpg\" alt=\"03\" width=\"694\" height=\"314\" \/><\/p>\n<p><img loading=\"lazy\" decoding=\"async\" class=\" size-full wp-image-862\" src=\"http:\/\/sabaudr.cluster028.hosting.ovh.net\/wp-content\/uploads\/2021\/06\/04.jpg\" alt=\"04\" width=\"696\" height=\"248\" srcset=\"https:\/\/sabaudia-mrs.org\/wp-content\/uploads\/2021\/06\/04.jpg 1024w, https:\/\/sabaudia-mrs.org\/wp-content\/uploads\/2021\/06\/04-300x107.jpg 300w, https:\/\/sabaudia-mrs.org\/wp-content\/uploads\/2021\/06\/04-768x274.jpg 768w\" sizes=\"auto, (max-width: 696px) 100vw, 696px\" \/><\/p>\n<p>&nbsp;<\/p>\n<p><span style=\"font-size: 18pt;\"><strong>Ils, elles nous soutiennent<\/strong><\/span><\/p>\n<p>Fran\u00e7ois Alfonsi (Osani \u2013 Corse), D\u00e9put\u00e9 Europ\u00e9en \u2013 Femu a Corsica &#8211; Alliance Libre Europ\u00e9enne. Chantal Certan (Saint-Christophe, Vall\u00e9e d\u2019Aoste), Ex assesseur \u00e0 l\u2019\u00e9ducation de la r\u00e9gion autonome de la Vall\u00e9e d\u2019Aoste. Gustave Alirol (Auvergne), Pr\u00e9sident de R\u00e9gions et Peuples Solidaires. Pierre Beccu (Bellecombe-en-Bauges), Cin\u00e9aste, R\u00e9alisateur de \u00ab&nbsp;la derni\u00e8re saison&nbsp;\u00bb et de \u00ab&nbsp;Regard sur nos assiettes&nbsp;\u00bb. Laurent Blondaz (Servoz), Enseignant, Pr\u00e9sident du Mouvement R\u00e9gion Savoie. Jean-Claude Buffet (Rumilly \u2013 Versonnex), aide exploitant mara\u00eecher \u00e0 la retraite. Armand Duch\u00eane (Cessens &#8211; Massingy \u2013 Bloye), Agriculteur. Jo\u00ebl Ducros (Albens), Veilleur des zones humides en Albanais, Administrateur de la F\u00e9d\u00e9ration des chasseurs de Savoie et d\u2019une association canine r\u00e9gionale. Jean-Fran\u00e7ois Excoffier (Sales \u2013 Boussy), exploitant bio lait et c\u00e9r\u00e9ales (Ababio &#8211; le fournil). Oc\u00e9ane Fontaine (Moye \u2013 Saint-Eus\u00e8be), Employ\u00e9e dans un \u00e9levage \u00e9questre. Paulette Gruffaz (Alby-sur-Ch\u00e9ran), Enseignante en sciences au coll\u00e8ge d&rsquo;Alby, engag\u00e9e pour l\u2019environnement et le patrimoine savoyard local. Christian Guiraudon (Chainaz-Les-Frasses), Cadre \u00e0 Salomon, 47 ans de vie associative pour la p\u00eache et l&rsquo;environnement. Ancien pr\u00e9sident des p\u00eacheurs amateurs amateurs du lac Annecy. Gilles Maistre (Entremont), Maire d\u2019Entremont durant plusieurs mandats, co-fondateur des Verts R\u00e9gion Savoie, Engag\u00e9 contre la fusion forc\u00e9e de communes. Michel Montessuit (Annemasse), Pr\u00e9sident de l\u2019association culturelle \u00ab&nbsp;G\u00e9n\u00e9ration Savoie&nbsp;\u00bb. Corrine Paclet (H\u00e9ry-sur-Alby \u2013 Rumilly), Professeur des \u00e9coles en activit\u00e9. Patrick Pimbert (Chainaz-les-Frasses), Producteur de la Spiruline des Bauges. Fran\u00e7ois Rey (Cusy &#8211; Marigny) , ancien arbitre de foot, responsable du foyer communale durant 20 ans et conseiller municipal. Fernand Tavernier (Cusy), Instituteur retrait\u00e9, Apiculteur, Locuteur de langue savoyarde.<\/p>\n<p>&nbsp;<\/p>\n<p><span style=\"font-size: 18pt;\"><strong>Et le soutien de Jacques Morisot, ex-\u00e9lu municipal de Rumilly (liste \u00ab Rumilly Albanais une autre ambition \u00bb)<\/strong><\/span><br \/><img loading=\"lazy\" decoding=\"async\" class=\" alignleft size-full wp-image-863\" src=\"http:\/\/sabaudr.cluster028.hosting.ovh.net\/wp-content\/uploads\/2021\/06\/Morisot.jpg\" alt=\"Morisot\" width=\"379\" height=\"253\" style=\"margin: 4px; float: left;\" srcset=\"https:\/\/sabaudia-mrs.org\/wp-content\/uploads\/2021\/06\/Morisot.jpg 1024w, https:\/\/sabaudia-mrs.org\/wp-content\/uploads\/2021\/06\/Morisot-300x200.jpg 300w, https:\/\/sabaudia-mrs.org\/wp-content\/uploads\/2021\/06\/Morisot-768x512.jpg 768w\" sizes=\"auto, (max-width: 379px) 100vw, 379px\" \/>Jacques est bien connu des Rumilliens. Ancien consultant et formateur en management et ressources humaines, cr\u00e9ateur et g\u00e9rant d\u2019une soci\u00e9t\u00e9 conseil, ancien pr\u00e9sident de l\u2019association locale du Sou des Ecoles La\u00efques, \u00e9lu au conseil municipal de 2014 \u00e0 avril 2021, il avait men\u00e9 la liste arriv\u00e9e en seconde position avec 31,34 % des voix en 2020. Il a si\u00e9g\u00e9 durant cette p\u00e9riode au conseil de la communaut\u00e9 de communes \u00ab Rumilly Terre de Savoie \u00bb o\u00f9 il avait assur\u00e9 , jusqu\u2019en juin 2020, les fonctions de vice-pr\u00e9sident en charge du tourisme. Il a \u00e9t\u00e9 Pr\u00e9sident de l\u2019office de tourisme local et pr\u00e9sident des offices de tourisme de Haute Savoie. Jacques est connu pour son engagement, ses convictions et sa vision de l\u2019avenir.<br \/>\u00ab Le 20 juin, ce sera V\u00e9ronique Palmier Dupassieux &#8211; William Girard Desprolet !<br \/>Les \u00e9lections r\u00e9gionales et d\u00e9partementales sont importantes, car ce qui est en jeu, ce sont de nombreuses comp\u00e9tences : tourisme, solidarit\u00e9, environnement, d\u00e9placements, \u00e9conomie\u2026Voter est donc incontournable. Et le territoire de l\u2019Albanais et ses citoyen-nes ont besoin de vrais changements.<br \/>Cinq listes aux d\u00e9partementales. Mon vote en \u00e9carte trois, pour diverses raisons : <br \/> \u2022 Une liste \u00e0 l\u2019oppos\u00e9 de mes valeurs et, dont le seul but est de compter les points avant la pr\u00e9sidentielle, <br \/> \u2022 Une liste qui vise \u00e0 continuer la gestion actuelle bas\u00e9e sur des m\u00e9thodes que je d\u00e9sapprouve,<br \/> \u2022 Une liste dont un des candidats aura \u00e9t\u00e9 un conseiller municipal absent permanent durant les quelques ann\u00e9es de son mandat, ce qui est, pour moi, \u00e0 l\u2019oppos\u00e9 de l\u2019Ethique n\u00e9cessaire.<br \/>Reste un choix entre deux listes s\u00e9rieuses, pertinentes, politiques, au sens noble de l\u2019adjectif.<br \/>Au regard des enjeux et des valeurs que je d\u00e9fends : Humanisme ; Ethique ; \u00ab Maison Commune \u00bb ; prise en compte des enjeux environnementaux, sociaux ; d\u00e9mocratie participative et citoyenne, d\u00e9centralisation\u2026, <strong>mon vote du 20 juin sera Palmier-Dupassieux et Girard-Desprolet.<\/strong><br \/>Oui, notre territoire a besoin d\u2019un nouveau souffle !<br \/>Vous aussi VOTEZ ! \u00bb<\/p>\n<p>&nbsp;<\/p>\n<p>&nbsp;<\/p>\n","protected":false},"excerpt":{"rendered":"<p>Nous avons re\u00e7u de nombreux soutiens lors de cette campagne en voici quelques extraits<\/p>\n","protected":false},"author":1,"featured_media":861,"comment_status":"open","ping_status":"open","sticky":false,"template":"","format":"standard","meta":{"footnotes":""},"categories":[11],"tags":[],"class_list":["post-864","post","type-post","status-publish","format-standard","has-post-thumbnail","hentry","category-elections-departementales-2021"],"_links":{"self":[{"href":"https:\/\/sabaudia-mrs.org\/index.php\/wp-json\/wp\/v2\/posts\/864","targetHints":{"allow":["GET"]}}],"collection":[{"href":"https:\/\/sabaudia-mrs.org\/index.php\/wp-json\/wp\/v2\/posts"}],"about":[{"href":"https:\/\/sabaudia-mrs.org\/index.php\/wp-json\/wp\/v2\/types\/post"}],"author":[{"embeddable":true,"href":"https:\/\/sabaudia-mrs.org\/index.php\/wp-json\/wp\/v2\/users\/1"}],"replies":[{"embeddable":true,"href":"https:\/\/sabaudia-mrs.org\/index.php\/wp-json\/wp\/v2\/comments?post=864"}],"version-history":[{"count":0,"href":"https:\/\/sabaudia-mrs.org\/index.php\/wp-json\/wp\/v2\/posts\/864\/revisions"}],"wp:featuredmedia":[{"embeddable":true,"href":"https:\/\/sabaudia-mrs.org\/index.php\/wp-json\/wp\/v2\/media\/861"}],"wp:attachment":[{"href":"https:\/\/sabaudia-mrs.org\/index.php\/wp-json\/wp\/v2\/media?parent=864"}],"wp:term":[{"taxonomy":"category","embeddable":true,"href":"https:\/\/sabaudia-mrs.org\/index.php\/wp-json\/wp\/v2\/categories?post=864"},{"taxonomy":"post_tag","embeddable":true,"href":"https:\/\/sabaudia-mrs.org\/index.php\/wp-json\/wp\/v2\/tags?post=864"}],"curies":[{"name":"wp","href":"https:\/\/api.w.org\/{rel}","templated":true}]}}