{"id":849,"date":"2020-12-04T19:29:24","date_gmt":"2020-12-04T18:29:24","guid":{"rendered":"http:\/\/savoue.patoue.fr\/2020\/12\/04\/en-savoie-et-ailleurs-reconstruisons-nos-territoires\/"},"modified":"2020-12-04T19:29:24","modified_gmt":"2020-12-04T18:29:24","slug":"en-savoie-et-ailleurs-reconstruisons-nos-territoires","status":"publish","type":"post","link":"https:\/\/sabaudia-mrs.org\/index.php\/2020\/12\/04\/en-savoie-et-ailleurs-reconstruisons-nos-territoires\/","title":{"rendered":"En Savoie et ailleurs, reconstruisons nos territoires"},"content":{"rendered":"<p style=\"text-align: center;\"><strong><em>Relocalisations : il est temps de passer \u00e0 l\u2019action !<\/em><\/strong><\/p>\n<p><em>Devant nous des \u00e9lections se profilent \u00e0 grands pas : en 2021, les r\u00e9gionales, que nous abordons dans ce texte d&rsquo;appel, mais aussi les d\u00e9partementales; et en 2022, les l\u00e9gislatives. Quels repr\u00e9sentants choisirons-nous ?<\/p>\n<p><\/em><\/p>\n<p>A l&rsquo;or\u00e9e des prochaines \u00e9lections r\u00e9gionales, la plupart des candidats potentiels sont tent\u00e9s de s&rsquo;afficher en bons \u00e9l\u00e8ves de la \u00ab r\u00e9gion Auvergne Rh\u00f4ne-Alpes \u00bb. Tout serait pour le mieux dans le meilleur des mondes de la technocratie d\u00e9shumanis\u00e9e.<\/p>\n<p><!--more--><\/p>\n<p>Cinq ann\u00e9es apr\u00e8s leur cr\u00e9ation, le bilan des m\u00e9ga-r\u00e9gions est pourtant sans appel : elles sont toutes dispendieuses, inefficaces, ing\u00e9rables. Que retient-on aujourd\u2019hui d\u2019Auvergne-Rh\u00f4ne-Alpes ? Un plan de communication dessin\u00e9 selon les ambitions de son pr\u00e9sident, des bus repeints en blanc et bleu, une pollution visuelle \u00e0 l\u2019entr\u00e9e de chaque commune, le tout financ\u00e9 par nos imp\u00f4ts.<\/p>\n<p>Impossible d&rsquo;avancer avec des chaussures trop grandes : elles sont comme des boulets \u00e0 nos pieds. Il en est de m\u00eame pour les institutions r\u00e9gionales et il faut avoir le courage de le dire. Comment la Savoie va-t-elle se relever de l&rsquo;effondrement de l&rsquo;activit\u00e9 touristique due \u00e0 la crise pand\u00e9mique ? Nos vies montagnardes ou frontali\u00e8res nous apportent leur lot de sp\u00e9cificit\u00e9s. Pourquoi nos \u00e9lus r\u00e9gionaux devraient-ils g\u00e9rer, en m\u00eame temps que les questions majeures qui nous concernent, celles de la r\u00e9gion lyonnaise, de la Dr\u00f4me-Ard\u00e8che ou de l\u2019Auvergne, en subissant le jeu des in\u00e9galit\u00e9s de repr\u00e9sentation de chaque territoire ? Que de temps perdu, d\u2019incoh\u00e9rences, de g\u00e2chis !<\/p>\n<p>Il est donc n\u00e9cessaire de d\u00e9noncer une organisation qui ne nous convient pas ! Il est n\u00e9cessaire d\u2019affirmer une force politique appelant la restructuration forte des institutions territoriales dans le sens de plus d\u2019efficacit\u00e9, de proximit\u00e9 et de d\u00e9mocratie. L&rsquo;exemple helv\u00e9tique est probant : des cantons autonomes li\u00e9s par des relations de coop\u00e9ration sont mieux g\u00e9r\u00e9s qu\u2019un grand territoire hyper-centralis\u00e9, administr\u00e9 technocratiquement dans une tour d&rsquo;ivoire opaque et inaccessible.<\/p>\n<p>A d\u00e9faut d\u2019une \u00e9volution rapide, la ligne de conduite du Mouvement R\u00e9gion Savoie (MRS) et de tous les \u00e9lus de notre F\u00e9d\u00e9ration R\u00e9gions et Peuples Solidaires (R&amp;PS) sera d\u2019envoyer des repr\u00e9sentants engag\u00e9s pour appliquer une politique relocalis\u00e9e de nos moyens r\u00e9gionaux.<\/p>\n<p>Il est temps de relocaliser, la crise pand\u00e9mique nous l&rsquo;a clairement d\u00e9montr\u00e9. Les \u00e9changes mondiaux sans cesse grandissants, ainsi que les grandes concentrations de populations, d\u2019industries, de production agricoles intensives mettent nos soci\u00e9t\u00e9s et notre environnement en danger. Pour ramener l\u2019activit\u00e9 \u00e9conomique, il est urgent de s&rsquo;interroger sur les multiples normes, r\u00e8gles administratives, d\u00e9marches ubuesques, pr\u00e9l\u00e8vements injustes, le tout trop souvent inadapt\u00e9 \u00e0 nos territoires : tout ceci a pris le dessus sur la prise d&rsquo;initiatives et l&rsquo;engouement collectif.<\/p>\n<p>Il est temps de relocaliser l\u2019\u00e9conomie, mais aussi la d\u00e9mocratie, malmen\u00e9e ces derni\u00e8res ann\u00e9es par des fusions absurdes \u00e0 tous les niveaux institutionnels, \u00e0 commencer par nos communes&#8230; Nos \u00e9lus s&rsquo;y engageront tout au long de leur mandat.<\/p>\n<p>Il est temps aussi de relocaliser nos services publics : sant\u00e9, formation, justice&#8230;, et de nous en r\u00e9approprier la gestion.<\/p>\n<p>Il est temps de redonner du corps et de l\u2019esprit \u00e0 nos territoires, dans une \u00e9poque o\u00f9 l\u2018uniformisation urbanistique envahit nos paysages de mani\u00e8re mortif\u00e8re. La culture savoisienne doit \u00eatre mise en valeur : elle est une richesse collective \u00e0 red\u00e9couvrir et d\u00e9velopper de sorte que nous puissions toutes et tous la partager.<\/p>\n<p>Nous sommes nombreux, \u00e0 juste titre, \u00e0 nous d\u00e9tourner des grandes formations politiques nationales. Les prochaines \u00e9lections sont une opportunit\u00e9 \u00e0 ne pas manquer pour enclencher une reconstruction positive de nos territoires, \u00e0 la condition que nous soyons mobilis\u00e9(e)s et engag\u00e9(e)s.<\/p>\n","protected":false},"excerpt":{"rendered":"<p>Relocalisations : il est temps de passer \u00e0 l\u2019action ! Devant nous des \u00e9lections se profilent \u00e0 grands pas : en 2021, les r\u00e9gionales, que nous abordons dans ce texte d&rsquo;appel, mais aussi les d\u00e9partementales; et en 2022, les l\u00e9gislatives. Quels repr\u00e9sentants choisirons-nous ? A l&rsquo;or\u00e9e des prochaines \u00e9lections r\u00e9gionales, la plupart des candidats potentiels &#8230; <a title=\"En Savoie et ailleurs, reconstruisons nos territoires\" class=\"read-more\" href=\"https:\/\/sabaudia-mrs.org\/index.php\/2020\/12\/04\/en-savoie-et-ailleurs-reconstruisons-nos-territoires\/\" aria-label=\"En savoir plus sur En Savoie et ailleurs, reconstruisons nos territoires\">Lire la suite<\/a><\/p>\n","protected":false},"author":1,"featured_media":0,"comment_status":"open","ping_status":"open","sticky":false,"template":"","format":"standard","meta":{"footnotes":""},"categories":[61],"tags":[],"class_list":["post-849","post","type-post","status-publish","format-standard","hentry","category-actualite-politique-en-savoie"],"_links":{"self":[{"href":"https:\/\/sabaudia-mrs.org\/index.php\/wp-json\/wp\/v2\/posts\/849","targetHints":{"allow":["GET"]}}],"collection":[{"href":"https:\/\/sabaudia-mrs.org\/index.php\/wp-json\/wp\/v2\/posts"}],"about":[{"href":"https:\/\/sabaudia-mrs.org\/index.php\/wp-json\/wp\/v2\/types\/post"}],"author":[{"embeddable":true,"href":"https:\/\/sabaudia-mrs.org\/index.php\/wp-json\/wp\/v2\/users\/1"}],"replies":[{"embeddable":true,"href":"https:\/\/sabaudia-mrs.org\/index.php\/wp-json\/wp\/v2\/comments?post=849"}],"version-history":[{"count":0,"href":"https:\/\/sabaudia-mrs.org\/index.php\/wp-json\/wp\/v2\/posts\/849\/revisions"}],"wp:attachment":[{"href":"https:\/\/sabaudia-mrs.org\/index.php\/wp-json\/wp\/v2\/media?parent=849"}],"wp:term":[{"taxonomy":"category","embeddable":true,"href":"https:\/\/sabaudia-mrs.org\/index.php\/wp-json\/wp\/v2\/categories?post=849"},{"taxonomy":"post_tag","embeddable":true,"href":"https:\/\/sabaudia-mrs.org\/index.php\/wp-json\/wp\/v2\/tags?post=849"}],"curies":[{"name":"wp","href":"https:\/\/api.w.org\/{rel}","templated":true}]}}