{"id":845,"date":"2020-09-25T22:33:23","date_gmt":"2020-09-25T20:33:23","guid":{"rendered":"http:\/\/savoue.patoue.fr\/2020\/09\/25\/elections-senatoriales-claude-barbier-victime-d-inacceptables-calomnies\/"},"modified":"2020-09-25T22:33:23","modified_gmt":"2020-09-25T20:33:23","slug":"elections-senatoriales-claude-barbier-victime-d-inacceptables-calomnies","status":"publish","type":"post","link":"https:\/\/sabaudia-mrs.org\/index.php\/2020\/09\/25\/elections-senatoriales-claude-barbier-victime-d-inacceptables-calomnies\/","title":{"rendered":"Elections s\u00e9natoriales : Claude Barbier victime d\u2019inacceptables calomnies"},"content":{"rendered":"<p>Les \u00e9lections s\u00e9natoriales du 27 septembre 2020 ont \u00e9t\u00e9 l\u2019occasion de renouveler le partenariat du Mouvement R\u00e9gion Savoie avec Europe Ecologie les Verts, dans la continuation de l\u2019entente historique entre les r\u00e9gionalistes et les \u00e9cologistes.<\/p>\n<p><!--more--><\/p>\n<p>Claude Barbier repr\u00e9sente le MRS, en deuxi\u00e8me place d\u2019une liste men\u00e9e par Jeannie Tremblay (EELV).<\/p>\n<p>Historien passionn\u00e9 et rigoureux, Claude s\u2019est illustr\u00e9 il y a quelques ann\u00e9es par la r\u00e9daction d\u2019un remarquable travail de recherche sur le maquis de Gli\u00e8res. Il a soutenu une th\u00e8se d&rsquo;histoire \u00e0 la Sorbonne, sous la responsabilit\u00e9 d&rsquo;Olivier Wieviorka, professeur \u00e0 l&rsquo;Ecole Normale Sup\u00e9rieure, sp\u00e9cialiste incontest\u00e9 de la seconde guerre mondiale. Cette th\u00e8se a fait l&rsquo;objet d&rsquo;un livre \u00e9dit\u00e9 sous l&rsquo;imprimatur du minist\u00e8re de la D\u00e9fense. Son travail m\u00e9ticuleux permet de comprendre cette \u00e9poque de fin de seconde guerre mondiale, bien au-del\u00e0 des clich\u00e9s r\u00e9pandus. En Haute-Savoie, cette p\u00e9riode fut extr\u00eamement sombre (contexte de guerre civile, exactions, manipulations m\u00e9diatiques de tous bords&#8230;)<\/p>\n<p>Nous d\u00e9plorons la grave calomnie dirig\u00e9e r\u00e9cemment contre lui par l\u2019association CRD 74. Celle-ci pr\u00e9tend dans un communiqu\u00e9 envoy\u00e9 dans la semaine pr\u00e9c\u00e9dant les \u00e9lections, et publi\u00e9 ce mercredi 23, dans le Dauphin\u00e9 Lib\u00e9r\u00e9 que Claude, par son activit\u00e9 d\u2019historien, conduirait depuis plusieurs ann\u00e9es \u00ab une campagne de d\u00e9nigrement et de sape \u00e0 l\u2019encontre de la m\u00e9moire de la R\u00e9sistance haut-savoyarde \u00bb, notamment \u00e0 travers son travail de recherche effectu\u00e9 sur le maquis des Gli\u00e8res.<\/p>\n<p>Si ce travail de recherche r\u00e9v\u00e8le que le plateau de Gli\u00e8res n\u2019a pas \u00e9t\u00e9 le lieu d\u2019une bataille, il n\u2019en demeure pas moins un haut lieu de R\u00e9sistance contre la barberie du r\u00e9gime de Vichy et de l\u2019occupant nazi. Plusieurs centaines de maquisards s\u2019y \u00e9taient r\u00e9fugi\u00e9s pour d\u00e9fendre leurs valeurs de libert\u00e9 et de justice. Cent vingt d\u2019entre eux y perdirent leur vie au cours ou \u00e0 la suite de l\u2019op\u00e9ration de dispersion engag\u00e9e \u00e0 l\u2019approche des troupes ennemis. Rendre compte avec justesse et pr\u00e9cision de ce que v\u00e9curent ces r\u00e9sistants et du contexte du moment, tel que s\u2019y est attach\u00e9 Claude Barbier, est l\u2019un des meilleurs hommages qu\u2019il est possible de leur rendre. Nous ne pouvons accepter l\u2019insupportable contresens exprim\u00e9 en sa direction, qui ne peut s\u2019expliquer que par des consid\u00e9rations ind\u00e9niablement politiques.<\/p>\n<p>\u00ab Toute personne a droit \u00e0 acc\u00e9der, dans des conditions d&rsquo;\u00e9galit\u00e9, aux fonctions publiques de son pays \u00bb proclame l\u2019article n\u00b021 de la d\u00e9claration universelle des droits de l&rsquo;homme. Il est surprenant qu\u2019une association se r\u00e9clamant d\u00e9fenseresse des valeurs de la R\u00e9sistance \u00ab toute tendance d\u00e9mocratique confondues \u00bb, se fasse le censeur de la candidature \u00e9lectorale d\u2019un militant r\u00e9gionaliste, largement engag\u00e9 par ailleurs sur les questions de d\u00e9mocratie, de f\u00e9d\u00e9ralisme et de respect des g\u00e9n\u00e9rations futures.<\/p>\n<p>Nous invitons les grands \u00e9lecteurs de Haute-Savoie \u00e0 faire preuve de discernement. Nous leur demandons d\u2019apporter leur soutien \u00e0 la candidature de Jeannie Tremblay et Claude Barbier, exprimant les aspirations fortes de notre soci\u00e9t\u00e9 actuelle \u00e0 travers des actes : \u00e9cologie, changement des pratiques d\u00e9mocratiques, solidarit\u00e9s, relocalisation, reconqu\u00eate de formes d\u2019autonomies, notamment alimentaires et \u00e9nerg\u00e9tiques.<\/p>\n","protected":false},"excerpt":{"rendered":"<p>Les \u00e9lections s\u00e9natoriales du 27 septembre 2020 ont \u00e9t\u00e9 l\u2019occasion de renouveler le partenariat du Mouvement R\u00e9gion Savoie avec Europe Ecologie les Verts, dans la continuation de l\u2019entente historique entre les r\u00e9gionalistes et les \u00e9cologistes.<\/p>\n","protected":false},"author":1,"featured_media":0,"comment_status":"open","ping_status":"open","sticky":false,"template":"","format":"standard","meta":{"footnotes":""},"categories":[86],"tags":[],"class_list":["post-845","post","type-post","status-publish","format-standard","hentry","category-mrs-et-politique"],"_links":{"self":[{"href":"https:\/\/sabaudia-mrs.org\/index.php\/wp-json\/wp\/v2\/posts\/845","targetHints":{"allow":["GET"]}}],"collection":[{"href":"https:\/\/sabaudia-mrs.org\/index.php\/wp-json\/wp\/v2\/posts"}],"about":[{"href":"https:\/\/sabaudia-mrs.org\/index.php\/wp-json\/wp\/v2\/types\/post"}],"author":[{"embeddable":true,"href":"https:\/\/sabaudia-mrs.org\/index.php\/wp-json\/wp\/v2\/users\/1"}],"replies":[{"embeddable":true,"href":"https:\/\/sabaudia-mrs.org\/index.php\/wp-json\/wp\/v2\/comments?post=845"}],"version-history":[{"count":0,"href":"https:\/\/sabaudia-mrs.org\/index.php\/wp-json\/wp\/v2\/posts\/845\/revisions"}],"wp:attachment":[{"href":"https:\/\/sabaudia-mrs.org\/index.php\/wp-json\/wp\/v2\/media?parent=845"}],"wp:term":[{"taxonomy":"category","embeddable":true,"href":"https:\/\/sabaudia-mrs.org\/index.php\/wp-json\/wp\/v2\/categories?post=845"},{"taxonomy":"post_tag","embeddable":true,"href":"https:\/\/sabaudia-mrs.org\/index.php\/wp-json\/wp\/v2\/tags?post=845"}],"curies":[{"name":"wp","href":"https:\/\/api.w.org\/{rel}","templated":true}]}}