{"id":832,"date":"2020-04-21T21:20:31","date_gmt":"2020-04-21T19:20:31","guid":{"rendered":"http:\/\/savoue.patoue.fr\/2020\/04\/21\/residences-secondaires-le-probleme-de-fond-c-est-qu-il-y-en-a-trop-et-cela-a-des-consequences-gravissimes\/"},"modified":"2020-04-21T21:20:31","modified_gmt":"2020-04-21T19:20:31","slug":"residences-secondaires-le-probleme-de-fond-c-est-qu-il-y-en-a-trop-et-cela-a-des-consequences-gravissimes","status":"publish","type":"post","link":"https:\/\/sabaudia-mrs.org\/index.php\/2020\/04\/21\/residences-secondaires-le-probleme-de-fond-c-est-qu-il-y-en-a-trop-et-cela-a-des-consequences-gravissimes\/","title":{"rendered":"R\u00e9sidences secondaires : le probl\u00e8me de fond, c&rsquo;est qu&rsquo;il y en a trop  et cela a des cons\u00e9quences gravissimes !"},"content":{"rendered":"<div dir=\"auto\">Face aux tensions contre les r\u00e9sidents secondaires venus se confiner en Savoie, le Mouvement R\u00e9gion Savoie appelle au civisme et revient sur le probl\u00e8me de fond : sans vouloir stigmatiser qui que ce soit, il y a trop de r\u00e9sidences secondaires en Savoie et cela a des cons\u00e9quences gravissimes !<\/div>\n<p><!--more--><\/p>\n<div dir=\"auto\">&nbsp;<\/div>\n<\/div>\n<div>\n<div dir=\"auto\">La grogne monte contre les r\u00e9sidents secondaires venus se confiner en Savoie. Il est important que les r\u00e8gles de confinement soient respect\u00e9es par tous, sans exception. Certaines personnes se sont donn\u00e9 des m\u00e9thodes peu recommandables pour le rappeler : des voitures immatricul\u00e9es en r\u00e9gion parisienne et lyonnaise ont \u00e9t\u00e9 tagu\u00e9es \u00e0 Chamonix. Ce type de d\u00e9gradations contre des biens de particuliers est d\u00e9plorable et ne correspond pas aux valeurs d&rsquo;accueil et de bienveillance que porte la Savoie. On peut comprendre qu&rsquo;il soit pr\u00e9f\u00e9rable pour une famille qui a la chance de pouvoir le faire, de venir se confiner en Savoie plut\u00f4t que de rester enferm\u00e9e dans un appartement en ville.<\/div>\n<div dir=\"auto\">&nbsp;<\/div>\n<\/div>\n<div dir=\"auto\">Comme souvent les expressions de col\u00e8re, aussi simplistes qu&rsquo;elles soient, ne refl\u00e8tent pas les probl\u00e8mes r\u00e9els qui ont amen\u00e9 de telles tensions. Car nous ne cessons de le dire : dans un grand nombre de communes de la Savoie, il y a trop de r\u00e9sidences secondaires. Comme en Autriche et en Suisse, leur nombre devrait \u00eatre r\u00e9gul\u00e9. La priorit\u00e9 devrait \u00eatre au logement permanent.<\/div>\n<div dir=\"auto\">Ces r\u00e9sidences secondaires surench\u00e9rissent les valeurs de nos habitations, en cons\u00e9quence les loyers sont exorbitants et, pour les familles savoyardes, les droits de mutations sont confiscatoires. Les populations locales se sentent d\u00e9poss\u00e9d\u00e9es de leurs vall\u00e9es. Les jeunes g\u00e9n\u00e9rations sont oblig\u00e9es de fuir tant se loger dans certaines communes est devenu financi\u00e8rement inaccessible pour qui ne gagne qu&rsquo;un salaire local.<\/div>\n<div dir=\"auto\">De plus, la sur-urbanisation mal contr\u00f4l\u00e9e d\u00e9valorise les paysages, qui sont pourtant une richesse des vall\u00e9es alpines. Elle est un facteur majeur de pollution, dans la vall\u00e9e de l&rsquo;Arve notamment.<\/div>\n<div dir=\"auto\">Sur le plan sanitaire, la Savoie forte de 1, 25 millions d&rsquo;habitants ne dispose toujours pas de structure hospitali\u00e8re du type CHU et est g\u00e9r\u00e9e bien lointainement par l&rsquo;agence r\u00e9gionale de sant\u00e9 \u00ab\u00a0Auvergne-Rh\u00f4ne-Alpes\u00a0\u00bb situ\u00e9e \u00e0 Lyon. Force est de constater qu&rsquo;elle n&rsquo;a pas la capacit\u00e9 de r\u00e9action des institutions r\u00e9ellement d\u00e9centralis\u00e9es de nos voisins f\u00e9d\u00e9r\u00e9s suisses et allemands. Les capacit\u00e9s des h\u00f4pitaux en Savoie ne sont pas suffisantes si un afflux important de population s&rsquo;installe sur place.<\/div>\n<div dir=\"auto\">Dernier argument qui peut expliquer ce m\u00e9contentement : les r\u00e9sidences secondaires symbolisent la r\u00e9ussite \u00e9conomique des grandes m\u00e9tropoles au d\u00e9pens des autres territoires : une injustice territoriale particuli\u00e8rement forte en France en raison de la politique centraliste jacobine privant les populations locales de leur pouvoir d&rsquo;initiative et d&rsquo;action.<\/div>\n<div dir=\"auto\">&nbsp;<\/div>\n<\/div>\n<div>\n<div dir=\"auto\">Le MRS appelle chacun \u00e0 faire preuve de bienveillance et de compr\u00e9hension. Cette p\u00e9riode de confinement est propice \u00e0 la r\u00e9flexion et \u00e0 esquisser le type de gouvernance dont nous avons besoin et vers lequel nous souhaiterions \u00e9voluer.<\/div>\n","protected":false},"excerpt":{"rendered":"<p>Face aux tensions contre les r\u00e9sidents secondaires venus se confiner en Savoie, le Mouvement R\u00e9gion Savoie appelle au civisme et revient sur le probl\u00e8me de fond : sans vouloir stigmatiser qui que ce soit, il y a trop de r\u00e9sidences secondaires en Savoie et cela a des cons\u00e9quences gravissimes !<\/p>\n","protected":false},"author":1,"featured_media":0,"comment_status":"open","ping_status":"open","sticky":false,"template":"","format":"standard","meta":{"footnotes":""},"categories":[31],"tags":[],"class_list":["post-832","post","type-post","status-publish","format-standard","hentry","category-logement-urbanisation"],"_links":{"self":[{"href":"https:\/\/sabaudia-mrs.org\/index.php\/wp-json\/wp\/v2\/posts\/832","targetHints":{"allow":["GET"]}}],"collection":[{"href":"https:\/\/sabaudia-mrs.org\/index.php\/wp-json\/wp\/v2\/posts"}],"about":[{"href":"https:\/\/sabaudia-mrs.org\/index.php\/wp-json\/wp\/v2\/types\/post"}],"author":[{"embeddable":true,"href":"https:\/\/sabaudia-mrs.org\/index.php\/wp-json\/wp\/v2\/users\/1"}],"replies":[{"embeddable":true,"href":"https:\/\/sabaudia-mrs.org\/index.php\/wp-json\/wp\/v2\/comments?post=832"}],"version-history":[{"count":0,"href":"https:\/\/sabaudia-mrs.org\/index.php\/wp-json\/wp\/v2\/posts\/832\/revisions"}],"wp:attachment":[{"href":"https:\/\/sabaudia-mrs.org\/index.php\/wp-json\/wp\/v2\/media?parent=832"}],"wp:term":[{"taxonomy":"category","embeddable":true,"href":"https:\/\/sabaudia-mrs.org\/index.php\/wp-json\/wp\/v2\/categories?post=832"},{"taxonomy":"post_tag","embeddable":true,"href":"https:\/\/sabaudia-mrs.org\/index.php\/wp-json\/wp\/v2\/tags?post=832"}],"curies":[{"name":"wp","href":"https:\/\/api.w.org\/{rel}","templated":true}]}}