{"id":831,"date":"2020-04-03T23:06:40","date_gmt":"2020-04-03T21:06:40","guid":{"rendered":"http:\/\/savoue.patoue.fr\/2020\/04\/03\/pensez-vous-que-le-president-macron-et-le-gouvernement-soient-efficaces-dans-la-gestion-de-la-pandemie-de-covid-19\/"},"modified":"2020-04-03T23:06:40","modified_gmt":"2020-04-03T21:06:40","slug":"pensez-vous-que-le-president-macron-et-le-gouvernement-soient-efficaces-dans-la-gestion-de-la-pandemie-de-covid-19","status":"publish","type":"post","link":"https:\/\/sabaudia-mrs.org\/index.php\/2020\/04\/03\/pensez-vous-que-le-president-macron-et-le-gouvernement-soient-efficaces-dans-la-gestion-de-la-pandemie-de-covid-19\/","title":{"rendered":"Sondage r\u00e9alis\u00e9 par le MRS"},"content":{"rendered":"<div dir=\"auto\">Alors que les m\u00e9dias nationaux annoncent que le chef de l\u2019\u00c9tat aurait fait un bond en avant dans la confiance que lui portent la population pour sa gestion de la crise sanitaire, le Mouvement R\u00e9gion Savoie a souhait\u00e9 faire son propre sondage.<\/div>\n<p><!--more--><\/p>\n<div>\u00ab\u00a0Pensez-vous que le pr\u00e9sident Macron et le gouvernement soient efficaces dans la gestion de la pand\u00e9mie de covid-19 ?\u00a0\u00bb<\/div>\n<div dir=\"auto\">Mis en ligne sur facebook du 25 mars au 2 avril 2020, 90 personnes ont r\u00e9pondu. Les r\u00e9sultats sont bien diff\u00e9rents.<\/div>\n<p>&nbsp;<\/p>\n<div dir=\"auto\"><a href=\"https:\/\/www.facebook.com\/regionsavoie\/posts\/10157424571662408?__cft__[0]=AZXJuehJaWk5jsZSHHiDVqTfEy1Iox_HQr6ILOjWi5yW_3P-C3zLiFGovAhuR5CFNx3lyy-kwhBuJ2QBCaDjTa-6_jUKU3f5PgvEd6W9QUOqizx0LtyJiimSLxurwsC-3EPJYzlkW7M_TwI1Z_EL2cqR3iVXRXjMpg6YG6auSvv8OLwcGXt8JzbHUa7qm2jZaMK9lLUNhcKYQ9pt88xtFDDF7HELxi48sa-PXnEDqDu1nA&amp;__tn__=-UK-R\" tabindex=\"0\" target=\"_blank\" rel=\"noopener\">https:\/\/www.facebook.com\/regionsavoie\/posts\/10157424571662408<\/a><\/div>\n","protected":false},"excerpt":{"rendered":"<p>Alors que les m\u00e9dias nationaux annoncent que le chef de l\u2019\u00c9tat aurait fait un bond en avant dans la confiance que lui portent la population pour sa gestion de la crise sanitaire, le Mouvement R\u00e9gion Savoie a souhait\u00e9 faire son propre sondage.<\/p>\n","protected":false},"author":1,"featured_media":0,"comment_status":"open","ping_status":"open","sticky":false,"template":"","format":"standard","meta":{"footnotes":""},"categories":[61],"tags":[],"class_list":["post-831","post","type-post","status-publish","format-standard","hentry","category-actualite-politique-en-savoie"],"_links":{"self":[{"href":"https:\/\/sabaudia-mrs.org\/index.php\/wp-json\/wp\/v2\/posts\/831","targetHints":{"allow":["GET"]}}],"collection":[{"href":"https:\/\/sabaudia-mrs.org\/index.php\/wp-json\/wp\/v2\/posts"}],"about":[{"href":"https:\/\/sabaudia-mrs.org\/index.php\/wp-json\/wp\/v2\/types\/post"}],"author":[{"embeddable":true,"href":"https:\/\/sabaudia-mrs.org\/index.php\/wp-json\/wp\/v2\/users\/1"}],"replies":[{"embeddable":true,"href":"https:\/\/sabaudia-mrs.org\/index.php\/wp-json\/wp\/v2\/comments?post=831"}],"version-history":[{"count":0,"href":"https:\/\/sabaudia-mrs.org\/index.php\/wp-json\/wp\/v2\/posts\/831\/revisions"}],"wp:attachment":[{"href":"https:\/\/sabaudia-mrs.org\/index.php\/wp-json\/wp\/v2\/media?parent=831"}],"wp:term":[{"taxonomy":"category","embeddable":true,"href":"https:\/\/sabaudia-mrs.org\/index.php\/wp-json\/wp\/v2\/categories?post=831"},{"taxonomy":"post_tag","embeddable":true,"href":"https:\/\/sabaudia-mrs.org\/index.php\/wp-json\/wp\/v2\/tags?post=831"}],"curies":[{"name":"wp","href":"https:\/\/api.w.org\/{rel}","templated":true}]}}