{"id":779,"date":"2019-05-18T11:28:59","date_gmt":"2019-05-18T09:28:59","guid":{"rendered":"http:\/\/savoue.patoue.fr\/2019\/05\/18\/geneve-porte-plainte-contre-la-centrale-du-bugey-que-font-les-elus-de-savoie\/"},"modified":"2019-05-18T11:28:59","modified_gmt":"2019-05-18T09:28:59","slug":"geneve-porte-plainte-contre-la-centrale-du-bugey-que-font-les-elus-de-savoie","status":"publish","type":"post","link":"https:\/\/sabaudia-mrs.org\/index.php\/2019\/05\/18\/geneve-porte-plainte-contre-la-centrale-du-bugey-que-font-les-elus-de-savoie\/","title":{"rendered":"Gen\u00e8ve porte plainte contre la centrale du Bugey, que font les \u00e9lus de Savoie\u00a0?"},"content":{"rendered":"<p>Gen\u00e8ve porte plainte contre la centrale du Bugey, que font les \u00e9lus de Savoie ?<br \/>Alors que les autorit\u00e9s genevoise portent plainte contre les gravissimes dangers qu&rsquo;EDF fait courir \u00e0 notre territoire, les \u00e9lus Savoyards se taisent, plut\u00f4t que de d\u00e9fendre leurs concitoyens.<\/p>\n<p><!--more--><\/p>\n<p>Preuve que ces derniers ne sont pas libres, ou s&rsquo;autocensurent sur les sujets qui touchent aux int\u00e9r\u00eats de l&rsquo;Etat et des lobbies nationaux.<\/p>\n<p>Lire l\u2019article du journal de B\u00e2le :<br \/><strong>Nonante incidents dans la centrale nucl\u00e9aire du Bugey: Gen\u00e8ve porte plainte et demande sa fermeture<\/strong><\/p>\n<p><a href=\"http:\/\/bale.ch\/journal\/nonante-incidents-dans-la-centrale-nucleaire-du-bugey-geneve-porte-plainte-et-demande-sa-fermeture\/\" target=\"_blank\" rel=\"noopener\">http:\/\/bale.ch\/journal\/nonante-incidents-dans-la-centrale-nucleaire-du-bugey-geneve-porte-plainte-et-demande-sa-fermeture\/<\/a><\/p>\n","protected":false},"excerpt":{"rendered":"<p>Gen\u00e8ve porte plainte contre la centrale du Bugey, que font les \u00e9lus de Savoie ?Alors que les autorit\u00e9s genevoise portent plainte contre les gravissimes dangers qu&rsquo;EDF fait courir \u00e0 notre territoire, les \u00e9lus Savoyards se taisent, plut\u00f4t que de d\u00e9fendre leurs concitoyens.<\/p>\n","protected":false},"author":1,"featured_media":0,"comment_status":"open","ping_status":"open","sticky":false,"template":"","format":"standard","meta":{"footnotes":""},"categories":[9],"tags":[],"class_list":["post-779","post","type-post","status-publish","format-standard","hentry","category-ecologie"],"_links":{"self":[{"href":"https:\/\/sabaudia-mrs.org\/index.php\/wp-json\/wp\/v2\/posts\/779","targetHints":{"allow":["GET"]}}],"collection":[{"href":"https:\/\/sabaudia-mrs.org\/index.php\/wp-json\/wp\/v2\/posts"}],"about":[{"href":"https:\/\/sabaudia-mrs.org\/index.php\/wp-json\/wp\/v2\/types\/post"}],"author":[{"embeddable":true,"href":"https:\/\/sabaudia-mrs.org\/index.php\/wp-json\/wp\/v2\/users\/1"}],"replies":[{"embeddable":true,"href":"https:\/\/sabaudia-mrs.org\/index.php\/wp-json\/wp\/v2\/comments?post=779"}],"version-history":[{"count":0,"href":"https:\/\/sabaudia-mrs.org\/index.php\/wp-json\/wp\/v2\/posts\/779\/revisions"}],"wp:attachment":[{"href":"https:\/\/sabaudia-mrs.org\/index.php\/wp-json\/wp\/v2\/media?parent=779"}],"wp:term":[{"taxonomy":"category","embeddable":true,"href":"https:\/\/sabaudia-mrs.org\/index.php\/wp-json\/wp\/v2\/categories?post=779"},{"taxonomy":"post_tag","embeddable":true,"href":"https:\/\/sabaudia-mrs.org\/index.php\/wp-json\/wp\/v2\/tags?post=779"}],"curies":[{"name":"wp","href":"https:\/\/api.w.org\/{rel}","templated":true}]}}