{"id":698,"date":"2016-11-06T18:16:12","date_gmt":"2016-11-06T17:16:12","guid":{"rendered":"http:\/\/savoue.patoue.fr\/2016\/11\/06\/pour-une-france-liberee-de-son-hyper-centralisme\/"},"modified":"2016-11-06T18:16:12","modified_gmt":"2016-11-06T17:16:12","slug":"pour-une-france-liberee-de-son-hyper-centralisme","status":"publish","type":"post","link":"https:\/\/sabaudia-mrs.org\/index.php\/2016\/11\/06\/pour-une-france-liberee-de-son-hyper-centralisme\/","title":{"rendered":"Pour une France lib\u00e9r\u00e9e de son hyper-centralisme"},"content":{"rendered":"<p><em>Lettre envoy\u00e9e aux Maires des Pays de Savoie<\/em><\/p>\n<p>&nbsp;<\/p>\n<p><span style=\"font-size: 14pt;\"><strong>Madame, Monsieur le Maire,<\/strong><\/span><\/p>\n<p>&nbsp;<\/p>\n<p><strong>Tout comme vous, nous avons \u00e9t\u00e9 r\u00e9cemment spectateurs de graves d\u00e9nis de d\u00e9mocratie<\/strong> provoqu\u00e9s par la mise en \u0153uvre de la loi NOTRe. Dans un premier temps, la fusion des r\u00e9gions qui nous a \u00e9t\u00e9 impos\u00e9e aurait du faire l\u2019objet de r\u00e9f\u00e9rendums dans chacun des territoires concern\u00e9s, en vertu de la charte europ\u00e9enne de l\u2019autonomie locale, ratifi\u00e9e par la France en 2007. Au m\u00e9pris du droit europ\u00e9en, cela n&rsquo;a pas \u00e9t\u00e9 le cas.<\/p>\n<p><!--more--><\/p>\n<p>Plus r\u00e9cemment, la carte des communaut\u00e9s de communes a \u00e9t\u00e9 redessin\u00e9e selon des sch\u00e9mas id\u00e9ologiques centralisateurs donnant tous pouvoirs aux villes les plus grandes, dans le plus grand m\u00e9pris des communes rurales et excentr\u00e9es. Nombre de maires et conseillers municipaux ont \u00e9t\u00e9 \u00ab&nbsp;bafou\u00e9s&nbsp;\u00bb1&nbsp;: leurs avis ont \u00e9t\u00e9 litt\u00e9ralement ignor\u00e9s, parfois m\u00eame lorsqu&rsquo;ils \u00e9taient pourtant majoritaires.<\/p>\n<p>La disparitions programm\u00e9e des d\u00e9partements et la perte de la clause de comp\u00e9tence g\u00e9n\u00e9rale sont aussi des probl\u00e8mes majeurs pour les Savoyards. Nos deux conseils d\u00e9partementaux ont en effet souvent permis de combler les sous-investissements publics de la r\u00e9gion et de l\u2019\u00c9tat, ceci s\u2019expliquant principalement par notre \u00e9loignement des centres de d\u00e9cisions au sein de ces entit\u00e9s administratives.<\/p>\n<p><span style=\"font-size: 14pt;\"><strong>Cette vision jacobine est un contresens pour les Pays de Savoie.<\/strong><\/span><br \/>Les Pays de Savoie, territoires reconnus pour leur dynamisme humain et \u00e9conomique, ont subi cette r\u00e9forme technocratique qui ne correspond en rien \u00e0 leur configuration polycentrique, r\u00e9partie en vall\u00e9es et massifs. Les Pays d\u2019Alby, les Bauges, les Pays de Fili\u00e8re, le pourtour du Lac d\u2019Annecy et s\u00fbrement d\u2019autres territoires encore se sont vu imposer de nouvelles configurations administratives niant compl\u00e8tement les r\u00e9alit\u00e9s humaines et g\u00e9ographiques existantes.<\/p>\n<p>En Savoie, les premi\u00e8res franchises communales ont vu le jour \u00e0 partir du XIII\u00e8me si\u00e8cle. Les communes ont mis des si\u00e8cles \u00e0 s\u2019\u00e9tablir. Nous les voyons aujourd&rsquo;hui dispara\u00eetre ou \u00eatre vid\u00e9es de leur contenu&nbsp; en quelques ann\u00e9es seulement, sur la base de d\u00e9cisions h\u00e2tives et sans consultation d\u00e9mocratique des populations concern\u00e9es. L\u2019autorit\u00e9 et la marge de man\u0153uvre des \u00e9lus municipaux est r\u00e9duite progressivement \u00e0 n\u00e9ant. La participation des habitants est en train de fondre comme neige au soleil. N\u2019est-il pas urgent de r\u00e9agir&nbsp;?<\/p>\n<p><span style=\"font-size: 14pt;\"><strong><br \/>Notre association Mouvement R\u00e9gion Savoie (MRS)<\/strong><\/span> a \u00e9merg\u00e9 dans les ann\u00e9es 70 dans un contexte similaire. En alternative \u00e0 Rh\u00f4ne-Alpes qui nous avait \u00e9t\u00e9 impos\u00e9 \u00e0 cette \u00e9poque, le MRS a port\u00e9 le projet d\u2019une r\u00e9gion \u00e0 taille humaine, correspondant \u00e0 une identit\u00e9 g\u00e9ographique historique et \u00e9conomique forte&nbsp;: celle des Pays de Savoie. Nous sommes convaincus que si notre territoire \u00e9tait dot\u00e9 de cette autonomie r\u00e9gionale, nous pourrions bien mieux d\u00e9velopper les services publics dont nous avons besoin&nbsp;: universit\u00e9, h\u00f4pitaux, transports ferroviaires, formation professionnelle, justice, culture\u2026<br \/>Au fil des d\u00e9cennies, le MRS n\u2019a cess\u00e9 de militer pour un r\u00e9gionalisme f\u00e9d\u00e9raliste, s\u2019appuyant sur les r\u00e9f\u00e9rences voisines helv\u00e9tiques et vald\u00f4taine de d\u00e9mocratie directe et s\u2019inscrivant dans la ligne de pens\u00e9e du philosophe genevois Denis de Rougemont. Depuis quelques temps, le mot \u00ab&nbsp;R\u00e9gion&nbsp;\u00bb s\u2019est tellement vid\u00e9 de sens aupr\u00e8s de la population que nous envisageons m\u00eame de faire \u00e9voluer le nom de notre mouvement. Notre projet est d\u00e9sormais de promouvoir un statut de collectivit\u00e9 territoriale unique pour les deux d\u00e9partements savoyards, dot\u00e9e d&rsquo;une autonomie de fonctionnement aussi large que possible.<\/p>\n<p><span style=\"font-size: 14pt;\"><strong><br \/>Aujourd\u2019hui, la plus grande in\u00e9galit\u00e9 de la France est l\u2019\u00e9crasante disparit\u00e9 Paris \/ Province.<\/strong><\/span> Nous constatons tous les jours dans de nombreux domaines des absurdit\u00e9s qui sont le fruit d\u2019un centralisme sans \u00e9quivalent dans les autres pays europ\u00e9ens. Que ce soient les difficult\u00e9s de logement, les questions transfrontali\u00e8res, le d\u00e9veloppement \u00e9conomique, la politique de l\u2019emploi, la pollution de l\u2019air, aussi bien que le sens donn\u00e9 \u00e0 la loi montagne, nous sommes impuissants face \u00e0 ces probl\u00e8mes du quotidien qui impactent la vie de nos concitoyens. Nous n\u2019avons d\u2019autres solutions que de tenter de les faire \u00ab&nbsp;remonter&nbsp;\u00bb en esp\u00e9rant que certaines de nos dol\u00e9ances puissent trouver une compatibilit\u00e9 avec les sch\u00e9mas de la \u00ab&nbsp;pens\u00e9e universelle parisienne&nbsp;\u00bb.<\/p>\n<p style=\"text-align: center;\"><span style=\"font-size: 14pt;\"><strong>Une chose est s\u00fbre&nbsp;: si dans les territoires, les \u00e9lus et les citoyens ne s&rsquo;affirment pas vigoureusement, ils continueront \u00e0 \u00eatre d\u00e9consid\u00e9r\u00e9s, bafou\u00e9s par un Etat jacobin omnipotent.<\/strong><\/span><\/p>\n<p><span style=\"font-size: 14pt;\"><strong><br \/>Une candidature \u00e0 la pr\u00e9sidentielle pour porter l\u2019id\u00e9e d\u2019une r\u00e9elle alternative \u00e0 la centralisation<\/strong><\/span><br \/>Si nous vous sollicitons, c\u2019est que nous disposons aujourd\u2019hui d\u2019une opportunit\u00e9 de porter ces id\u00e9es au c\u0153ur des d\u00e9bats de la pr\u00e9sidentielle 2017. Une figure du r\u00e9gionalisme que nous connaissons bien s\u2019est port\u00e9e candidat&nbsp;: il s\u2019agit de <span style=\"font-size: 14pt;\"><strong>Christian Troadec, Maire de Carhaix (Finist\u00e8re)<\/strong><\/span>.&nbsp; Il s\u2019est illustr\u00e9 tout d\u2019abord pour avoir fond\u00e9 le festival musical des vielles charrues. Dot\u00e9 d\u2019un caract\u00e8re de r\u00e9sistant, aguerri dans son r\u00f4le d&rsquo;\u00e9lu local, il a su \u00e9galement lutter pour le maintien de services publics locaux, mais aussi tenir la position de porte-parole du mouvement des bonnets rouges. Il est soutenu sur l\u2019ensemble du territoire fran\u00e7ais par la f\u00e9d\u00e9ration de partis r\u00e9gionalistes \u00ab&nbsp;R\u00e9gions et Peuples Solidaires&nbsp;\u00bb.<\/p>\n<p>Afin que cette voix puisse se faire entendre, il est n\u00e9cessaire, comme vous le savez que les cinq&nbsp; cents parrainages soient r\u00e9unis. Un soutien fortement exprim\u00e9 provenant de maires des Pays de Savoie serait symbolique de la volont\u00e9 de faire reconna\u00eetre nos besoins propres et d\u2019afficher le ras le bol face aux d\u00e9cisions unilat\u00e9rales et m\u00e9prisantes impos\u00e9es par l\u2019\u00c9tat.<\/p>\n<p>Nous vous invitons donc \u00e0 lire avec attention la demande de parrainage de Christian Troadec ci-jointe et \u00e0 y apporter votre soutien. Nous sommes \u00e0 votre disposition pour en discuter de vive voix avec vous.<\/p>\n<p>Tout en vous faisant part de notre respect et de nos compliments pour votre engagement public, nous vous prions, Madame, Monsieur le Maire, de recevoir l\u2019expression de nos sinc\u00e8res salutations.<\/p>\n<p>&nbsp;<\/p>\n<p style=\"text-align: right;\"><strong>Le Pr\u00e9sident du Mouvement R\u00e9gion Savoie<\/strong><br \/><strong>Laurent BLONDAZ<\/strong><\/p>\n","protected":false},"excerpt":{"rendered":"<p>Lettre envoy\u00e9e aux Maires des Pays de Savoie &nbsp; Madame, Monsieur le Maire, &nbsp; Tout comme vous, nous avons \u00e9t\u00e9 r\u00e9cemment spectateurs de graves d\u00e9nis de d\u00e9mocratie provoqu\u00e9s par la mise en \u0153uvre de la loi NOTRe. Dans un premier temps, la fusion des r\u00e9gions qui nous a \u00e9t\u00e9 impos\u00e9e aurait du faire l\u2019objet de &#8230; <a title=\"Pour une France lib\u00e9r\u00e9e de son hyper-centralisme\" class=\"read-more\" href=\"https:\/\/sabaudia-mrs.org\/index.php\/2016\/11\/06\/pour-une-france-liberee-de-son-hyper-centralisme\/\" aria-label=\"En savoir plus sur Pour une France lib\u00e9r\u00e9e de son hyper-centralisme\">Lire la suite<\/a><\/p>\n","protected":false},"author":1,"featured_media":0,"comment_status":"open","ping_status":"open","sticky":false,"template":"","format":"standard","meta":{"footnotes":""},"categories":[2],"tags":[],"class_list":["post-698","post","type-post","status-publish","format-standard","hentry","category-slogans"],"_links":{"self":[{"href":"https:\/\/sabaudia-mrs.org\/index.php\/wp-json\/wp\/v2\/posts\/698","targetHints":{"allow":["GET"]}}],"collection":[{"href":"https:\/\/sabaudia-mrs.org\/index.php\/wp-json\/wp\/v2\/posts"}],"about":[{"href":"https:\/\/sabaudia-mrs.org\/index.php\/wp-json\/wp\/v2\/types\/post"}],"author":[{"embeddable":true,"href":"https:\/\/sabaudia-mrs.org\/index.php\/wp-json\/wp\/v2\/users\/1"}],"replies":[{"embeddable":true,"href":"https:\/\/sabaudia-mrs.org\/index.php\/wp-json\/wp\/v2\/comments?post=698"}],"version-history":[{"count":0,"href":"https:\/\/sabaudia-mrs.org\/index.php\/wp-json\/wp\/v2\/posts\/698\/revisions"}],"wp:attachment":[{"href":"https:\/\/sabaudia-mrs.org\/index.php\/wp-json\/wp\/v2\/media?parent=698"}],"wp:term":[{"taxonomy":"category","embeddable":true,"href":"https:\/\/sabaudia-mrs.org\/index.php\/wp-json\/wp\/v2\/categories?post=698"},{"taxonomy":"post_tag","embeddable":true,"href":"https:\/\/sabaudia-mrs.org\/index.php\/wp-json\/wp\/v2\/tags?post=698"}],"curies":[{"name":"wp","href":"https:\/\/api.w.org\/{rel}","templated":true}]}}