{"id":671,"date":"2016-03-28T22:10:11","date_gmt":"2016-03-28T20:10:11","guid":{"rendered":"http:\/\/savoue.patoue.fr\/2016\/03\/28\/soutien-au-projet-de-parc-naturel-regional-de-la-dombes\/"},"modified":"2016-03-28T22:10:11","modified_gmt":"2016-03-28T20:10:11","slug":"soutien-au-projet-de-parc-naturel-regional-de-la-dombes","status":"publish","type":"post","link":"https:\/\/sabaudia-mrs.org\/index.php\/2016\/03\/28\/soutien-au-projet-de-parc-naturel-regional-de-la-dombes\/","title":{"rendered":"Soutien au projet de Parc Naturel R\u00e9gional de la Dombes"},"content":{"rendered":"<p style=\"margin-bottom: 0cm;\">Les parcs r\u00e9gionaux sont des dispositifs qui permettent de recr\u00e9er une \u00e9conomie et une identit\u00e9 forte dans un territoire rural face aux pouvoirs d&rsquo;attraction des aires m\u00e9tropolitaines. Le parc des Bauges au c\u0153ur des Pays de Savoie est un exemple r\u00e9ussi, dispositif dont se sont appropri\u00e9 aujourd&rsquo;hui les \u00e9lus et la population.<\/p>\n<p><!--more--><\/p>\n<p style=\"margin-bottom: 0cm;\">Concernant, la Dombes, l&rsquo;aire m\u00e9tropolitaine voisine n&rsquo;est pas n&rsquo;importe laquelle puisque il s&rsquo;agit de l&rsquo;agglom\u00e9ration lyonnaise, qui renforce d\u00e9sormais son pouvoir en \u00e9tant le nouveau centre d&rsquo;un agr\u00e9gat sans lien culturel ni historique, form\u00e9 par les ex-r\u00e9gions Rh\u00f4ne-Alpes et Auvergne.<\/p>\n<p>&nbsp;<\/p>\n<p style=\"margin-bottom: 0cm;\">La Dombes, de par sa proximit\u00e9 g\u00e9ographique avec le \u00ab&nbsp;grand Lyon&nbsp;\u00bb m\u00e9rite mieux que de devenir un grand dortoir de seconde zone sans \u00e2me.<\/p>\n<p style=\"margin-bottom: 0cm;\">Ce territoire est non seulement riche au niveau de son \u00e9cosyst\u00e8me et de ses paysages, mais il poss\u00e8de aussi une histoire unique et une identit\u00e9 culturelle tr\u00e8s forte. Il est notamment inclus dans l&rsquo;aire de la langue r\u00e9gionale arpitane.<\/p>\n<p>Une partie du territoire du possible Parc Naturel R\u00e9gional a fait partie du duch\u00e9 de Savoie, avec les anciennes Ch\u00e2tellenie de Villars-les-Dombes, Chatillon sur Chalaronne et P\u00e9rouge. L&rsquo;autre partie est situ\u00e9e sur l&rsquo;ancienne principaut\u00e9 de Dombes, qui n&rsquo;est devenue fran\u00e7aise qu&rsquo;\u00e0 la fin du XVIII\u00e8me si\u00e8cle.<\/p>\n<p>&nbsp;<\/p>\n<p style=\"margin-bottom: 0cm;\">L&rsquo;histoire, la culture et la nature se conjuguent et apportent \u00e0 l&rsquo;\u00e9conomie et au tourisme de nombreux ingr\u00e9dients. Il suffit de penser \u00e0 Villars les Dombes o\u00f9 se situe le parc des oiseaux, mais aussi \u00e0 P\u00e9rouge (en Valbonne, mais proche de la Dombes), village m\u00e9di\u00e9val tr\u00e8s connu. Ch\u00e2tillon sur Chalaronne appel\u00e9e autrefois Ch\u00e2tillon en Dombes est aussi une ville \u00e0 d\u00e9couvrir pour son patrimoine et son charme. Le comte de Savoie y promulgua les nouveaux statuts de l&rsquo;ordre chevaleresque du Collier en 1434&#8230; A d\u00e9couvrir aussi, de nombreux villages et ch\u00e2teaux comme Bouligneux, Amb\u00e9rieu en Dombes, etc&#8230;<\/p>\n<p>&nbsp;<\/p>\n<p style=\"margin-bottom: 0cm;\">L&rsquo;autre menace qui p\u00e8se sur la Dombes, outre l&rsquo;urbanisation et la perte d&rsquo;identit\u00e9 de ce territoire, c&rsquo;est la disparition d&rsquo;un syst\u00e8me de zone humide, compos\u00e9 par plus de 1400 \u00e9tangs, unique en Europe qui risque d&rsquo;\u00eatre progressivement transform\u00e9 en champs de culture intensive.<\/p>\n<p style=\"margin-bottom: 0cm;\">L&rsquo;objectif de ceux qui ne veulent pas ce parc est toujours le m\u00eame : r\u00e9aliser le plus de profit, sans contraintes, sans \u00e9quilibre, ni vision \u00e0 long terme.<\/p>\n<p>&nbsp;<\/p>\n<p style=\"margin-bottom: 0cm;\">Il est temps d&rsquo;inverser le cours des choses. Les nouvelles constructions immobili\u00e8res se doivent de ne plus d\u00e9valoriser l&rsquo;identit\u00e9 culturelle locale. L&rsquo;agriculture intensive n&rsquo;est plus le mod\u00e8le \u00e0 suivre. Une \u00e9conomie au m\u00e9pris des \u00e9cosyst\u00e8mes, de la nature et de paysages exceptionnels ne ferait que d\u00e9truire ce si beau territoire, riche d&rsquo;une identit\u00e9 et d&rsquo;une culture ancr\u00e9e dans l&rsquo;histoire.<\/p>\n<p style=\"margin-bottom: 0cm;\">C&rsquo;est pourquoi le Mouvement R\u00e9gion Savoie apporte son soutien pour le projet de cr\u00e9ation d&rsquo;un futur Parc Naturel R\u00e9gional de la Dombes, au c\u0153ur de cette ancienne terre savoyarde.<\/p>\n<p style=\"margin-bottom: 0cm; text-align: right;\">Emmanuel Coux<\/p>\n<p>&nbsp;<\/p>\n<p style=\"margin-bottom: 0cm;\">A lire aussi sur le sujet : article d&rsquo;<a href=\"http:\/\/reporterre.net\/N-en-deplaise-a-Laurent-Wauquiez-il-faut-creer-le-parc-naturel-de-la-Dombes\" target=\"_blank\" rel=\"noopener\">Alain Chabrolle sur Reporterre<\/a><\/p>\n<p style=\"margin-bottom: 0cm;\">&nbsp;<\/p>\n","protected":false},"excerpt":{"rendered":"<p>Les parcs r\u00e9gionaux sont des dispositifs qui permettent de recr\u00e9er une \u00e9conomie et une identit\u00e9 forte dans un territoire rural face aux pouvoirs d&rsquo;attraction des aires m\u00e9tropolitaines. Le parc des Bauges au c\u0153ur des Pays de Savoie est un exemple r\u00e9ussi, dispositif dont se sont appropri\u00e9 aujourd&rsquo;hui les \u00e9lus et la population.<\/p>\n","protected":false},"author":1,"featured_media":0,"comment_status":"open","ping_status":"open","sticky":false,"template":"","format":"standard","meta":{"footnotes":""},"categories":[9],"tags":[],"class_list":["post-671","post","type-post","status-publish","format-standard","hentry","category-ecologie"],"_links":{"self":[{"href":"https:\/\/sabaudia-mrs.org\/index.php\/wp-json\/wp\/v2\/posts\/671","targetHints":{"allow":["GET"]}}],"collection":[{"href":"https:\/\/sabaudia-mrs.org\/index.php\/wp-json\/wp\/v2\/posts"}],"about":[{"href":"https:\/\/sabaudia-mrs.org\/index.php\/wp-json\/wp\/v2\/types\/post"}],"author":[{"embeddable":true,"href":"https:\/\/sabaudia-mrs.org\/index.php\/wp-json\/wp\/v2\/users\/1"}],"replies":[{"embeddable":true,"href":"https:\/\/sabaudia-mrs.org\/index.php\/wp-json\/wp\/v2\/comments?post=671"}],"version-history":[{"count":0,"href":"https:\/\/sabaudia-mrs.org\/index.php\/wp-json\/wp\/v2\/posts\/671\/revisions"}],"wp:attachment":[{"href":"https:\/\/sabaudia-mrs.org\/index.php\/wp-json\/wp\/v2\/media?parent=671"}],"wp:term":[{"taxonomy":"category","embeddable":true,"href":"https:\/\/sabaudia-mrs.org\/index.php\/wp-json\/wp\/v2\/categories?post=671"},{"taxonomy":"post_tag","embeddable":true,"href":"https:\/\/sabaudia-mrs.org\/index.php\/wp-json\/wp\/v2\/tags?post=671"}],"curies":[{"name":"wp","href":"https:\/\/api.w.org\/{rel}","templated":true}]}}