{"id":669,"date":"2016-03-11T18:16:46","date_gmt":"2016-03-11T17:16:46","guid":{"rendered":"http:\/\/savoue.patoue.fr\/2016\/03\/11\/dictature-prefectorale-en-haute-savoie\/"},"modified":"2016-03-11T18:16:46","modified_gmt":"2016-03-11T17:16:46","slug":"dictature-prefectorale-en-haute-savoie","status":"publish","type":"post","link":"https:\/\/sabaudia-mrs.org\/index.php\/2016\/03\/11\/dictature-prefectorale-en-haute-savoie\/","title":{"rendered":"Dictature pr\u00e9fectorale en Haute-Savoie"},"content":{"rendered":"<p>Dictature pr\u00e9fectorale en Haute-Savoie : la communaut\u00e9 de communes du Pays d&rsquo;Alby avait vot\u00e9 sa fusion avec celle de Rumilly, ces deux territoires faisant partie d&rsquo;un m\u00eame ensemble g\u00e9o-historique, l&rsquo;Albanais (ne parlons m\u00eame pas de la communaut\u00e9 de communes d&rsquo;Albens d\u00e9j\u00e0 \u00e9cart\u00e9e par l&rsquo;infranchissable fronti\u00e8re 73\/74). Mais le pr\u00e9fet de Haute-Savoie, s&rsquo;opposant ouvertement \u00e0 la volont\u00e9 des \u00e9lus a d\u00e9cid\u00e9 qu&rsquo;il en serait autrement, et a d&rsquo;autorit\u00e9 rattach\u00e9 la CCPA \u00e0 l&rsquo;agglom\u00e9ration ann\u00e9cienne qui trouvera l\u00e0 une mine de places d&rsquo;\u00e9lus et de terrains \u00e0 urbaniser qu&rsquo;elle pourra distribuer selon les int\u00e9r\u00eats du moment.<\/p>\n<p><!--more--><\/p>\n<p>Si les \u00e9lus des communaut\u00e9s de communes sont bien \u00e9lus \u00e0 un moment donn\u00e9 par les citoyens, ce n&rsquo;est en revanche pas le cas du pr\u00e9fet qui est nomm\u00e9 par l&rsquo;Etat. C&rsquo;est pourtant \u00e0 lui que revient la d\u00e9cision finale, au m\u00e9pris de toute d\u00e9mocratie.<\/p>\n<p>Dans une v\u00e9ritable d\u00e9mocratie, comment tol\u00e9rer qu&rsquo;un personnage qui ne repr\u00e9sente pas la population puisse d\u00e9cider pour elle en lieu et place des repr\u00e9sentants qu&rsquo;elle s&rsquo;est choisie ? Une preuve de plus (s&rsquo;il en fallait une) que si en France la d\u00e9mocratie est bien une illusion savamment entretenue, la R\u00e9publique des \u00e9narques tout-puissants est elle bien r\u00e9elle et qu&rsquo;elle n&rsquo;a pas fini de red\u00e9couper les territoires et les mettre en coupe r\u00e9gl\u00e9e selon son bon plaisir.<\/p>\n<p>D\u00e9go\u00fbt\u00e9s par la politique (\u00e0 juste titre), beaucoup de citoyens s&rsquo;en sont d\u00e9tourn\u00e9s et vaquent \u00e0 leurs petites occupations. Ils ont tort car ces d\u00e9cisions absurdes, prises aujourd&rsquo;hui par un petit nombre pour son seul profit, auront demain des r\u00e9percussions difficilement r\u00e9versibles sur nos vies quotidiennes. Et ce n&rsquo;est l\u00e0 que l&rsquo;un des exemples de ces fusionnites \u00e0 l&#8217;emporte-pi\u00e8ce qui mettent les territoires des pays de Savoie \u00e0 la d\u00e9coupe, et au del\u00e0, bon nombre de territoires ailleurs en France&#8230; Jusqu&rsquo;\u00e0 quand ?<\/p>\n<p><span data-ft=\"{&quot;tn&quot;:&quot;K&quot;}\"><span class=\"UFICommentBody _1n4g\">Dans l&rsquo;article 72 de la constitution, on peut lire : \u00ab\u00a0Dans les conditions pr\u00e9vues par la loi, ces collectivit\u00e9s s&rsquo;administrent librement par des conseils \u00e9lus et disposent d&rsquo;un pouvoir r\u00e9glementaire pour l&rsquo;exercice de leurs comp\u00e9tences.\u00a0\u00bb et aussi : \u00ab\u00a0Dans les collectivit\u00e9s territoriales de la R\u00e9publique, le repr\u00e9sentant de l&rsquo;\u00c9tat, repr\u00e9sentant de chacun des membres du Gouvernement, a la charge des int\u00e9r\u00eats nationaux, du contr\u00f4le administratif et du respect des lois.\u00a0\u00bb&#8230; Le pr\u00e9fet devrait expliquer en quoi la fusion entre les intercommunalit\u00e9s d&rsquo;Alby et de Rumilly serait contraire aux \u00ab\u00a0int\u00e9r\u00eats nationaux\u00a0\u00bb ou \u00e0 la loi, alors que la fusion avec Annecy ne le serait pas&#8230; <\/span><\/span><\/p>\n<p><span data-ft=\"{&quot;tn&quot;:&quot;K&quot;}\"><span class=\"UFICommentBody _1n4g\">Comment respecter un Etat qui s&rsquo;assoit sur les textes dont il est cens\u00e9 \u00eatre le garant ?<\/span><\/span><\/p>\n<p>RG<\/p>\n<p>{jcomments on}<\/p>\n","protected":false},"excerpt":{"rendered":"<p>Dictature pr\u00e9fectorale en Haute-Savoie : la communaut\u00e9 de communes du Pays d&rsquo;Alby avait vot\u00e9 sa fusion avec celle de Rumilly, ces deux territoires faisant partie d&rsquo;un m\u00eame ensemble g\u00e9o-historique, l&rsquo;Albanais (ne parlons m\u00eame pas de la communaut\u00e9 de communes d&rsquo;Albens d\u00e9j\u00e0 \u00e9cart\u00e9e par l&rsquo;infranchissable fronti\u00e8re 73\/74). Mais le pr\u00e9fet de Haute-Savoie, s&rsquo;opposant ouvertement \u00e0 la &#8230; <a title=\"Dictature pr\u00e9fectorale en Haute-Savoie\" class=\"read-more\" href=\"https:\/\/sabaudia-mrs.org\/index.php\/2016\/03\/11\/dictature-prefectorale-en-haute-savoie\/\" aria-label=\"En savoir plus sur Dictature pr\u00e9fectorale en Haute-Savoie\">Lire la suite<\/a><\/p>\n","protected":false},"author":1,"featured_media":0,"comment_status":"open","ping_status":"open","sticky":false,"template":"","format":"standard","meta":{"footnotes":""},"categories":[21],"tags":[],"class_list":["post-669","post","type-post","status-publish","format-standard","hentry","category-reforme-territoriale-2014"],"_links":{"self":[{"href":"https:\/\/sabaudia-mrs.org\/index.php\/wp-json\/wp\/v2\/posts\/669","targetHints":{"allow":["GET"]}}],"collection":[{"href":"https:\/\/sabaudia-mrs.org\/index.php\/wp-json\/wp\/v2\/posts"}],"about":[{"href":"https:\/\/sabaudia-mrs.org\/index.php\/wp-json\/wp\/v2\/types\/post"}],"author":[{"embeddable":true,"href":"https:\/\/sabaudia-mrs.org\/index.php\/wp-json\/wp\/v2\/users\/1"}],"replies":[{"embeddable":true,"href":"https:\/\/sabaudia-mrs.org\/index.php\/wp-json\/wp\/v2\/comments?post=669"}],"version-history":[{"count":0,"href":"https:\/\/sabaudia-mrs.org\/index.php\/wp-json\/wp\/v2\/posts\/669\/revisions"}],"wp:attachment":[{"href":"https:\/\/sabaudia-mrs.org\/index.php\/wp-json\/wp\/v2\/media?parent=669"}],"wp:term":[{"taxonomy":"category","embeddable":true,"href":"https:\/\/sabaudia-mrs.org\/index.php\/wp-json\/wp\/v2\/categories?post=669"},{"taxonomy":"post_tag","embeddable":true,"href":"https:\/\/sabaudia-mrs.org\/index.php\/wp-json\/wp\/v2\/tags?post=669"}],"curies":[{"name":"wp","href":"https:\/\/api.w.org\/{rel}","templated":true}]}}