{"id":638,"date":"2015-12-07T14:33:56","date_gmt":"2015-12-07T13:33:56","guid":{"rendered":"http:\/\/savoue.patoue.fr\/2015\/12\/07\/regionalisme\/"},"modified":"2015-12-07T14:33:56","modified_gmt":"2015-12-07T13:33:56","slug":"regionalisme","status":"publish","type":"post","link":"https:\/\/sabaudia-mrs.org\/index.php\/2015\/12\/07\/regionalisme\/","title":{"rendered":"R\u00e9gionalisme"},"content":{"rendered":"<p style=\"text-align: right;\"><em> extrait du manifeste pour la refondation du Mouvement r\u00e9gion Savoie<\/em><\/p>\n<p><span style=\"font-size: 10pt;\">L&rsquo;objectif originel du MRS, m\u00eame si ce n&rsquo;est pas le seul, est de contribuer \u00e0 la mise en place d&rsquo;une r\u00e9gion Savoie institutionnelle, dot\u00e9e de r\u00e9elles comp\u00e9tences, afin de mettre en \u0153uvre de la mani\u00e8re la plus efficace les services dont a besoin la population.<\/span><\/p>\n<p><span style=\"font-size: 10pt;\">La Savoie poss\u00e8de tant de sp\u00e9cificit\u00e9s, qu&rsquo;elle n\u00e9cessite \u00e0 notre sens de s&rsquo;organiser ind\u00e9pendamment de Rh\u00f4ne-Alpes, dont les centres de d\u00e9cisions sont beaucoup trop \u00e9loign\u00e9s de nos besoins. Le relief des Pays de Savoie, ses vall\u00e9es profondes rendent difficiles les liaisons. Pour que la d\u00e9mocratie et la transparence puissent s&rsquo;y exercer, cette r\u00e9gion doit avoir une taille humaine. Les citoyens qui le souhaitent doivent pouvoir participer aux d\u00e9bats et y faire valoir leur opinion.<\/span><\/p>\n<p><span style=\"font-size: 10pt;\">Le projet de r\u00e9gion Savoie consiste \u00e0 rassembler et fusionner les deux d\u00e9partements 73 et 74, et d&rsquo;y associer toutes les communes du pays de Gex, du Bugey et de l&rsquo;Is\u00e8re limitrophe qui le souhaitent. En particulier, l&rsquo;ensemble des communes de la couronne genevoise situ\u00e9es sur le territoire fran\u00e7ais pourrait \u00eatre rassembl\u00e9 sous la m\u00eame entit\u00e9 territoriale.<\/span><\/p>\n<p><span style=\"font-size: 10pt;\">Avec plus de 1,2 millions d&rsquo;habitants et plus de 10 000 km\u00b2, les Pays de Savoie ne constitueraient ni la plus petite, ni la moins peupl\u00e9e des r\u00e9gions m\u00e9tropolitaines fran\u00e7aises. Ils pourraient \u00eatre compar\u00e9s \u00e0 l&rsquo;Alsace par sa taille, sa d\u00e9mographie, et son dynamisme.<\/span><\/p>\n<p><span style=\"font-size: 10pt;\">Notre conviction est que la r\u00e9gion est le lieu le mieux adapt\u00e9 pour g\u00e9rer des questions majeures de vie locale et d&rsquo;am\u00e9nagement du territoire, qui sont autant d&rsquo;enjeux pour le XXI\u00e8me si\u00e8cle&nbsp;: que ce soit le d\u00e9veloppement des infrastructures de transports publics, le d\u00e9veloppement et la distribution des \u00e9nergies renouvelables, le d\u00e9veloppement d&rsquo;une activit\u00e9 intellectuelle et scientifique \u00e0 travers l&rsquo;universit\u00e9, l&rsquo;acc\u00e8s \u00e0 l&rsquo;\u00e9ducation et la formation professionnelle, un acc\u00e8s \u00e9quitable \u00e0 des soins de qualit\u00e9 et \u00e0 la solidarit\u00e9 sociale, la promotion de la culture&#8230;<\/span><\/p>\n<p><span style=\"font-size: 10pt;\">Tous les grands pays europ\u00e9ens se sont t\u00f4t au tard orient\u00e9s vers une organisation en r\u00e9gions autonomes et \u00e9mancip\u00e9es. Les l\u00e4nder allemands, cantons suisses, r\u00e9gions autonomes d&rsquo;Italie, d&rsquo;Espagne, d&rsquo;Autriche, forment aujourd&rsquo;hui les exemples d&rsquo;un mod\u00e8le europ\u00e9en. La France est le dernier \u00c9tat-nation europ\u00e9en \u00e0 \u00eatre encore autant centralis\u00e9. A l&rsquo;heure de l&rsquo;internet, l&rsquo;ouverture de l&rsquo;information nous permet, au-del\u00e0 des rh\u00e9toriques jacobines, de d\u00e9couvrir ce qui fonctionne mieux ailleurs. Les moyens sont l\u00e0. Le temps du changement est venu.<\/span><\/p>\n<p><a href=\"http:\/\/savoue.patoue.fr\/2015\/12\/07\/democratie-et-federalisme\/\" data-wplink-edit=\"true\" target=\"_blank\" rel=\"noopener\"><em>Lire la suite du manifeste<\/em><\/a><\/p>\n","protected":false},"excerpt":{"rendered":"<p>extrait du manifeste pour la refondation du Mouvement r\u00e9gion Savoie L&rsquo;objectif originel du MRS, m\u00eame si ce n&rsquo;est pas le seul, est de contribuer \u00e0 la mise en place d&rsquo;une r\u00e9gion Savoie institutionnelle, dot\u00e9e de r\u00e9elles comp\u00e9tences, afin de mettre en \u0153uvre de la mani\u00e8re la plus efficace les services dont a besoin la population. &#8230; <a title=\"R\u00e9gionalisme\" class=\"read-more\" href=\"https:\/\/sabaudia-mrs.org\/index.php\/2015\/12\/07\/regionalisme\/\" aria-label=\"En savoir plus sur R\u00e9gionalisme\">Lire la suite<\/a><\/p>\n","protected":false},"author":1,"featured_media":0,"comment_status":"open","ping_status":"open","sticky":false,"template":"","format":"standard","meta":{"footnotes":""},"categories":[58],"tags":[],"class_list":["post-638","post","type-post","status-publish","format-standard","hentry","category-valeurs-du-mrs"],"_links":{"self":[{"href":"https:\/\/sabaudia-mrs.org\/index.php\/wp-json\/wp\/v2\/posts\/638","targetHints":{"allow":["GET"]}}],"collection":[{"href":"https:\/\/sabaudia-mrs.org\/index.php\/wp-json\/wp\/v2\/posts"}],"about":[{"href":"https:\/\/sabaudia-mrs.org\/index.php\/wp-json\/wp\/v2\/types\/post"}],"author":[{"embeddable":true,"href":"https:\/\/sabaudia-mrs.org\/index.php\/wp-json\/wp\/v2\/users\/1"}],"replies":[{"embeddable":true,"href":"https:\/\/sabaudia-mrs.org\/index.php\/wp-json\/wp\/v2\/comments?post=638"}],"version-history":[{"count":0,"href":"https:\/\/sabaudia-mrs.org\/index.php\/wp-json\/wp\/v2\/posts\/638\/revisions"}],"wp:attachment":[{"href":"https:\/\/sabaudia-mrs.org\/index.php\/wp-json\/wp\/v2\/media?parent=638"}],"wp:term":[{"taxonomy":"category","embeddable":true,"href":"https:\/\/sabaudia-mrs.org\/index.php\/wp-json\/wp\/v2\/categories?post=638"},{"taxonomy":"post_tag","embeddable":true,"href":"https:\/\/sabaudia-mrs.org\/index.php\/wp-json\/wp\/v2\/tags?post=638"}],"curies":[{"name":"wp","href":"https:\/\/api.w.org\/{rel}","templated":true}]}}