{"id":548,"date":"2012-11-15T09:32:15","date_gmt":"2012-11-15T08:32:15","guid":{"rendered":"http:\/\/savoue.patoue.fr\/2012\/11\/15\/jean-marc-ayrault-et-mario-monti-le-12-novembre-2012-a-matignon\/"},"modified":"2012-11-15T09:32:15","modified_gmt":"2012-11-15T08:32:15","slug":"jean-marc-ayrault-et-mario-monti-le-12-novembre-2012-a-matignon","status":"publish","type":"post","link":"https:\/\/sabaudia-mrs.org\/index.php\/2012\/11\/15\/jean-marc-ayrault-et-mario-monti-le-12-novembre-2012-a-matignon\/","title":{"rendered":"Jean Marc AYRAULT et Mario MONTI le 12 novembre 2012 \u00e0 Matignon."},"content":{"rendered":"<p><span style=\"font-size: 10pt;\"><strong><img loading=\"lazy\" decoding=\"async\" class=\" alignleft size-full wp-image-547\" style=\"margin: 5px 12px 5px 0px; float: left;\" src=\"http:\/\/sabaudr.cluster028.hosting.ovh.net\/wp-content\/uploads\/2012\/11\/no-tav-no-mafia.jpg\" height=\"152\" width=\"142\" \/>Communiqu\u00e9 de Presse Coordination contre le projet Lyon Turin fret voyageur <\/strong><\/span><\/p>\n<p><strong><span style=\"font-size: 10pt;\">Florence le 10 novembre 2011<\/span><\/strong><\/p>\n<p>\u00a0<\/p>\n<p><span style=\"font-size: 10pt;\">Les opposants Fran\u00e7ais et Italiens au LGV Lyon-Turin actuellement r\u00e9unis au Forum Europ\u00e9en \u201cFirenze 10 + 10\u201d, viennent d&rsquo;apprendre que le Premier Ministre Fran\u00e7ais recevra le Pr\u00e9sident du Conseil Italien le 12 novembre prochain \u00e0 Matignon.<\/span><\/p>\n<p><span style=\"font-size: 10pt;\">La France et l\u2019Italie ne peuvent s&rsquo;engager dans une aventure financi\u00e8re pr\u00e9judiciable aux deux pays, au moment o\u00f9 la Cour des Comptes Fran\u00e7aise a confirm\u00e9 que les conditions de l&rsquo;accord datant du 29\/01\/2001 n&rsquo;existent plus :<\/span><br \/><span style=\"font-size: 10pt;\">\uf02d- Le co\u00fbt d\u00e9clar\u00e9 est pass\u00e9 de 12 Milliards \u00e0 plus de 26 Milliards,<\/span><\/p>\n<p><!--more--><\/p>\n<p><span style=\"font-size: 10pt;\">&#8211; La ligne ferroviaire existante n&rsquo;est pas satur\u00e9e et ne le sera pas dans le futur. Elle est utilis\u00e9e actuellement \u00e0 moins de 20% de sa capacit\u00e9.<\/span><br \/><span style=\"font-size: 10pt;\">\uf02d- Les co\u00fbts de reconnaissance ont tripl\u00e9 alors qu&rsquo;aucun percement n&rsquo;a d\u00e9but\u00e9 en Italie,<\/span><br \/><span style=\"font-size: 10pt;\">\uf02d- Toutes les pr\u00e9visions de trafic ont \u00e9t\u00e9 sur\u00e9valu\u00e9es depuis plus de 20 ans gr\u00e2ce \u00e0 une m\u00e9thodologie fallacieuse, le niveau actuel des marchandises transport\u00e9es \u00e9tant inf\u00e9rieur \u00e0 celui de 1988,<\/span><br \/><span style=\"font-size: 10pt;\">\uf02d- Les enqu\u00eates publiques ont r\u00e9v\u00e9l\u00e9 des probl\u00e8mes de partialit\u00e9, de conflit d&rsquo;int\u00e9r\u00eat, de sorte que la Cour des Comptes a d\u00fb rappeler ces r\u00e8gles dans son r\u00e9f\u00e9r\u00e9.<\/span><\/p>\n<p><span style=\"font-size: 10pt;\">L&rsquo;engagement d&rsquo;un tel projet co\u00fbteux, aberrant et inutile de plus de 26 milliards, interdirait tout investissement sur les axes prioritaires Nord Sud qui pr\u00e9sentent des trafics jusqu&rsquo;\u00e0 dix fois sup\u00e9rieurs.<\/span><\/p>\n<p><span style=\"font-size: 10pt;\">D\u00e8s maintenant, une simple r\u00e9glementation interdisant la circulation des poids lourds \u00e0 vide dans les Alpes et la mise en service d&rsquo;une liaison maritime en M\u00e9diterran\u00e9e similaire \u00e0 celles de la Manche permet aux deux \u00c9tats d&rsquo;annoncer une r\u00e9duction d&rsquo;un million de camions par an.<\/span><\/p>\n<p><span style=\"font-size: 10pt;\">Le passage en force, comme la politique du fait accompli, sans consultation ni d\u00e9bat r\u00e9v\u00e9lerait un manque de bon sens, une soumission au Lobby du Lyon-Turin, ne pouvant que provoquer l&rsquo;incompr\u00e9hension, alors que l&rsquo;accord de 2001 est caduc.<\/span><\/p>\n<p style=\"text-align: right;\">\u00a0<\/p>\n<p style=\"text-align: right;\">\u00a0<\/p>\n<p style=\"text-align: center;\"><span style=\"font-size: 10pt;\"><strong>Coordination contre le projet Lyon Turin fret voyageur &#8211; FRANCE<\/strong><\/span><br \/><span style=\"font-size: 10pt;\"><strong>NO TAV &#8211; ITALIA<\/strong><\/span><br \/><span style=\"font-size: 10pt;\">Contact Presse:<\/span><\/p>\n<p style=\"text-align: center;\"><span style=\"font-size: 10pt;\">France &#8211; Daniel IBANEZ 06 07 74 10 17 <a href=\"mailto:contact@lesmollettes.eu\">contact@lesmollettes.eu<\/a><\/span><\/p>\n<p style=\"text-align: center;\"><span style=\"font-size: 10pt;\">Italie \u2013 Paolo PRIERI 00 39 320 265 95 60 <a href=\"mailto:info@presidioeuropa.net\">info@presidioeuropa.net<\/a><\/span><\/p>\n<p style=\"text-align: center;\"><span style=\"font-size: 10pt;\">ITALIA www.notav.info &#8211; www.notav.eu &#8211; www.notav-valsangone.eu &#8211; www.notavtorino.org<\/span><br \/><span style=\"font-size: 10pt;\">www.ambientevalsusa.it &#8211; www.lavallecheresiste.info &#8211; www.spintadalbass.org &#8211; www.PresidioEuropa.net<\/span><\/p>\n<p><span style=\"font-size: 10pt;\">FRANCE <a href=\"http:\/\/lesmollettes.eu\/\" target=\"_blank\" rel=\"noopener\">http:\/\/lesmollettes.eu\/<\/a> &#8211; <a href=\"http:\/\/lacoordinationcontrelelyon-turin.overblog.com\/\" target=\"_blank\" rel=\"noopener\">http:\/\/lacoordinationcontrelelyon-turin.overblog.com\/<\/a><\/span><\/p>\n<p><span style=\"font-size: 10pt;\"><a href=\"http:\/\/www.facebook.com\/pages\/Diaporama-Lyon-Turin-Les-preuves-en-Main\/189085447895773\" target=\"_blank\" rel=\"noopener\">http:\/\/www.facebook.com\/pages\/Diaporama-Lyon-Turin-Les-preuves-en-Main\/189085447895773<\/a><\/span><\/p>\n<p><span style=\"font-size: 10pt;\">{jcomments on}<br \/><\/span><\/p>\n","protected":false},"excerpt":{"rendered":"<p>Communiqu\u00e9 de Presse Coordination contre le projet Lyon Turin fret voyageur Florence le 10 novembre 2011 \u00a0 Les opposants Fran\u00e7ais et Italiens au LGV Lyon-Turin actuellement r\u00e9unis au Forum Europ\u00e9en \u201cFirenze 10 + 10\u201d, viennent d&rsquo;apprendre que le Premier Ministre Fran\u00e7ais recevra le Pr\u00e9sident du Conseil Italien le 12 novembre prochain \u00e0 Matignon. La France &#8230; <a title=\"Jean Marc AYRAULT et Mario MONTI le 12 novembre 2012 \u00e0 Matignon.\" class=\"read-more\" href=\"https:\/\/sabaudia-mrs.org\/index.php\/2012\/11\/15\/jean-marc-ayrault-et-mario-monti-le-12-novembre-2012-a-matignon\/\" aria-label=\"En savoir plus sur Jean Marc AYRAULT et Mario MONTI le 12 novembre 2012 \u00e0 Matignon.\">Lire la suite<\/a><\/p>\n","protected":false},"author":1,"featured_media":547,"comment_status":"open","ping_status":"open","sticky":false,"template":"","format":"standard","meta":{"footnotes":""},"categories":[54],"tags":[],"class_list":["post-548","post","type-post","status-publish","format-standard","has-post-thumbnail","hentry","category-transports-lt"],"_links":{"self":[{"href":"https:\/\/sabaudia-mrs.org\/index.php\/wp-json\/wp\/v2\/posts\/548","targetHints":{"allow":["GET"]}}],"collection":[{"href":"https:\/\/sabaudia-mrs.org\/index.php\/wp-json\/wp\/v2\/posts"}],"about":[{"href":"https:\/\/sabaudia-mrs.org\/index.php\/wp-json\/wp\/v2\/types\/post"}],"author":[{"embeddable":true,"href":"https:\/\/sabaudia-mrs.org\/index.php\/wp-json\/wp\/v2\/users\/1"}],"replies":[{"embeddable":true,"href":"https:\/\/sabaudia-mrs.org\/index.php\/wp-json\/wp\/v2\/comments?post=548"}],"version-history":[{"count":0,"href":"https:\/\/sabaudia-mrs.org\/index.php\/wp-json\/wp\/v2\/posts\/548\/revisions"}],"wp:featuredmedia":[{"embeddable":true,"href":"https:\/\/sabaudia-mrs.org\/index.php\/wp-json\/wp\/v2\/media\/547"}],"wp:attachment":[{"href":"https:\/\/sabaudia-mrs.org\/index.php\/wp-json\/wp\/v2\/media?parent=548"}],"wp:term":[{"taxonomy":"category","embeddable":true,"href":"https:\/\/sabaudia-mrs.org\/index.php\/wp-json\/wp\/v2\/categories?post=548"},{"taxonomy":"post_tag","embeddable":true,"href":"https:\/\/sabaudia-mrs.org\/index.php\/wp-json\/wp\/v2\/tags?post=548"}],"curies":[{"name":"wp","href":"https:\/\/api.w.org\/{rel}","templated":true}]}}