{"id":546,"date":"2012-11-21T21:25:17","date_gmt":"2012-11-21T20:25:17","guid":{"rendered":"http:\/\/savoue.patoue.fr\/2012\/11\/21\/marche-des-respects-une-manifestation-spectaculaire-au-pied-du-mont-blanc\/"},"modified":"2012-11-21T21:25:17","modified_gmt":"2012-11-21T20:25:17","slug":"marche-des-respects-une-manifestation-spectaculaire-au-pied-du-mont-blanc","status":"publish","type":"post","link":"https:\/\/sabaudia-mrs.org\/index.php\/2012\/11\/21\/marche-des-respects-une-manifestation-spectaculaire-au-pied-du-mont-blanc\/","title":{"rendered":"Marche des respects : une manifestation spectaculaire au pied du Mont-Blanc"},"content":{"rendered":"<p>\u00a0<\/p>\n<p class=\"western\"><span style=\"font-size: 10pt;\"><a class=\"highslide\" href=\"http:\/\/sabaudr.cluster028.hosting.ovh.net\/wp-content\/uploads\/2012\/11\/dscn9580.resized.jpg\" target=\"_blank\" rel=\"noopener\"><img decoding=\"async\" alt=\"Thumbnail image\" style=\"margin: 5px; float: left;\" src=\"http:\/\/sabaudr.cluster028.hosting.ovh.net\/wp-content\/uploads\/2012\/11\/dscn9580.resized.jpg\" width=\"140\" \/><\/a>Samedi 17 novembre, journ\u00e9e de mobilisation \u00e9cologiste. Entre Passy et Servoz (Haute-Savoie), 500 manifestants se sont accapar\u00e9 durant trois heures l&rsquo;axe montant de l&rsquo;autoroute qui m\u00e8ne au tunnel du Mont-Blanc, une manifestation sur l&rsquo;impressionnant Viaduc des \u00c9gratz,  ouvrage de 68 m\u00e8tres de haut et d&rsquo;une longueur totale de 2,7 kilom\u00e8tres.<\/span><\/p>\n<p class=\"western\"><span style=\"font-size: 10pt;\">La \u00ab\u00a0marche des respects\u00a0\u00bb, c&rsquo;est ainsi qu&rsquo;a \u00e9t\u00e9 d\u00e9nomm\u00e9e cette manifestation, \u00e9tait organis\u00e9e par l&rsquo;Association du Respect du Site du Mont-Blanc (ARSMB),<sup><a class=\"sdfootnoteanc\" name=\"sdfootnote1anc\" href=\"#sdfootnote1sym\"><sup>1<\/sup><\/a><\/sup> association qui s&rsquo;est illustr\u00e9e tout particuli\u00e8rement au moment de la r\u00e9ouverture du tunnel du Mont-Blanc aux camions.<\/span><\/p>\n<p><!--more--><\/p>\n<p class=\"western\">\u00a0<span style=\"font-size: 10pt;\">Cr\u00e9\u00e9e au d\u00e9but des ann\u00e9es 1990 pour en particulier contrer un projet de doublement du tunnel, l&rsquo;association milite aujourd&rsquo;hui pour que l&rsquo;air de cette vall\u00e9e embl\u00e9matique deviennent respirable ! Car ce n&rsquo;est malheureusement pas le cas : la vall\u00e9e de l&rsquo;Arve, de Chamonix \u00e0 Gen\u00e8ve est contrairement \u00e0 ce que l&rsquo;on pourrait croire l&rsquo;un des territoires les plus pollu\u00e9e de France. <i>Lire \u00e0 ce sujet l&rsquo;article <a target=\"_blank\" href=\"http:\/\/savoie.eelv.fr\/2011\/12\/31\/2222\/\" rel=\"noopener\">l&rsquo;insupportable pollution de l&rsquo;air.<\/a><\/i><\/span><\/p>\n<p class=\"western\">\u00a0<\/p>\n<p>{module SP Simple Youtube Respects}\u00a0 Vid\u00e9o par <a target=\"_blank\" href=\"tvmoutain.com\" rel=\"noopener\">tvmoutain.com<\/a><\/p>\n<p class=\"western\">\u00a0<\/p>\n<p class=\"western\"><span style=\"font-size: 10pt;\">Ce samedi \u00e9tait l&rsquo;occasion de marcher au pied du Mont-Blanc pour tous les Respects, Respect de l&rsquo;Air, de l&rsquo;Eau, de la sant\u00e9 humaine, des Espaces, des Sites, du Silence, et des Engagements.<\/span><\/p>\n<p class=\"western\"><span style=\"font-size: 10pt;\">Lors des prises de parole, on parla des probl\u00e8mes de pollution, mais aussi des gaz de schistes, de l&rsquo;absurdit\u00e9 du projet de TGV Lyon-Turin \u00e0 \u00ab\u00a030 milliards d&rsquo;euros\u00a0\u00bb, de la ligne de ferroutage du Mont-Cenis, r\u00e9cemment r\u00e9nov\u00e9e et pourtant ignor\u00e9e dans sa capacit\u00e9 \u00e0 absorber une grande partie du fret de marchandises France-Italie. On parla aussi de Notre-Dame-Des-Landes, et beaucoup de d\u00e9mocratie locale, dans ce coin de Savoie, o\u00f9 le citoyen local a bien du mal \u00e0 se faire entendre, tant ce territoire repr\u00e9sente un terrain de jeu privil\u00e9gi\u00e9 pour les affaires de l&rsquo;oligarchie nationale.<\/span><\/p>\n<p class=\"western\" align=\"LEFT\"><span style=\"font-size: 10pt;\">Le retour se fit en train sp\u00e9cial, affr\u00e9t\u00e9 par l&rsquo;association.<\/span><\/p>\n<p>\u00a0<\/p>\n<p style=\"text-align: right;\" class=\"western\" align=\"RIGHT\"><strong><span style=\"font-size: 10pt;\">Laurent BLONDAZ<\/span><\/strong><\/p>\n<p style=\"text-align: right;\" class=\"western\" align=\"RIGHT\">\u00a0<\/p>\n<p><a class=\"highslide\" href=\"http:\/\/sabaudr.cluster028.hosting.ovh.net\/wp-content\/uploads\/2012\/11\/dscn9599.resized.resized.jpg\" target=\"_blank\" rel=\"noopener\"><img decoding=\"async\" style=\"margin: 5px;\" alt=\"Thumbnail image\" src=\"http:\/\/sabaudr.cluster028.hosting.ovh.net\/wp-content\/uploads\/2012\/11\/dscn9599.resized.resized.jpg\" width=\"140\" \/><\/a><a class=\"highslide\" href=\"http:\/\/sabaudr.cluster028.hosting.ovh.net\/wp-content\/uploads\/2012\/11\/dscn9544.resized.jpg\" target=\"_blank\" rel=\"noopener\"><img loading=\"lazy\" decoding=\"async\" style=\"margin: 5px;\" alt=\"dscn9544.resized\" src=\"http:\/\/sabaudr.cluster028.hosting.ovh.net\/wp-content\/uploads\/2012\/11\/dscn9544.resized.jpg\" height=\"105\" width=\"140\" \/><\/a><\/p>\n<p><a class=\"highslide\" href=\"http:\/\/sabaudr.cluster028.hosting.ovh.net\/wp-content\/uploads\/2012\/11\/affiche-a4.jpg\" target=\"_blank\" rel=\"noopener\"><img loading=\"lazy\" decoding=\"async\" style=\"margin: 5px;\" alt=\"affiche-a4\" src=\"http:\/\/sabaudr.cluster028.hosting.ovh.net\/wp-content\/uploads\/2012\/11\/affiche-a4.jpg\" height=\"185\" width=\"140\" \/><\/a><a class=\"highslide\" href=\"http:\/\/sabaudr.cluster028.hosting.ovh.net\/wp-content\/uploads\/2012\/11\/dscn9548.resized.jpg\" target=\"_blank\" rel=\"noopener\"><img loading=\"lazy\" decoding=\"async\" style=\"margin: 5px;\" alt=\"dscn9548.resized\" src=\"http:\/\/sabaudr.cluster028.hosting.ovh.net\/wp-content\/uploads\/2012\/11\/dscn9548.resized.jpg\" height=\"187\" width=\"140\" \/><\/a><\/p>\n<p><a class=\"highslide\" href=\"http:\/\/sabaudr.cluster028.hosting.ovh.net\/wp-content\/uploads\/2012\/11\/manif-17-11-2012-038.resized.jpg\" target=\"_blank\" rel=\"noopener\"><img loading=\"lazy\" decoding=\"async\" style=\"margin: 5px;\" alt=\"manif 17 11 2012 038.resized\" src=\"http:\/\/sabaudr.cluster028.hosting.ovh.net\/wp-content\/uploads\/2012\/11\/manif-17-11-2012-038.resized.jpg\" height=\"115\" width=\"140\" \/><\/a><a class=\"highslide\" href=\"http:\/\/sabaudr.cluster028.hosting.ovh.net\/wp-content\/uploads\/2012\/11\/manif-17-11-2012-063.resized.jpg\" target=\"_blank\" rel=\"noopener\"><img loading=\"lazy\" decoding=\"async\" style=\"margin: 5px;\" alt=\"manif 17 11 2012 063.resized\" src=\"http:\/\/sabaudr.cluster028.hosting.ovh.net\/wp-content\/uploads\/2012\/11\/manif-17-11-2012-063.resized.jpg\" height=\"117\" width=\"140\" \/><\/a><\/p>\n<p>\u00a0<\/p>\n<p class=\"western\" align=\"RIGHT\"><span style=\"font-size: 10pt;\">___________________________________________<br \/><\/span><\/p>\n<div id=\"sdfootnote1\">\n<p class=\"sdfootnote-western\"><span style=\"font-size: 10pt;\"><a class=\"sdfootnotesym\" name=\"sdfootnote1sym\" href=\"#sdfootnote1anc\">1<\/a>ARSMB \t: <span style=\"text-decoration: underline;\"><a href=\"http:\/\/www.arsmb.com\/\" target=\"_blank\" rel=\"noopener\">http:\/\/www.arsmb.com\/<\/a><\/span><\/span><\/p>\n<p class=\"sdfootnote-western\"><span style=\"font-size: 10pt;\"><span style=\"text-decoration: underline;\"><br \/><\/span><\/span><\/p>\n<p class=\"sdfootnote-western\"><span style=\"font-size: 10pt;\"><span style=\"text-decoration: underline;\">{jcomments on}<br \/><\/span><\/span><\/p>\n<\/div>\n","protected":false},"excerpt":{"rendered":"<p>\u00a0 Samedi 17 novembre, journ\u00e9e de mobilisation \u00e9cologiste. Entre Passy et Servoz (Haute-Savoie), 500 manifestants se sont accapar\u00e9 durant trois heures l&rsquo;axe montant de l&rsquo;autoroute qui m\u00e8ne au tunnel du Mont-Blanc, une manifestation sur l&rsquo;impressionnant Viaduc des \u00c9gratz, ouvrage de 68 m\u00e8tres de haut et d&rsquo;une longueur totale de 2,7 kilom\u00e8tres. La \u00ab\u00a0marche des respects\u00a0\u00bb, &#8230; <a title=\"Marche des respects : une manifestation spectaculaire au pied du Mont-Blanc\" class=\"read-more\" href=\"https:\/\/sabaudia-mrs.org\/index.php\/2012\/11\/21\/marche-des-respects-une-manifestation-spectaculaire-au-pied-du-mont-blanc\/\" aria-label=\"En savoir plus sur Marche des respects : une manifestation spectaculaire au pied du Mont-Blanc\">Lire la suite<\/a><\/p>\n","protected":false},"author":1,"featured_media":539,"comment_status":"open","ping_status":"open","sticky":false,"template":"","format":"standard","meta":{"footnotes":""},"categories":[54],"tags":[],"class_list":["post-546","post","type-post","status-publish","format-standard","has-post-thumbnail","hentry","category-transports-lt"],"_links":{"self":[{"href":"https:\/\/sabaudia-mrs.org\/index.php\/wp-json\/wp\/v2\/posts\/546","targetHints":{"allow":["GET"]}}],"collection":[{"href":"https:\/\/sabaudia-mrs.org\/index.php\/wp-json\/wp\/v2\/posts"}],"about":[{"href":"https:\/\/sabaudia-mrs.org\/index.php\/wp-json\/wp\/v2\/types\/post"}],"author":[{"embeddable":true,"href":"https:\/\/sabaudia-mrs.org\/index.php\/wp-json\/wp\/v2\/users\/1"}],"replies":[{"embeddable":true,"href":"https:\/\/sabaudia-mrs.org\/index.php\/wp-json\/wp\/v2\/comments?post=546"}],"version-history":[{"count":0,"href":"https:\/\/sabaudia-mrs.org\/index.php\/wp-json\/wp\/v2\/posts\/546\/revisions"}],"wp:featuredmedia":[{"embeddable":true,"href":"https:\/\/sabaudia-mrs.org\/index.php\/wp-json\/wp\/v2\/media\/539"}],"wp:attachment":[{"href":"https:\/\/sabaudia-mrs.org\/index.php\/wp-json\/wp\/v2\/media?parent=546"}],"wp:term":[{"taxonomy":"category","embeddable":true,"href":"https:\/\/sabaudia-mrs.org\/index.php\/wp-json\/wp\/v2\/categories?post=546"},{"taxonomy":"post_tag","embeddable":true,"href":"https:\/\/sabaudia-mrs.org\/index.php\/wp-json\/wp\/v2\/tags?post=546"}],"curies":[{"name":"wp","href":"https:\/\/api.w.org\/{rel}","templated":true}]}}