{"id":536,"date":"2012-11-25T20:47:13","date_gmt":"2012-11-25T19:47:13","guid":{"rendered":"http:\/\/savoue.patoue.fr\/2012\/11\/25\/demande-dannulation-des-enquetes-publiques-du-lyon-turin\/"},"modified":"2012-11-25T20:47:13","modified_gmt":"2012-11-25T19:47:13","slug":"demande-dannulation-des-enquetes-publiques-du-lyon-turin","status":"publish","type":"post","link":"https:\/\/sabaudia-mrs.org\/index.php\/2012\/11\/25\/demande-dannulation-des-enquetes-publiques-du-lyon-turin\/","title":{"rendered":"Demande d&rsquo;annulation des enqu\u00eates publiques du Lyon-Turin"},"content":{"rendered":"<p>\u00a0<\/p>\n<p>\u00a0<span style=\"font-size: 10pt;\"><b>14 novembre\u00a0: Elus et opposants d\u00e9posent une demande d\u2019annulation<\/b><\/span><\/p>\n<p>\u00a0<\/p>\n<p align=\"JUSTIFY\"><span style=\"font-size: 10pt;\"><i><img loading=\"lazy\" decoding=\"async\" class=\" alignleft size-full wp-image-535\" style=\"margin: 5px 25px 5px 5px; float: left;\" src=\"http:\/\/sabaudr.cluster028.hosting.ovh.net\/wp-content\/uploads\/2012\/11\/enquete.jpg\" height=\"85\" width=\"120\" \/><\/i><\/span><\/p>\n<p>\u00a0<\/p>\n<p><span style=\"font-size: 10pt;\"><i>Une d\u00e9l\u00e9gation d&rsquo;\u00e9lus de terrain et  des citoyens vigilants ont d\u00e9pos\u00e9 un courrier demandant l&rsquo;annulation des  enqu\u00eates publiques en s&rsquo;appuyant sur les graves irr\u00e9gularit\u00e9s  constat\u00e9es.<\/i><\/span><\/p>\n<p><span style=\"font-size: 10pt;\">No\u00ebl Communod (pr\u00e9sident du MRS et \u00e9lu  r\u00e9gional) et Daniel Ibanez de la coordination des opposants ont d\u00e9pos\u00e9  aupr\u00e8s du pr\u00e9fet de Savoie, coordinateur de l\u2019enqu\u00eate pour les trois  d\u00e9partements concern\u00e9s, une demande formelle d\u2019annulation.<\/span><\/p>\n<p align=\"JUSTIFY\">\u00a0<\/p>\n<p><!--more--><\/p>\n<p>\u00a0<\/p>\n<p>\u00a0<\/p>\n<p><span style=\"font-size: 10pt;\">Ils ont d\u00e9nonc\u00e9 dans leur courrier\u00a0:<\/span><\/p>\n<ul>\n<li>\n<p align=\"JUSTIFY\"><span style=\"font-size: 10pt;\">la \tpr\u00e9sence au sein de la commission d&rsquo;enqu\u00eate \u00ab\u00a0Lyon Turin\u00a0\u00bb \tdu fr\u00e8re du dirigeant d&rsquo;une entreprise int\u00e9ress\u00e9e par la \tr\u00e9alisation du chantier,<\/span><\/p>\n<\/li>\n<\/ul>\n<ul>\n<li>\n<p align=\"JUSTIFY\"><span style=\"font-size: 10pt;\">l&rsquo;absence \td&rsquo;ind\u00e9pendance des cabinets d&rsquo;\u00e9tude ayant r\u00e9alis\u00e9 les dossiers \td&rsquo;enqu\u00eate publique et le d\u00e9faut d&rsquo;information des citoyens malgr\u00e9 \tdes demandes pr\u00e9cises,<\/span><\/p>\n<\/li>\n<\/ul>\n<ul>\n<li>\n<p align=\"JUSTIFY\"><span style=\"font-size: 10pt;\">la \tgestion par certains commissaires enqu\u00eateurs de plusieurs enqu\u00eates \tpubliques d&rsquo;importance sur la m\u00eame p\u00e9riode, en violation des \tr\u00e8gles d\u00e9ontologiques,<\/span><\/p>\n<\/li>\n<\/ul>\n<ul>\n<li>\n<p align=\"JUSTIFY\"><span style=\"font-size: 10pt;\">la \tpr\u00e9sence dans les commissions d&rsquo;enqu\u00eate de personnes ayant d\u00e9j\u00e0 \td\u00e9lib\u00e9r\u00e9 favorablement sur des dossiers li\u00e9s et ne pouvant plus \td\u00e9lib\u00e9rer d\u00e9favorablement sans devoir se d\u00e9juger.<\/span><\/p>\n<\/li>\n<\/ul>\n<p align=\"JUSTIFY\"><span style=\"font-size: 10pt;\">Une autre d\u00e9l\u00e9gation a \u00e9t\u00e9 longuement re\u00e7ue par Monsieur le Pr\u00e9fet du Rh\u00f4ne.<\/span><\/p>\n<p align=\"JUSTIFY\"><span style=\"font-size: 10pt;\">Les \u00e9lus et citoyens ont pu largement pr\u00e9senter leurs arguments et r\u00e9it\u00e9rer leur demande d&rsquo;annulation des enqu\u00eates publiques \u00ab\u00a0CFAL\u00a0\u00bb et \u00ab\u00a0Lyon-Turin\u00a0\u00bb.<\/span><\/p>\n<p align=\"JUSTIFY\"><span style=\"font-size: 10pt;\">Ils ont par ailleurs demand\u00e9 une nouvelle \u00e0 \u00eatre re\u00e7u par le cabinet de Monsieur le Ministre des Transport, leur demande directe n&rsquo;ayant pas re\u00e7u de r\u00e9ponse \u00e0 ce jour.<\/span><\/p>\n<p align=\"JUSTIFY\"><span style=\"font-size: 10pt;\">Ils ont demand\u00e9 \u00e0 ce que le dossier \u00ab\u00a0Lyon-Turin\u00a0\u00bb soit int\u00e9gr\u00e9 dans la liste des dossiers de la commission d&rsquo;\u00e9valuation et de hi\u00e9rarchisation r\u00e9cemment cr\u00e9\u00e9e par le Ministre.<\/span><\/p>\n<p align=\"JUSTIFY\"><span style=\"font-size: 10pt;\">Ils ont enfin rappel\u00e9 les termes du r\u00e9f\u00e9r\u00e9 de la Cour des Comptes en mati\u00e8re de d\u00e9rives de co\u00fbts, de sur-\u00e9valuations des trafic, de conflits d&rsquo;int\u00e9r\u00eat et d&rsquo;expertises ind\u00e9pendantes.<\/span><\/p>\n<p align=\"CENTER\"><span style=\"text-decoration: underline;\">{jcomments on}<br \/><\/span><\/p>\n<p align=\"JUSTIFY\"><span style=\"font-size: 10pt;\"><i><br \/><\/i><\/span><\/p>\n","protected":false},"excerpt":{"rendered":"<p>\u00a0 \u00a014 novembre\u00a0: Elus et opposants d\u00e9posent une demande d\u2019annulation \u00a0 \u00a0 Une d\u00e9l\u00e9gation d&rsquo;\u00e9lus de terrain et des citoyens vigilants ont d\u00e9pos\u00e9 un courrier demandant l&rsquo;annulation des enqu\u00eates publiques en s&rsquo;appuyant sur les graves irr\u00e9gularit\u00e9s constat\u00e9es. No\u00ebl Communod (pr\u00e9sident du MRS et \u00e9lu r\u00e9gional) et Daniel Ibanez de la coordination des opposants ont d\u00e9pos\u00e9 &#8230; <a title=\"Demande d&rsquo;annulation des enqu\u00eates publiques du Lyon-Turin\" class=\"read-more\" href=\"https:\/\/sabaudia-mrs.org\/index.php\/2012\/11\/25\/demande-dannulation-des-enquetes-publiques-du-lyon-turin\/\" aria-label=\"En savoir plus sur Demande d&rsquo;annulation des enqu\u00eates publiques du Lyon-Turin\">Lire la suite<\/a><\/p>\n","protected":false},"author":1,"featured_media":535,"comment_status":"open","ping_status":"open","sticky":false,"template":"","format":"standard","meta":{"footnotes":""},"categories":[54],"tags":[],"class_list":["post-536","post","type-post","status-publish","format-standard","has-post-thumbnail","hentry","category-transports-lt"],"_links":{"self":[{"href":"https:\/\/sabaudia-mrs.org\/index.php\/wp-json\/wp\/v2\/posts\/536","targetHints":{"allow":["GET"]}}],"collection":[{"href":"https:\/\/sabaudia-mrs.org\/index.php\/wp-json\/wp\/v2\/posts"}],"about":[{"href":"https:\/\/sabaudia-mrs.org\/index.php\/wp-json\/wp\/v2\/types\/post"}],"author":[{"embeddable":true,"href":"https:\/\/sabaudia-mrs.org\/index.php\/wp-json\/wp\/v2\/users\/1"}],"replies":[{"embeddable":true,"href":"https:\/\/sabaudia-mrs.org\/index.php\/wp-json\/wp\/v2\/comments?post=536"}],"version-history":[{"count":0,"href":"https:\/\/sabaudia-mrs.org\/index.php\/wp-json\/wp\/v2\/posts\/536\/revisions"}],"wp:featuredmedia":[{"embeddable":true,"href":"https:\/\/sabaudia-mrs.org\/index.php\/wp-json\/wp\/v2\/media\/535"}],"wp:attachment":[{"href":"https:\/\/sabaudia-mrs.org\/index.php\/wp-json\/wp\/v2\/media?parent=536"}],"wp:term":[{"taxonomy":"category","embeddable":true,"href":"https:\/\/sabaudia-mrs.org\/index.php\/wp-json\/wp\/v2\/categories?post=536"},{"taxonomy":"post_tag","embeddable":true,"href":"https:\/\/sabaudia-mrs.org\/index.php\/wp-json\/wp\/v2\/tags?post=536"}],"curies":[{"name":"wp","href":"https:\/\/api.w.org\/{rel}","templated":true}]}}