{"id":532,"date":"2012-11-26T10:23:17","date_gmt":"2012-11-26T09:23:17","guid":{"rendered":"http:\/\/savoue.patoue.fr\/2012\/11\/26\/la-cour-des-comptes-et-le-lyon-turin\/"},"modified":"2012-11-26T10:23:17","modified_gmt":"2012-11-26T09:23:17","slug":"la-cour-des-comptes-et-le-lyon-turin","status":"publish","type":"post","link":"https:\/\/sabaudia-mrs.org\/index.php\/2012\/11\/26\/la-cour-des-comptes-et-le-lyon-turin\/","title":{"rendered":"La Cour des comptes et le Lyon-Turin"},"content":{"rendered":"<p><span style=\"font-size: 10pt;\"><em>Cet  article s&rsquo;inscrit dans une s\u00e9rie d\u00e9di\u00e9e au Lyon-Turin ferrovoiaire, que  le MRS a d\u00e9cid\u00e9 de publier en amont du sommet frano-Italien du 3  d\u00e9cembre prochain.<\/em><\/span><\/p>\n<p><span style=\"font-size: 10pt;\"><img loading=\"lazy\" decoding=\"async\" class=\" alignleft size-full wp-image-531\" style=\"margin: 5px 20px 5px 0px; float: left;\" alt=\"02\" src=\"http:\/\/sabaudr.cluster028.hosting.ovh.net\/wp-content\/uploads\/2012\/11\/02.jpg\" height=\"94\" width=\"125\" \/><\/span><\/p>\n<p>\u00a0<\/p>\n<p><span style=\"font-size: 10pt;\">La Cour des comptes d\u00e9nonce depuis longtemps :<\/span><\/p>\n<ul \/>\n<li>\n<p align=\"JUSTIFY\"><span style=\"font-size: 10pt;\">Les processus de lobbying qui associent des hommes politiques financeurs et les b\u00e9n\u00e9ficiaires des contrats,<\/span><\/p>\n<\/li>\n<li>\n<p align=\"JUSTIFY\"><span style=\"font-size: 10pt;\">L&rsquo;absence de clart\u00e9 dans la prise de d\u00e9cision des grands contrats qui court-circuite toutes les r\u00e8gles d\u00e9mocratiques,<\/span><\/p>\n<\/li>\n<li>\n<p align=\"JUSTIFY\"><span style=\"font-size: 10pt;\">La  consanguinit\u00e9 des cabinets d\u2019\u00e9tudes charg\u00e9s de calculer les co\u00fbts, de  valider les choix techniques avec les soci\u00e9t\u00e9s b\u00e9n\u00e9ficiaires des march\u00e9s  et l\u2019absence syst\u00e9matique d\u2019\u00e9valuation ind\u00e9pendante,<\/span><\/p>\n<\/li>\n<li>\n<p align=\"JUSTIFY\"><span style=\"font-size: 10pt;\">La proximit\u00e9 des membres des commissions d\u2019enqu\u00eate d\u2019utilit\u00e9 publique avec ces cabinets<\/span><\/p>\n<\/li>\n<li \/>\n<p align=\"JUSTIFY\"><span style=\"font-size: 10pt;\">Les m\u00e9thodes de d\u00e9passement syst\u00e9matique des pr\u00e9visions\u2026<\/span><\/p>\n<p><!--more-->\n<\/li>\n<\/ul>\n<p><span style=\"font-size: 10pt;\">Nous  pouvons y ajouter, dans le cas du Lyon-Turin, l\u2019utilisation de chiffres  p\u00e9rim\u00e9s pour justifier le projet, des mensonges politiques sur les  emplois qui seraient g\u00e9n\u00e9r\u00e9s, sur l\u2019\u00e9volution du trafic, des abus de  conscience \u00e9cologiques, des d\u00e9penses engag\u00e9es pour faire du chantage \u00e0  la d\u00e9cision et de nombreuses l\u00e9g\u00e8ret\u00e9s qui font dire \u00e0 la Cour des  comptes qu\u2019il y a \u00ab\u00a0de s\u00e9rieux probl\u00e8mes de pilotage\u00a0du projet\u00a0\u00bb.<\/span><\/p>\n<p><span style=\"font-size: 10pt;\">Le trafic de camions cumul\u00e9 des tunnels du Mont blanc et du Fr\u00e9jus est inf\u00e9rieur au trafics de 1989.<\/span><\/p>\n<p><span style=\"font-size: 10pt;\">Au  tunnel routier de Frejus, on annonce aujourd\u2019hui une ouverture de la  galerie de s\u00e9curit\u00e9 \u00e0 la circulation, comme pour dire que le tunnel  serait satur\u00e9 alors qu\u2019on d\u00e9nombre aujourd\u2019hui 1.88 passages de camions  par jour au Fr\u00e9jus. La baisse sur les 9 premiers mois de 2012 est encore  de 8,5% par rapport \u00e0 2011 (510.000 contre 555.000).<\/span><\/p>\n<p><span style=\"font-size: 10pt;\">Sur ce sujet, le r\u00e9f\u00e9r\u00e9 de la Cour des comptes peut \u00eatre <a href=\"http:\/\/www.ccomptes.fr\/Actualites\/A-la-une\/Le-projet-de-liaison-ferroviaire-Lyon-Turin\" target=\"_blank\" rel=\"noopener\">lu<\/a>. Ainsi que la <a href=\"http:\/\/www.ccomptes.fr\/Publications\/Publications\/Le-projet-de-liaison-ferroviaire-Lyon-Turin\" target=\"_blank\" rel=\"noopener\">r\u00e9ponse<\/a> du Premier Ministre.<\/span><\/p>\n<p>\u00a0<\/p>\n<p><span style=\"font-size: 10pt;\">{jcomments on}<br \/><\/span><\/p>\n","protected":false},"excerpt":{"rendered":"<p>Cet article s&rsquo;inscrit dans une s\u00e9rie d\u00e9di\u00e9e au Lyon-Turin ferrovoiaire, que le MRS a d\u00e9cid\u00e9 de publier en amont du sommet frano-Italien du 3 d\u00e9cembre prochain. \u00a0 La Cour des comptes d\u00e9nonce depuis longtemps : Les processus de lobbying qui associent des hommes politiques financeurs et les b\u00e9n\u00e9ficiaires des contrats, L&rsquo;absence de clart\u00e9 dans la &#8230; <a title=\"La Cour des comptes et le Lyon-Turin\" class=\"read-more\" href=\"https:\/\/sabaudia-mrs.org\/index.php\/2012\/11\/26\/la-cour-des-comptes-et-le-lyon-turin\/\" aria-label=\"En savoir plus sur La Cour des comptes et le Lyon-Turin\">Lire la suite<\/a><\/p>\n","protected":false},"author":1,"featured_media":531,"comment_status":"open","ping_status":"open","sticky":false,"template":"","format":"standard","meta":{"footnotes":""},"categories":[54],"tags":[],"class_list":["post-532","post","type-post","status-publish","format-standard","has-post-thumbnail","hentry","category-transports-lt"],"_links":{"self":[{"href":"https:\/\/sabaudia-mrs.org\/index.php\/wp-json\/wp\/v2\/posts\/532","targetHints":{"allow":["GET"]}}],"collection":[{"href":"https:\/\/sabaudia-mrs.org\/index.php\/wp-json\/wp\/v2\/posts"}],"about":[{"href":"https:\/\/sabaudia-mrs.org\/index.php\/wp-json\/wp\/v2\/types\/post"}],"author":[{"embeddable":true,"href":"https:\/\/sabaudia-mrs.org\/index.php\/wp-json\/wp\/v2\/users\/1"}],"replies":[{"embeddable":true,"href":"https:\/\/sabaudia-mrs.org\/index.php\/wp-json\/wp\/v2\/comments?post=532"}],"version-history":[{"count":0,"href":"https:\/\/sabaudia-mrs.org\/index.php\/wp-json\/wp\/v2\/posts\/532\/revisions"}],"wp:featuredmedia":[{"embeddable":true,"href":"https:\/\/sabaudia-mrs.org\/index.php\/wp-json\/wp\/v2\/media\/531"}],"wp:attachment":[{"href":"https:\/\/sabaudia-mrs.org\/index.php\/wp-json\/wp\/v2\/media?parent=532"}],"wp:term":[{"taxonomy":"category","embeddable":true,"href":"https:\/\/sabaudia-mrs.org\/index.php\/wp-json\/wp\/v2\/categories?post=532"},{"taxonomy":"post_tag","embeddable":true,"href":"https:\/\/sabaudia-mrs.org\/index.php\/wp-json\/wp\/v2\/tags?post=532"}],"curies":[{"name":"wp","href":"https:\/\/api.w.org\/{rel}","templated":true}]}}