{"id":526,"date":"2012-12-06T10:40:08","date_gmt":"2012-12-06T09:40:08","guid":{"rendered":"http:\/\/savoue.patoue.fr\/2012\/12\/06\/retour-sur-le-sommet-franco-italien-du-3-decembre\/"},"modified":"2012-12-06T10:40:08","modified_gmt":"2012-12-06T09:40:08","slug":"retour-sur-le-sommet-franco-italien-du-3-decembre","status":"publish","type":"post","link":"https:\/\/sabaudia-mrs.org\/index.php\/2012\/12\/06\/retour-sur-le-sommet-franco-italien-du-3-decembre\/","title":{"rendered":"Retour sur le sommet Franco-Italien du 3 d\u00e9cembre"},"content":{"rendered":"<p>\u00a0<\/p>\n<h2>Le r\u00e9cit d&rsquo;un des organisateurs de la manifestation contre le Lyon-Turin<\/h2>\n<p class=\"western\"><span style=\"font-size: 10pt;\"><a class=\"highslide\" href=\"http:\/\/sabaudr.cluster028.hosting.ovh.net\/wp-content\/uploads\/2012\/12\/no_tav_bousculade_sortie_du_bus.jpg\" target=\"_blank\" rel=\"noopener\"><img loading=\"lazy\" decoding=\"async\" alt=\"Thumbnail image\" style=\"margin: 5px; float: left;\" src=\"http:\/\/sabaudr.cluster028.hosting.ovh.net\/wp-content\/uploads\/2012\/12\/no_tav_bousculade_sortie_du_bus.jpg\" height=\"85\" width=\"152\" \/><\/a><strong>Le sommet Franco-Italien du 3 d\u00e9cembre s&rsquo;est entach\u00e9 d&rsquo;un d\u00e9ni notoire de d\u00e9mocratie.<\/strong> On a pu tristement observer l&rsquo;art de l&rsquo;arbitraire qu&rsquo;ont les deux gouvernements fran\u00e7ais et italien : cette mani\u00e8re d&rsquo;engager des milliards d&rsquo;euros d&rsquo;argent public dans un projet inutile, au profit de multinationales du BTP, d&rsquo;endetter les peuples, tout cela en interdisant aux citoyens de s&rsquo;exprimer.<\/span><\/p>\n<p class=\"western\">\u00a0<\/p>\n<p class=\"western\"><span style=\"font-size: 10pt;\">De nombreux opposants au Lyon-Turin venus d&rsquo;Italie et de Savoie pour manifester pacifiquement ont \u00e9t\u00e9 bloqu\u00e9s aux tunnels du Fr\u00e9jus ou du Mont-Blanc, au p\u00e9age \u00e0 l&rsquo;entr\u00e9e de Lyon, o\u00f9 des troupes de CRS avaient \u00e9t\u00e9 dispos\u00e9es.<\/span><\/p>\n<p class=\"western\">\u00a0<\/p>\n<p class=\"western\"><span style=\"font-size: 10pt;\">Apr\u00e8s de nombreux tracas, des bus de militants ont pu finalement passer gr\u00e2ce \u00e0 l&rsquo;action de No\u00ebl Communod, conseiller r\u00e9gional EELV-RPS, Pr\u00e9sident du Mouvement R\u00e9gion Savoie, militant actif de la coordination contre le Lyon-Turin qui organisait cette manifestation. S&rsquo;attendant \u00e0 des sabordages de cette manifestation, No\u00ebl est venu exiger sur la plate-forme du tunnel du Fr\u00e9jus que les personnes puissent librement circuler. Il livre ci-dessous son r\u00e9cit de la journ\u00e9e et s&rsquo;interroge sans langue de bois sur les agissements provocateurs des forces de l&rsquo;ordre.<\/span><\/p>\n<p><!--more--><\/p>\n<p class=\"western\">\u00a0<\/p>\n<p class=\"western\"><span style=\"font-size: 10pt;\"><i><b>7h30\u00a0:<\/b> Je suis au Tunnel de Fr\u00e9jus, \u00e0 210 kilom\u00e8tres de Lyon, sortie France. Il fait -11\u00b0 et pas un endroit pour prendre un caf\u00e9. Un convoi de cars de CRS est d\u00e9j\u00e0 l\u00e0\u00a0; ils sont pour l\u2019instant au chaud \u00e0 l\u2019int\u00e9rieur. Quatre membres de la PAF (police aux fronti\u00e8res) sont d\u00e9j\u00e0 \u00e0 l\u2019\u0153uvre et arr\u00eatent les voitures, ouvrent les coffres\u2026 Une limousine noire est arr\u00eat\u00e9e dans un coin discret.<\/i><\/span><\/p>\n<p class=\"western\"><span style=\"font-size: 10pt;\"><i>Je m\u2019adresse aux responsables CRS et PAF et je leur indique que je suis l\u00e0 pour accueillir les italiens que nous avons invit\u00e9s et constater que tout se passe bien et qu\u2019il n\u2019y aura pas d\u2019abus, ni d\u2019un c\u00f4t\u00e9, ni de l\u2019autre. Une journaliste de FR3 et son cameraman arrivent. (Ils filmeront dans le froid 3 heures durant. Puis le maire de Villarrodin vient me rejoindre.<\/i><\/span><\/p>\n<p class=\"western\">\u00a0<\/p>\n<p class=\"western\"><span style=\"font-size: 10pt;\"><i><b>8h00\u00a0:<\/b> Les 11 car italiens arrivent remplis de 50 personnes chacun\u00a0: 550 personnes. La PAF commence les contr\u00f4les des identit\u00e9s qu\u2019ils comparent \u00e0 des listes qu\u2019ils ont sur des fichiers. Je monte dans chacun des cars pour souhaiter la bienvenue en France au nom de la coordination\u00a0; cet accueil impr\u00e9vu pour eux, tellement ils sont anxieux au vu du d\u00e9ploiement de police, provoque des explosions d\u2019applaudissements et de chants. Je les pr\u00e9viens toutefois que le chemin vers Lyon sera encore long. Plus de la moiti\u00e9 des italiens ont plus de 50 ans.<\/i><\/span><\/p>\n<p class=\"western\">\u00a0<\/p>\n<p class=\"western\"><span style=\"font-size: 10pt;\"><i><b>11 heures30<\/b> : Apr\u00e8s des contr\u00f4les interminables, les cars partis au compte-goutte attendent pr\u00e8s de Saint-Jean-de-Maurienne le dernier d\u2019entre eux encore retenu au Fr\u00e9jus. Un h\u00e9licopt\u00e8re ne cesse de survoler le convoi. Je les suis en voiture.<\/i><\/span><\/p>\n<p class=\"western\"><span style=\"font-size: 10pt;\"><i>Un seul car aura \u00e9t\u00e9 retenu plus de 4 heures. Mais o\u00f9 sont les accords de Schengen\u00a0?  Pourquoi r\u00e9tabli-t-on un contr\u00f4le syst\u00e9matique des personnes sur des opposants \u00e0 un projet international qui n\u2019a pas donn\u00e9 lieu \u00e0 d\u00e9bat public\u00a0?<\/i><\/span><\/p>\n<p class=\"western\">\u00a0<\/p>\n<p class=\"western\"><span style=\"font-size: 10pt;\"><i><b>12h30<\/b> : Je suis en voiture  derri\u00e8re le convoi des 11 cars. A l\u2019arriv\u00e9e au p\u00e9age de St Quentin Fallavier, aux abords de Lyon, une brigade de CRS intercepte le convoi et stocke les cars sur le parking situ\u00e9 apr\u00e8s le p\u00e9age. Les CRS laissent les italiens, malgr\u00e9 mes remarques au commandant, descendre des bus, et se retirent pour les laisser envahir l\u2019autoroute sans stopper le voitures. Je sens le pi\u00e8ge qui permettrait aux CRS de charger et j\u2019appelle le pr\u00e9fet de police pour lui demander de donner l\u2019ordre aux CRS de faire remonter les italiens dans les bus imm\u00e9diatement. Il donne cet ordre. Les CRS s\u2019ex\u00e9cutent. Les cars restent bloqu\u00e9s. Les italiens discutent entre eux et d\u00e9cident de continuer vers Lyon. D\u00e8s l\u2019annonce de cette d\u00e9cision, l\u2019ordre est donn\u00e9 de les laisser passer.<\/i><\/span><\/p>\n<p class=\"western\"><span style=\"font-size: 10pt;\"><i>Quelle justification \u00e0 ce nouvel arr\u00eat\u00a0? Est-ce pour organiser une provocation et permettre de justifier leur refoulement\u00a0? Est-ce pour retarder encore leur arriv\u00e9e \u00e0 Lyon\u00a0? Quel droit applique-t-on\u00a0?<\/i><\/span><\/p>\n<p class=\"western\">\u00a0<\/p>\n<p class=\"western\"><span style=\"font-size: 10pt;\"><i><b>15h50<\/b> : Les opposants au Lyon-Turin enfin arriv\u00e9s \u00e0 Lyon veulent faire partir un cort\u00e8ge de la place des Brotteaux. Mais les cars sont amen\u00e9s sur la place elle-m\u00eame. Le pi\u00e8ge se referme sur eux et sur les manifestants fran\u00e7ais qui les attendaient sous la pluie\u00a0: la place est cercl\u00e9e et ferm\u00e9e en grande partie par des CRS. Derri\u00e8re les barri\u00e8res, sur trois cercles concentriques\u00a0: un minimum de 1500 hommes en uniforme sont compt\u00e9s.<\/i><\/span><\/p>\n<p class=\"western\"><span style=\"font-size: 10pt;\"><i>Avant l\u2019arriv\u00e9e des italiens, les membres de la coordination se rendent compte que plusieurs manifestants d\u00e9guis\u00e9s sont en fait des policiers infiltr\u00e9s. L\u2019un d\u2019entre eux, en salopette blanche, bouscule des journalistes et s\u2019en prend au cam\u00e9raman de FR3. La jeune journaliste est affol\u00e9e et elle va partir. D\u2019autres ne sont l\u00e0 que pour provoquer des incidents qui puissent d\u00e9g\u00e9n\u00e9rer et justifier les moyens d\u00e9ploy\u00e9s.<\/i><\/span><\/p>\n<p class=\"western\">\u00a0<\/p>\n<p class=\"western\"><span style=\"font-size: 10pt;\"><i><b>16h40<\/b> : Les No TAV italiens ne veulent pas \u00eatre \u00ab\u00a0venus \u00e0 Lyon pour rien\u00a0\u00bb. Les manifestants se trouvent parqu\u00e9s au croisement de la rue Juliette R\u00e9camier et du boulevard des Belges, dans le 6\u00e8 arrondissement de Lyon. Les policiers laissent entrer des gens sur la zone mais personne n\u2019en sort pour l\u2019heure.<\/i><\/span><\/p>\n<p class=\"western\"><span style=\"font-size: 10pt;\"><i>J\u2019arrive peu apr\u00e8s les cars et pour p\u00e9n\u00e9trer sur la place, je dois franchir les barri\u00e8res tenues par les policiers qui me disent \u00ab\u00a0Entrez si vous voulez, mais sachez que vous ne pourrez pas ressortir\u00a0\u00bb.<\/i><\/span><\/p>\n<p class=\"western\"><span style=\"font-size: 10pt;\"><i>Je retrouve les membres de la coordination et de nombreux journalistes qui viennent m\u2019interroger<\/i><\/span><\/p>\n<p class=\"western\">\u00a0<\/p>\n<p class=\"western\"><span style=\"font-size: 10pt;\"><i>Un h\u00e9licopt\u00e8re dot\u00e9 de puissants phares survole la place et fait du \u00ab\u00a0sur-place\u00a0\u00bb dans un vacarme assourdissant qui cr\u00e9\u00e9e le stress chez les manifestants, rend difficiles les conversations et appels t\u00e9l\u00e9phoniques. Je demande au chef du service d\u2019ordre qu\u2019il s\u2019\u00e9loigne, ce qu\u2019il fera mais il reviendra un quart d&rsquo;heure plus tard.<\/i><\/span><\/p>\n<p class=\"western\">\u00a0<\/p>\n<p class=\"western\"><span style=\"font-size: 10pt;\"><i><b>17h20<\/b> : Pas d\u2019incident majeur pour l\u2019heure sur la zone dans laquelle les manifestants sont contraints de rester. On invite les Italiens \u00e0 remonter dans les cars par lesquels ils sont venus. Le cort\u00e8ge anti-Lyon-Turin n\u2019aura pas pu d\u00e9filer cet apr\u00e8s-midi dans les rues de Lyon.<\/i><\/span><\/p>\n<p class=\"western\"><span style=\"font-size: 10pt;\"><i>Pour v\u00e9rifier les cars et les obliger \u00e0 repartir, des violences sont faites aux manifestants et je vois s\u2019exercer devant moi une menace au r\u00e9volver  sur un chauffeur pour l\u2019obliger \u00e0 d\u00e9marrer.<\/i><\/span><\/p>\n<p class=\"western\">\u00a0<\/p>\n<p class=\"western\">\u00a0<span style=\"font-size: 10pt;\"><i><b>19h15 :<\/b><\/i><i> Les manifestants lyonnais ont estim\u00e9 que la situation \u00e9tait semblable \u00e0 ce qui s\u2019est produit place Bellecour en 2010, situation qualifi\u00e9e de <\/i><span style=\"text-decoration: underline;\"><a href=\"http:\/\/www.rue89lyon.fr\/2012\/10\/19\/place-bellecour-12-heures-contre-garde-a-vue-ciel-ouvert-octobre-2010\/\" target=\"_blank\" rel=\"noopener\"><i>\u00ab\u00a0garde \u00e0 vue \u00e0 ciel ouvert\u00a0\u00bb<\/i><\/a><\/span><i> : les opposants italiens au Lyon-Turin sont rest\u00e9s circonscrits sur la place et ne peuvent pas en sortir, hormis \u00e0 bord d\u2019un car.<\/i><\/span><\/p>\n<p class=\"western\">\u00a0<\/p>\n<p class=\"western\"><span style=\"font-size: 10pt;\"><i>Voulant absolument \u00e9viter le syndrome de Bellecour 2010, je prends la d\u00e9cision d\u2019assumer la responsabilit\u00e9 du rassemblement et je vais n\u00e9gocier avec les responsables des diff\u00e9rentes forces de l\u2019ordre pr\u00e9sentes. Voyant que le pi\u00e8ge est referm\u00e9 et que la d\u00e9cision est prise de faire sortir les cars en laissant les manifestants fran\u00e7ais dans la nasse, j\u2019essaie de n\u00e9gocier avec les autorit\u00e9s une sortie par petits groupes intercal\u00e9s entre les cars. N\u2019obtenant pas satisfaction, j\u2019appelle le pr\u00e9fet de r\u00e9gion qui me donne sa parole que, si nous laissons partir les cars, les fran\u00e7ais pourront sortir par petits groupes sans contr\u00f4le d\u2019identit\u00e9.<\/i><\/span><\/p>\n<p class=\"western\"><span style=\"font-size: 10pt;\"><i>Cette parole ne sera pas tenue puisque la plupart, pour sortir devront pr\u00e9senter leurs papiers.<\/i><\/span><\/p>\n<p class=\"western\">\u00a0<\/p>\n<p class=\"western\"><span style=\"font-size: 10pt;\"><i>Pour d\u00e9gager la responsabilit\u00e9 de la coordination qui avait demand\u00e9 l\u2019autorisation du rassemblement, j\u2019ai demand\u00e9 la dispersion du rassemblement\u00a0; je l\u2019ai fait \u00e0 deux reprises devant des cam\u00e9ras de t\u00e9l\u00e9vision diff\u00e9rentes en pr\u00e9cisant que j\u2019effectuais cette demande en constatant devant eux que cette dispersion \u00e9tait rendue impossible par le bouclage de la place et que c\u2019\u00e9tait donc la police et l\u2019\u00c9tat qui prenait alors la responsabilit\u00e9 de ce qui pourrait se passer.<\/i><\/span><\/p>\n<p class=\"western\">\u00a0<\/p>\n<p class=\"western\"><span style=\"font-size: 10pt;\"><i>Avec Marc Pascal, nous assurerons jusqu\u2019\u00e0 la sortie du dernier manifestant de la place en surveillant la fa\u00e7on dont se d\u00e9roule le contr\u00f4le. Tous les noms et num\u00e9ros de pi\u00e8ces sont relev\u00e9s.<\/i><\/span><\/p>\n<p class=\"western\"><span style=\"font-size: 10pt;\"><i>A l\u2019autre angle, madame le Consul d\u2019Italie est venue \u00e0 la demande des manifestants.<\/i><\/span><\/p>\n<p class=\"western\">\u00a0<\/p>\n<p class=\"western\"><span style=\"font-size: 10pt;\"><i>La journ\u00e9e aura \u00e9t\u00e9 rude, dans le froid et sous la pluie. Mais ce que nous ne savions pas, en \u00e9tant enferm\u00e9s sur la place, c\u2019est que des charges de policiers avaient lieu  en parall\u00e8le dans les rues hors de la place, notamment sur le trajet des bus. Ainsi plusieurs jeunes ont \u00e9t\u00e9 v\u00e9ritablement tabass\u00e9s, sans griefs, et emmen\u00e9s au poste.<\/i><\/span><\/p>\n<p class=\"western\"><span style=\"font-size: 10pt;\"><i>Le lendemain, il n\u2019y a pas eu de comparution imm\u00e9diate au tribunal, mais seulement un jeune (David) convoqu\u00e9 en correctionnelle pour  f\u00e9vrier. Il est ressorti du poste avec beaucoup de traumatismes\u00a0; nous avons une video partielle de ce passage \u00e0 tabac. Les personnes qui l\u2019accompagnaient sont pr\u00eates \u00e0 t\u00e9moigner. Peut-\u00eatre y aura-t-il d\u2019autres comparutions.\u00a0?<\/i><\/span><\/p>\n<p class=\"western\">\u00a0<\/p>\n<p class=\"western\"><span style=\"font-size: 10pt;\"><i>Il faudra s\u2019interroger sur cette fa\u00e7on d\u2019encercler et de pi\u00e9ger une manifestation, en l\u2019occurrence un rassemblement autoris\u00e9, sans donner aux organisateurs la possibilit\u00e9 de dispersion.<\/i><\/span><\/p>\n<p class=\"western\"><span style=\"font-size: 10pt;\"><i>Je peux enfin t\u00e9moigner qu\u2019\u00e0 plusieurs reprises, l\u2019attitude des policiers infiltr\u00e9s d\u2019abord, des CRS ensuite au p\u00e9age et des policiers sur la place a \u00e9t\u00e9 provocatrice. J\u2019avais l\u2019impression que beaucoup de policiers \u00e9taient conditionn\u00e9s pour faire face au \u00ab\u00a0diable\u00a0\u00bb, tous pr\u00eats \u00e0 casser du manifestant.<\/i><\/span><\/p>\n<p class=\"western\"><span style=\"font-size: 10pt;\"><i>Dans mes dialogues avec les responsables d\u2019unit\u00e9s qui se sont succ\u00e8des, mes appels \u00e0 la mod\u00e9ration \u00e9taient ignor\u00e9s, comme si l\u2019objectif \u00e9tait de provoquer des incidents qui auraient justifi\u00e9 le d\u00e9ploiement de cet \u00e9norme arsenal.<\/i><\/span><\/p>\n<p class=\"western\"><span style=\"font-size: 10pt;\"><i>Je dois dire \u00e9galement que j\u2019ai \u00e9t\u00e9 interpell\u00e9 par la dizaine de personnes (des soi-disant manifestants), qui sont mont\u00e9s dans un fourgon blanc comme on monte dans le car apr\u00e8s une journ\u00e9e de travail. A mon interrogation, la r\u00e9ponse fut \u00ab\u00a0ce sont des gens qui n\u2019ont pas leur papiers sur eux. On les emm\u00e8ne au poste !\u00a0\u00bb Je dois avouer que je suis rest\u00e9 perplexe. La r\u00e9ponse \u00e9tait sans doute exacte, mais \u00e9taient-ils de vrais manifestants\u00a0? Je ne l\u2019ai pas cru.<\/i><\/span><\/p>\n<p class=\"western\">\u00a0<\/p>\n<p class=\"western\"><span style=\"font-size: 10pt;\"><i><b>20 heures : <\/b>Monti et Hollande ont depuis longtemps quitt\u00e9 Lyon mais aux Brotteaux, une poign\u00e9e de manifestants est rest\u00e9e sur place. Selon Le Progr\u00e8s, 54 opposants au Lyon-Turin ont \u00e9t\u00e9 interpell\u00e9s dans la journ\u00e9e. Des pierres et des bouteilles ont \u00e9t\u00e9 lanc\u00e9es en direction des CRS.\u00a0Apr\u00e8s une derni\u00e8re charge de la part des forces de police, tous les cars de manifestants italiens sont partis.\u00a0Sur le reste de la place, le dispositif de s\u00e9curit\u00e9 a \u00e9t\u00e9 progressivement lev\u00e9. L\u2019arr\u00eat de m\u00e9tro \u00ab\u00a0Brotteaux\u00a0\u00bb de la ligne B a\u00a0finalement \u00e9t\u00e9 r\u00e9-ouverte comme l\u2019ensemble du secteur de la pr\u00e9fecture.<\/i><\/span><\/p>\n<p>\u00a0<\/p>\n<p class=\"western\"><span style=\"font-size: 10pt;\"><i><b>20h30<\/b> : Nous quittons la place qui se vide des 500 policiers encore pr\u00e9sents \u00e0 20h.<\/i><\/span><\/p>\n<p class=\"western\"><span style=\"font-size: 10pt;\"><i>Les conclusions d\u2019une telle journ\u00e9e me laissent perplexe. Ceux qui avaient tant critiqu\u00e9 l\u2019\u00c9tat policier mis en place par Sarkozy ont endoss\u00e9 l\u2019uniforme  en lui donnant encore plus d\u2019ampleur. Que voulait-on prouver avec la mise en place d\u2019un tel dispositif\u00a0? Le ministre de l\u2019int\u00e9rieur voulait-il montrer des muscles devant ses coll\u00e8gues et les deux chefs d\u2019\u00c9tat pr\u00e9sents, voulait-il faire monter ses sondages de popularit\u00e9 aupr\u00e8s de la population lyonnaise avec cette mise en sc\u00e8ne\u00a0?<\/i><\/span><\/p>\n<p class=\"western\"><span style=\"font-size: 10pt;\"><i>Nos amis pi\u00e9montais, paisibles villageois, turinois ou universitaires (certes accompagn\u00e9s de quelques jeunes anarchistes), sont repartis en disant que la police d\u2019Hollande n\u2019avait rien \u00e0 envier \u00e0 celle de Berlusconi-Monti\u00a0. Habitu\u00e9s et aguerris face \u00e0 l\u2019arm\u00e9e et aux escadrons de  gendarmerie , soit 4000 policiers qui se relaient jour et nuit pour \u00ab\u00a0prot\u00e9ger le site\u00a0\u00bb.<\/i><\/span><\/p>\n<p class=\"western\"><span style=\"font-size: 10pt;\"><i>L\u2019argument qui restait aux promoteurs du Lyon-Turin pour faire valoir le projet apr\u00e8s que nous ayons d\u00e9mystifi\u00e9 tous les chiffres de trafic et de co\u00fbts, \u00e9tait l\u2019argument de la mise en relation entre les peuples que devait cr\u00e9er ce nouveau tunnel. C\u2019est vraiment mal parti lorsqu\u2019on voit comment on organise l\u2019accueil de nos voisins italiens \u00e0 la sortie du Fr\u00e9jus tunnel existant. Comment faire confiance \u00e0 ces dirigeants qui ont menti pour construire ce dossier et qui ont \u00e9galement menti en cr\u00e9ant une galerie de s\u00e9curit\u00e9 pour le Fr\u00e9jus et en annon\u00e7ant r\u00e9cemment qu\u2019elle constituerait une nouvelle voie pour faire passer des camions. <\/i><\/span><\/p>\n<p class=\"western\">\u00a0<\/p>\n<p style=\"text-align: right;\" class=\"western\">Propos recueillis par Laurent BLONDAZ<\/p>\n<p class=\"western\">\u00a0<\/p>\n<p><span style=\"font-size: 10pt;\"><i>Source photo : <a href=\"http:\/\/alpes.france3.fr\/2012\/12\/03\/les-opposants-la-liaison-ferroviare-lyon-turin-bloques-la-frontiere-franco-italienne-157071.html\" target=\"_blank\" rel=\"noopener\">France 3 Alpes<\/a>. Voir le reportage\u00a0<\/i><\/span> <a href=\"http:\/\/alpes.france3.fr\/2012\/12\/03\/les-opposants-la-liaison-ferroviare-lyon-turin-bloques-la-frontiere-franco-italienne-157071.html\" title=\"Les opposants \u00e0 la liaison ferroviaire Lyon-Turin bloqu\u00e9s \u00e0 plusieurs reprises\" class=\"active\" target=\"_blank\" rel=\"noopener\">Les opposants \u00e0 la liaison ferroviaire Lyon-Turin bloqu\u00e9s \u00e0 plusieurs reprises<\/a> avec une vid\u00e9o dans dans laquelle No\u00ebl Communod est interview\u00e9 sans \u00eatre nomm\u00e9.<\/p>\n<p>{jcomments on}<\/p>\n<p>\u00a0<\/p>\n<p><\/p>\n","protected":false},"excerpt":{"rendered":"<p>\u00a0 Le r\u00e9cit d&rsquo;un des organisateurs de la manifestation contre le Lyon-Turin Le sommet Franco-Italien du 3 d\u00e9cembre s&rsquo;est entach\u00e9 d&rsquo;un d\u00e9ni notoire de d\u00e9mocratie. On a pu tristement observer l&rsquo;art de l&rsquo;arbitraire qu&rsquo;ont les deux gouvernements fran\u00e7ais et italien : cette mani\u00e8re d&rsquo;engager des milliards d&rsquo;euros d&rsquo;argent public dans un projet inutile, au profit &#8230; <a title=\"Retour sur le sommet Franco-Italien du 3 d\u00e9cembre\" class=\"read-more\" href=\"https:\/\/sabaudia-mrs.org\/index.php\/2012\/12\/06\/retour-sur-le-sommet-franco-italien-du-3-decembre\/\" aria-label=\"En savoir plus sur Retour sur le sommet Franco-Italien du 3 d\u00e9cembre\">Lire la suite<\/a><\/p>\n","protected":false},"author":1,"featured_media":525,"comment_status":"open","ping_status":"open","sticky":false,"template":"","format":"standard","meta":{"footnotes":""},"categories":[54],"tags":[],"class_list":["post-526","post","type-post","status-publish","format-standard","has-post-thumbnail","hentry","category-transports-lt"],"_links":{"self":[{"href":"https:\/\/sabaudia-mrs.org\/index.php\/wp-json\/wp\/v2\/posts\/526","targetHints":{"allow":["GET"]}}],"collection":[{"href":"https:\/\/sabaudia-mrs.org\/index.php\/wp-json\/wp\/v2\/posts"}],"about":[{"href":"https:\/\/sabaudia-mrs.org\/index.php\/wp-json\/wp\/v2\/types\/post"}],"author":[{"embeddable":true,"href":"https:\/\/sabaudia-mrs.org\/index.php\/wp-json\/wp\/v2\/users\/1"}],"replies":[{"embeddable":true,"href":"https:\/\/sabaudia-mrs.org\/index.php\/wp-json\/wp\/v2\/comments?post=526"}],"version-history":[{"count":0,"href":"https:\/\/sabaudia-mrs.org\/index.php\/wp-json\/wp\/v2\/posts\/526\/revisions"}],"wp:featuredmedia":[{"embeddable":true,"href":"https:\/\/sabaudia-mrs.org\/index.php\/wp-json\/wp\/v2\/media\/525"}],"wp:attachment":[{"href":"https:\/\/sabaudia-mrs.org\/index.php\/wp-json\/wp\/v2\/media?parent=526"}],"wp:term":[{"taxonomy":"category","embeddable":true,"href":"https:\/\/sabaudia-mrs.org\/index.php\/wp-json\/wp\/v2\/categories?post=526"},{"taxonomy":"post_tag","embeddable":true,"href":"https:\/\/sabaudia-mrs.org\/index.php\/wp-json\/wp\/v2\/tags?post=526"}],"curies":[{"name":"wp","href":"https:\/\/api.w.org\/{rel}","templated":true}]}}