{"id":475,"date":"2011-07-09T09:32:45","date_gmt":"2011-07-09T07:32:45","guid":{"rendered":"http:\/\/savoue.patoue.fr\/2011\/07\/09\/jo-communique-du-mrs\/"},"modified":"2011-07-09T09:32:45","modified_gmt":"2011-07-09T07:32:45","slug":"jo-communique-du-mrs","status":"publish","type":"post","link":"https:\/\/sabaudia-mrs.org\/index.php\/2011\/07\/09\/jo-communique-du-mrs\/","title":{"rendered":"J.O. : Communiqu\u00e9 du MRS"},"content":{"rendered":"<h1><span style=\"font-size: 18pt;\">J.O. : Communiqu\u00e9 du MRS<\/span><\/h1>\n<p><em><span style=\"font-size: 10pt;\"><strong>Par No\u00ebl Communod,\u00a0 Conseiller r\u00e9gional, Pr\u00e9sident du MRS.<\/strong><\/span><\/em><\/p>\n<p><span style=\"font-size: 10pt;\">\u00a0\u00a0\u00a0 Le MRS est fier aujourd&rsquo;hui d&rsquo;avoir soutenu activement le CAO et contribu\u00e9 ainsi \u00e0 pr\u00e9server la Savoie des pr\u00e9dateurs.<\/span><\/p>\n<p><span style=\"font-size: 10pt;\">\u00a0\u00a0\u00a0 Le recrutement \u00e0 grands frais d&rsquo;un champion du lobbyiing pour 7 voix collect\u00e9es&#8230; avec de l&rsquo;argent  public, vot\u00e9 les yeux ferm\u00e9s par les autres groupes politiques \u00e0 la  r\u00e9gion \u00e0 la demande insistante du Pr\u00e9sident PS, Jean-Jacques Queyrrane.<\/span><br \/><span style=\"font-size: 10pt;\">\u00a0\u00a0\u00a0 Par  mon vote contre \u00e0 la r\u00e9gion, le MRS entendait d\u00e9fendre les int\u00e9r\u00eats des  savoyards, int\u00e9r\u00eats \u00e9conomiques (voir les cons\u00e9quences des JO sur  l&rsquo;\u00e9conomie grecque), int\u00e9r\u00eats \u00e9cologiques (il faut entamer un autre  cycle de conception du tourisme en Savoie; prenons mod\u00e8le sur toutes les  autres r\u00e9gions alpines, plus petites que ne le serait une r\u00e9gion  Savoie, mais autonomes ou f\u00e9d\u00e9rales); <\/span><br \/><span style=\"font-size: 10pt;\">\u00a0\u00a0\u00a0\u00a0 Si notre mouvement r\u00e9clame depuis plus de 30 ans une r\u00e9gion Savoie \u00e0  part enti\u00e8re, c&rsquo;est pour cr\u00e9er une collectivit\u00e9 territoriale \u00e0 taille  humaine, capable de s&rsquo;opposer aux diktats des pr\u00e9dateurs, qu&rsquo;ils soient  parisiens ou lyonnais. Nous aurons d&rsquo;autant plus la capacit\u00e9 de d\u00e9fendre  les valeurs d&rsquo;une \u00e9cologie r\u00e9aliste ; nos territoires en ont maintenant  un besoin imp\u00e9ratif.<\/span><br \/><span style=\"font-size: 10pt;\">\u00a0\u00a0\u00a0\u00a0 C&rsquo;est sur ces valeurs que les r\u00e9gionalistes se sont alli\u00e9s \u00e0 Europe  \u00e9cologie. Est-ce un hasard si les meilleurs r\u00e9sultats d&rsquo;EELV ont \u00e9t\u00e9  r\u00e9alis\u00e9s en R\u00e9gion Savoie avec plus de 20% ?<\/span><br \/><span style=\"font-size: 10pt;\">\u00a0\u00a0\u00a0 Nous constatons que le  PS oublie souvent de citer les actions de ses partenaires ou se les  approprie; nous souhaitons que EELV ne tombe pas dans le m\u00eame travers en  oubliant de nous associer dans un combat aussi sensible que celui-l\u00e0.<\/span><\/p>\n<p><strong><span style=\"font-size: 10pt;\"> No\u00ebl Communod<\/span><\/strong><\/p>\n","protected":false},"excerpt":{"rendered":"<p>J.O. : Communiqu\u00e9 du MRS Par No\u00ebl Communod,\u00a0 Conseiller r\u00e9gional, Pr\u00e9sident du MRS. \u00a0\u00a0\u00a0 Le MRS est fier aujourd&rsquo;hui d&rsquo;avoir soutenu activement le CAO et contribu\u00e9 ainsi \u00e0 pr\u00e9server la Savoie des pr\u00e9dateurs. \u00a0\u00a0\u00a0 Le recrutement \u00e0 grands frais d&rsquo;un champion du lobbyiing pour 7 voix collect\u00e9es&#8230; avec de l&rsquo;argent public, vot\u00e9 les yeux ferm\u00e9s &#8230; <a title=\"J.O. : Communiqu\u00e9 du MRS\" class=\"read-more\" href=\"https:\/\/sabaudia-mrs.org\/index.php\/2011\/07\/09\/jo-communique-du-mrs\/\" aria-label=\"En savoir plus sur J.O. : Communiqu\u00e9 du MRS\">Lire la suite<\/a><\/p>\n","protected":false},"author":1,"featured_media":0,"comment_status":"open","ping_status":"open","sticky":false,"template":"","format":"standard","meta":{"footnotes":""},"categories":[25],"tags":[191],"class_list":["post-475","post","type-post","status-publish","format-standard","hentry","category-le-m-r-s-et-les-j-o","tag-noel-communod-jean-jacques-queyrrane"],"_links":{"self":[{"href":"https:\/\/sabaudia-mrs.org\/index.php\/wp-json\/wp\/v2\/posts\/475","targetHints":{"allow":["GET"]}}],"collection":[{"href":"https:\/\/sabaudia-mrs.org\/index.php\/wp-json\/wp\/v2\/posts"}],"about":[{"href":"https:\/\/sabaudia-mrs.org\/index.php\/wp-json\/wp\/v2\/types\/post"}],"author":[{"embeddable":true,"href":"https:\/\/sabaudia-mrs.org\/index.php\/wp-json\/wp\/v2\/users\/1"}],"replies":[{"embeddable":true,"href":"https:\/\/sabaudia-mrs.org\/index.php\/wp-json\/wp\/v2\/comments?post=475"}],"version-history":[{"count":0,"href":"https:\/\/sabaudia-mrs.org\/index.php\/wp-json\/wp\/v2\/posts\/475\/revisions"}],"wp:attachment":[{"href":"https:\/\/sabaudia-mrs.org\/index.php\/wp-json\/wp\/v2\/media?parent=475"}],"wp:term":[{"taxonomy":"category","embeddable":true,"href":"https:\/\/sabaudia-mrs.org\/index.php\/wp-json\/wp\/v2\/categories?post=475"},{"taxonomy":"post_tag","embeddable":true,"href":"https:\/\/sabaudia-mrs.org\/index.php\/wp-json\/wp\/v2\/tags?post=475"}],"curies":[{"name":"wp","href":"https:\/\/api.w.org\/{rel}","templated":true}]}}