{"id":461,"date":"2013-01-29T17:55:00","date_gmt":"2013-01-29T16:55:00","guid":{"rendered":"http:\/\/savoue.patoue.fr\/2013\/01\/29\/un-autre-regard-sur-le-mali-et-azawad\/"},"modified":"2013-01-29T17:55:00","modified_gmt":"2013-01-29T16:55:00","slug":"un-autre-regard-sur-le-mali-et-azawad","status":"publish","type":"post","link":"https:\/\/sabaudia-mrs.org\/index.php\/2013\/01\/29\/un-autre-regard-sur-le-mali-et-azawad\/","title":{"rendered":"Un autre regard sur le Mali et l&rsquo;Azawad"},"content":{"rendered":"<p>\u00a0<\/p>\n<p><span style=\"font-size: 10pt;\"><img decoding=\"async\" class=\" alignleft size-full wp-image-460\" style=\"margin: 5px; float: left;\" src=\"http:\/\/sabaudr.cluster028.hosting.ovh.net\/wp-content\/uploads\/2013\/01\/lounes.png\" width=\"140\" srcset=\"https:\/\/sabaudia-mrs.org\/wp-content\/uploads\/2013\/01\/lounes.png 670w, https:\/\/sabaudia-mrs.org\/wp-content\/uploads\/2013\/01\/lounes-300x283.png 300w\" sizes=\"(max-width: 670px) 100vw, 670px\" \/>Belkacem Lounes, \u00e9lu r\u00e9gional Rh\u00f4ne-Alpes et qui si\u00e8ge \u00e0 mon c\u00f4t\u00e9 dans l\u2019h\u00e9micycle, a de larges responsabilit\u00e9s dans le Mouvement mondial du peuple des Berb\u00e8res (il en a \u00e9t\u00e9 le Pr\u00e9sident pendant 9 ann\u00e9es). Il a maintenant en charge les relations internationales de ce mouvement. Comme il avait \u00e9t\u00e9 au c\u0153ur des engagements de ce peuple en Lybie pendant l\u2019\u00e9limination du r\u00e9gime de M.Kadafi, de m\u00eame, il est \u00ab sur le pont \u00bb pendant ce conflit au Mali ; on peut \u00e9couter dans la vid\u00e9o son analyse et l\u2019appel qu\u2019il lance au gouvernement fran\u00e7ais pour \u00e9viter les brutalit\u00e9s et exactions de l\u2019arm\u00e9e malienne sur les Touaregs.<\/p>\n<p><\/span><\/p>\n<p><!--more--><\/p>\n<div title=\"Web_Player1359479448761\"><img loading=\"lazy\" decoding=\"async\" class=\" alignleft size-full wp-image-91\" style=\"margin-top: 5px; margin-bottom: 5px; float: left;\" src=\"http:\/\/sabaudr.cluster028.hosting.ovh.net\/wp-content\/uploads\/2013\/04\/youtube.jpg\" title=\"Web_Player{xa}1359479448761{xa}youtube{xa}N2odthNqMXk{xa}0{xa}0{xa}padding:4px 4px 4px 4px;float:left;\" height=\"260\" width=\"290\" \/><\/div>\n<p>\u00a0<\/p>\n<p><span style=\"font-size: 10pt;\">Belkacem Lounes est membre de RPS  (R\u00e9gions et peuples solidaires) aux c\u00f4t\u00e9s du MRS et des autres partis  r\u00e9gionalistes. Il est aussi membre d&rsquo;honneur du MRS ; c\u2019est pourquoi  nous relayons cette information de pleine actualit\u00e9.<br \/> <\/span> \u00a0<\/p>\n<p style=\"text-align: center;\"><span style=\"font-size: 10pt;\"><strong>No\u00ebl Communod<\/strong><\/span><br \/><span style=\"font-size: 10pt;\"><strong>Pr\u00e9sident du MRS<\/strong><\/span><\/p>\n<p style=\"text-align: left;\">\u00a0<\/p>\n<p style=\"text-align: left;\">\u00a0<\/p>\n<p style=\"text-align: left;\">\u00a0<\/p>\n<p style=\"text-align: left;\">\u00a0<\/p>\n<p style=\"text-align: left;\">\u00a0<\/p>\n<p style=\"text-align: left;\">\u00a0<\/p>\n<p style=\"text-align: left;\">\u00a0<\/p>\n<p style=\"text-align: left;\">\u00a0<\/p>\n<p style=\"text-align: left;\"><span style=\"font-size: 10pt;\">Vous pourrez lire ci-dessous<a href=\"#Lettre\"> la lettre ouverte du congr\u00e8s mondial Amazigh\u00a0<\/a> du 26\/01\/2013 au Pr\u00e9sident Hollande.<\/span><\/p>\n<p style=\"text-align: left;\">\u00a0<\/p>\n<p><span style=\"font-size: 10pt;\">A voir aussi pour comprendre la situation, le reportage d&rsquo;Arte diffus\u00e9 le 29 juin 2012 :<\/span><\/p>\n<div style=\"padding: 4px 4px 4px 4px; float: center; border: solid 1px #F00;\" title=\"Web_Player1359480302910\"><img loading=\"lazy\" decoding=\"async\" class=\" size-full wp-image-91\" style=\"display: block; margin-left: auto; margin-right: auto; vertical-align: middle;\" src=\"http:\/\/sabaudr.cluster028.hosting.ovh.net\/wp-content\/uploads\/2013\/04\/youtube.jpg\" title=\"Web_Player{xa}1359480302910{xa}youtube{xa}IxbtvdAQ4CY{xa}0{xa}0{xa}padding:4px 4px 4px 4px;float:left;\" height=\"290\" width=\"290\" srcset=\"https:\/\/sabaudia-mrs.org\/wp-content\/uploads\/2013\/04\/youtube.jpg 250w, https:\/\/sabaudia-mrs.org\/wp-content\/uploads\/2013\/04\/youtube-150x150.jpg 150w\" sizes=\"auto, (max-width: 290px) 100vw, 290px\" \/><\/div>\n<p>\u00a0<\/p>\n<p>\u00a0<\/p>\n<p>\u00a0<\/p>\n<p>\u00a0<\/p>\n<p>\u00a0<\/p>\n<p>\u00a0<\/p>\n<p>\u00a0<\/p>\n<p>\u00a0<\/p>\n<p>\u00a0<\/p>\n<p>\u00a0<\/p>\n<p>\u00a0<\/p>\n<p>\u00a0<\/p>\n<p>\u00a0<\/p>\n<p>\u00a0<\/p>\n<p>\u00a0<\/p>\n<h3><strong><a name=\"Lettre\"><\/a>Lettre ouverte du Congr\u00e8s Mondial Amazigh \u00e0 M. Le Pr\u00e9sident de la R\u00e9publique au sujet de l\u2019intervention fran\u00e7aise au Mali<\/strong><\/h3>\n<p align=\"JUSTIFY\">\u00a0<\/p>\n<p align=\"JUSTIFY\">Monsieur le Pr\u00e9sident,<\/p>\n<p align=\"JUSTIFY\">\u00a0<\/p>\n<p align=\"JUSTIFY\">La France est intervenue militairement au Mali le 11 janvier 2013, officiellement \u00abafin de stopper l\u2019avanc\u00e9e des islamistes arm\u00e9s vers le sud, mena\u00e7ant Bamako\u00bb et de mettre un terme au terrorisme islamiste au Mali.<\/p>\n<p align=\"JUSTIFY\">\u00a0<\/p>\n<p align=\"JUSTIFY\">Nous, organisations et citoyens Fran\u00e7ais-Amazighs, de culture la\u00efque et profond\u00e9ment attach\u00e9s aux valeurs de justice, de libert\u00e9 et de respect des droits humains, avons applaudi l\u2019initiative fran\u00e7aise d\u00e8s lors qu\u2019elle visait clairement et seulement \u00e0 combattre le terrorisme islamiste et le banditisme li\u00e9 notamment au trafic de drogue.<\/p>\n<p align=\"JUSTIFY\">\u00a0<\/p>\n<p align=\"JUSTIFY\">Cependant, nous observons que la France qui intervient aujourd\u2019hui pour prot\u00e9ger le \u00absud-Mali\u00bb est rest\u00e9e indiff\u00e9rente \u00e0 la pr\u00e9sence depuis plus d\u2019une d\u00e9cennie des m\u00eames islamistes dans le \u00abnord-Mali\u00bb o\u00f9 ils s\u2019adonnaient librement aux rapts, aux crimes et autre\u00a0\u00a0narcotrafic, avec la complicit\u00e9 de certaines autorit\u00e9s maliennes<i>.<\/i> Les Touaregs avaient en vain appel\u00e9 d\u00e8s le d\u00e9but des ann\u00e9es 2000, la France et la communaut\u00e9 internationale pour les aider \u00e0 \u00e9liminer ces groupes maffieux. Il y a l\u00e0 manifestement une politique fran\u00e7aise de deux poids deux mesures.<\/p>\n<p align=\"JUSTIFY\">\u00a0<\/p>\n<p align=\"JUSTIFY\">Afin de mettre un terme \u00e0 l\u2019incurie de l\u2019Etat malien, \u00e0 la marginalisation des populations du nord-Mali et \u00e0 l\u2019ins\u00e9curit\u00e9 li\u00e9e \u00e0 la pr\u00e9sence des islamo-narcotrafiquants dans ce territoire, les populations locales ont cr\u00e9\u00e9 il y a un an, le Mouvement National de Lib\u00e9ration de l\u2019Azawad (MNLA). Dans la mesure o\u00f9 le MNLA a toujours combattu les int\u00e9gristes islamistes arm\u00e9s (les derni\u00e8res batailles du MNLA contre les groupes de Al Qaida et du Mujao datent de novembre et d\u00e9cembre 2012 \u00e0 Gao et M\u00e9naka), dans la mesure o\u00f9 ce mouvement dispose de milliers de combattants volontaires, aguerris et connaissant parfaitement le terrain parce qu\u2019ils y sont n\u00e9s et y ont grandi et dans la mesure o\u00f9 le MNLA se dit dispos\u00e9 \u00e0 int\u00e9grer ses troupes dans le dispositif militaire dirig\u00e9 par la France contre les islamistes, pourquoi la France continue t-elle \u00e0 ignorer cette offre\u00a0? Pourquoi r\u00e9serve t-elle son dialogue et son soutien au seul gouvernement malien, pourtant ill\u00e9gitime, excluant le MNLA dont l\u2019objectif est conforme au droit international relatif \u00e0 l\u2019autod\u00e9termination et dont l\u2019action arm\u00e9e fait suite au refus de dialogue de l\u2019ancien gouvernement malien\u00a0?<\/p>\n<p align=\"JUSTIFY\">\u00a0<\/p>\n<p align=\"JUSTIFY\">R\u00e9cemment, et notamment depuis que l\u2019arm\u00e9e fran\u00e7aise a repris quelques localit\u00e9s \u00e0 l\u2019ouest du Mali, la France a \u00e9largi son objectif en ajoutant \u00e0 la lutte contre le terrorisme islamiste, \u00abla reconqu\u00eate de l\u2019int\u00e9grit\u00e9 territoriale du Mali\u00bb. Ce nouvel objectif, outre qu\u2019il est ill\u00e9gal en r\u00e9f\u00e9rence au droit international, d\u00e9voilerait l\u2019objectif r\u00e9el de la France qui serait de combattre le MNLA et de prendre le contr\u00f4le du territoire de l\u2019Azawad et de ses ressources naturelles sous couvert de lutte contre le terrorisme islamiste.<\/p>\n<p align=\"JUSTIFY\">\u00a0<\/p>\n<p align=\"JUSTIFY\">Il est par cons\u00e9quent tr\u00e8s urgent que la France clarifie sa position et ses objectifs. Nous rappelons que le MNLA est n\u00e9 dans le seul but de d\u00e9fendre les droits et les int\u00e9r\u00eats des populations de l\u2019Azawad dans le respect du droit international relatif au droit des peuples \u00e0 disposer d\u2019eux-m\u00eames. Le conflit qui oppose le MNLA au gouvernement malien est un conflit interne qui doit se r\u00e9gler par un dialogue entre les deux parties concern\u00e9es, avec l\u2019entremise d\u2019un m\u00e9diateur neutre et cr\u00e9dible. Dans tous les cas, il est inacceptable que la France continue de soutenir un camp (le Mali) contre un autre (le peuple de l\u2019Azawad) car cela est ill\u00e9gal (notamment en r\u00e9f\u00e9rence au droit international), ill\u00e9gitime et surtout injuste. Si la France maintient sa politique contre les populations de l\u2019Azawad, elle risquerait de provoquer une guerre civile aux cons\u00e9quences incalculables.<\/p>\n<p align=\"JUSTIFY\">\u00a0<\/p>\n<p align=\"JUSTIFY\">Par ailleurs, nous souhaitons vous alerter M. le\u00a0\u00a0Pr\u00e9sident, sur le fait que le Mali a un voisin, le Niger, presque en tous points identique et o\u00f9 les populations du nord du pays se sont r\u00e9volt\u00e9es \u00e0 maintes reprises et pour les m\u00eames raisons qu\u2019au nord-Mali. Ces populations suivent avec une grande attention la mani\u00e8re avec laquelle la question de l\u2019Azawad est trait\u00e9e. Tout parti pris, toute injustice contre l\u2019Azawad ne manquera pas de provoquer des r\u00e9actions d\u2019indignation et de col\u00e8re des populations voisines et cousines du nord-Niger et m\u00eame du sud-Libye. Le conflit risque alors de d\u00e9g\u00e9n\u00e9rer et de d\u00e9stabiliser l\u2019ensemble de la sous-r\u00e9gion. Sans parler des Fran\u00e7ais Amazighs, pr\u00e8s de deux millions de personnes, qui ne manqueront pas d\u2019actionner tous les moyens l\u00e9gaux et d\u00e9mocratiques en vue de faire sanctionner les responsables de toutes les d\u00e9rives.<\/p>\n<p align=\"JUSTIFY\">\u00a0<\/p>\n<p align=\"JUSTIFY\">Un dernier point M. Le Pr\u00e9sident, tout le monde vous a alert\u00e9 sur les actes de repr\u00e9sailles susceptibles d\u2019\u00eatre commis par les soldats maliens qui avancent vers le nord derri\u00e8re l\u2019arm\u00e9e fran\u00e7aise. Or, d\u2019apr\u00e8s des rapports d\u2019ONG (FIDH, WRH\u2026) et des t\u00e9moignages des populations, des crimes auraient \u00e9t\u00e9 commis par l\u2019arm\u00e9e malienne contre des civils, notamment \u00e0 Niono et S\u00e9var\u00e9. Nous vous demandons instamment de condamner fermement les exactions commises par l\u2019arm\u00e9e malienne sur les populations civiles de l\u2019Azawad notamment Touar\u00e8gues et Maures et de diligenter une commission d\u2019enqu\u00eate impartiale pour faire toute la lumi\u00e8re sur les faits et le cas \u00e9ch\u00e9ant, faire juger et sanctionner imm\u00e9diatement les auteurs des exactions. De toutes mani\u00e8res, dans le cas o\u00f9 des crimes contre l\u2019humanit\u00e9 seraient av\u00e9r\u00e9s, il est clair que c\u2019est la France qui se retrouverait devant la CPI et non le gouvernent malien.<\/p>\n<p align=\"JUSTIFY\">\u00a0<\/p>\n<p align=\"JUSTIFY\">En tout \u00e9tat de cause, la seule m\u00e9thode juste, cr\u00e9dible et susceptible de conduire \u00e0 une solution durable, est de r\u00e9unir le gouvernement malien et le MNLA autour d\u2019une table de n\u00e9gociations pour trouver ensemble la sortie de crise et envisager un futur de paix et de d\u00e9veloppement. Le MNLA s\u2019est dit pr\u00eat \u00e0 cette rencontre, reste l\u2019accord du Mali. Il est du devoir de la France d\u00e9sormais partie prenante au conflit, de convaincre le gouvernement malien d\u2019accepter dans les plus brefs d\u00e9lais l\u2019ouverture des discussions directes avec le MNLA.<\/p>\n<p align=\"JUSTIFY\">\u00a0<\/p>\n<p align=\"JUSTIFY\">Voil\u00e0 M. Le Pr\u00e9sident, l\u2019\u00e9tat de nos doutes, de nos craintes et de nos espoirs. Nous avons entendu vos intentions de tourner le dos \u00e0 la Fran\u00e7afrique. Nous attendons \u00e0 pr\u00e9sent des faits qui prouvent que vous agissez en d\u00e9mocrate et en faveur de la justice, des droits et des int\u00e9r\u00eats de l\u2019Afrique et de ses peuples, sans discrimination.<\/p>\n<p align=\"JUSTIFY\">\u00a0<\/p>\n<p align=\"JUSTIFY\">En esp\u00e9rant que vous porterez toute l\u2019attention n\u00e9cessaire \u00e0 notre requ\u00eate, nous vous prions d\u2019agr\u00e9er, Monsieur Le Pr\u00e9sident, l\u2019expression de notre haute consid\u00e9ration.<\/p>\n<p align=\"JUSTIFY\">\u00a0<\/p>\n<p align=\"JUSTIFY\">Paris, 26\/01\/2013<\/p>\n<p align=\"JUSTIFY\">\u00a0<\/p>\n<p align=\"JUSTIFY\">Congr\u00e8s Mondial Amazigh (CMA)<\/p>\n<p align=\"JUSTIFY\">Organisation de la Diaspora Touar\u00e8gue en Europe (ODTE)<\/p>\n<p>\u00a0<\/p>\n<p>\u00a0<\/p>\n<p>\u00a0<\/p>\n<p>{jcomments on}<\/p>\n<p><\/p>\n","protected":false},"excerpt":{"rendered":"<p>\u00a0 Belkacem Lounes, \u00e9lu r\u00e9gional Rh\u00f4ne-Alpes et qui si\u00e8ge \u00e0 mon c\u00f4t\u00e9 dans l\u2019h\u00e9micycle, a de larges responsabilit\u00e9s dans le Mouvement mondial du peuple des Berb\u00e8res (il en a \u00e9t\u00e9 le Pr\u00e9sident pendant 9 ann\u00e9es). Il a maintenant en charge les relations internationales de ce mouvement. Comme il avait \u00e9t\u00e9 au c\u0153ur des engagements de &#8230; <a title=\"Un autre regard sur le Mali et l&rsquo;Azawad\" class=\"read-more\" href=\"https:\/\/sabaudia-mrs.org\/index.php\/2013\/01\/29\/un-autre-regard-sur-le-mali-et-azawad\/\" aria-label=\"En savoir plus sur Un autre regard sur le Mali et l&rsquo;Azawad\">Lire la suite<\/a><\/p>\n","protected":false},"author":1,"featured_media":460,"comment_status":"open","ping_status":"open","sticky":false,"template":"","format":"standard","meta":{"footnotes":""},"categories":[17],"tags":[],"class_list":["post-461","post","type-post","status-publish","format-standard","has-post-thumbnail","hentry","category-europe-et-monde"],"_links":{"self":[{"href":"https:\/\/sabaudia-mrs.org\/index.php\/wp-json\/wp\/v2\/posts\/461","targetHints":{"allow":["GET"]}}],"collection":[{"href":"https:\/\/sabaudia-mrs.org\/index.php\/wp-json\/wp\/v2\/posts"}],"about":[{"href":"https:\/\/sabaudia-mrs.org\/index.php\/wp-json\/wp\/v2\/types\/post"}],"author":[{"embeddable":true,"href":"https:\/\/sabaudia-mrs.org\/index.php\/wp-json\/wp\/v2\/users\/1"}],"replies":[{"embeddable":true,"href":"https:\/\/sabaudia-mrs.org\/index.php\/wp-json\/wp\/v2\/comments?post=461"}],"version-history":[{"count":0,"href":"https:\/\/sabaudia-mrs.org\/index.php\/wp-json\/wp\/v2\/posts\/461\/revisions"}],"wp:featuredmedia":[{"embeddable":true,"href":"https:\/\/sabaudia-mrs.org\/index.php\/wp-json\/wp\/v2\/media\/460"}],"wp:attachment":[{"href":"https:\/\/sabaudia-mrs.org\/index.php\/wp-json\/wp\/v2\/media?parent=461"}],"wp:term":[{"taxonomy":"category","embeddable":true,"href":"https:\/\/sabaudia-mrs.org\/index.php\/wp-json\/wp\/v2\/categories?post=461"},{"taxonomy":"post_tag","embeddable":true,"href":"https:\/\/sabaudia-mrs.org\/index.php\/wp-json\/wp\/v2\/tags?post=461"}],"curies":[{"name":"wp","href":"https:\/\/api.w.org\/{rel}","templated":true}]}}