{"id":441,"date":"2012-04-11T21:03:18","date_gmt":"2012-04-11T19:03:18","guid":{"rendered":"http:\/\/savoue.patoue.fr\/2012\/04\/11\/les-germes-dune-revolution-regionale\/"},"modified":"2012-04-11T21:03:18","modified_gmt":"2012-04-11T19:03:18","slug":"les-germes-dune-revolution-regionale","status":"publish","type":"post","link":"https:\/\/sabaudia-mrs.org\/index.php\/2012\/04\/11\/les-germes-dune-revolution-regionale\/","title":{"rendered":"Les germes d&rsquo;une r\u00e9volution r\u00e9gionale"},"content":{"rendered":"<\/p>\n<p><span style=\"font-size: 12pt;\"><strong>Les leviers de l&rsquo;autonomie r\u00e9gionale sont dans les mains des collectivit\u00e9s territoriales.<\/strong><\/span><\/p>\n<p><span style=\"font-size: 12pt;\"><em><strong>Un exemple : celui des Pays de Savoie<\/strong><\/em><\/span><\/p>\n<p><em><strong><br \/><\/strong><\/em><\/p>\n<p><span style=\"font-size: 10pt;\"><img loading=\"lazy\" decoding=\"async\" class=\" alignleft size-full wp-image-427\" style=\"margin: 8px; border: 1px solid #000000; float: left;\" alt=\"les_germes\" src=\"http:\/\/sabaudr.cluster028.hosting.ovh.net\/wp-content\/uploads\/2012\/04\/les_germes.jpg\" height=\"176\" width=\"140\" srcset=\"https:\/\/sabaudia-mrs.org\/wp-content\/uploads\/2012\/04\/les_germes.jpg 376w, https:\/\/sabaudia-mrs.org\/wp-content\/uploads\/2012\/04\/les_germes-239x300.jpg 239w\" sizes=\"auto, (max-width: 140px) 100vw, 140px\" \/>Auteur : NOEL COMMUNOD<\/span><\/p>\n<p><span style=\"font-size: 10pt;\">\u00c9diteur : Mirno-graphie<\/span><\/p>\n<p><span style=\"font-size: 10pt;\">Pages : 286<\/span><br \/><span style=\"font-size: 10pt;\">ISBN : 2-9518358-2-5<\/span><\/p>\n<p><span style=\"font-size: 10pt;\">Ann\u00e9e : 2006<\/span><\/p>\n<p>\u00a0<br \/><span style=\"font-size: 10pt;\">La d\u00e9centralisation voulue par JP Raffarin a \u00e9t\u00e9 torpill\u00e9e et d\u00e9voy\u00e9e par les jacobins et tous ceux qui ont un int\u00e9r\u00eat a ce que perdure le syst\u00e8me centralis\u00e9 fran\u00e7ais. Cependant, les textes vot\u00e9s en 2003 et 2004 nous semblent porteurs de germes suffisants pour une transformation de notre syst\u00e8me politique. Il faut n\u00e9anmoins que les acteurs locaux, les conseils r\u00e9gionaux.prennent conscience qu&rsquo;ils ont entre les mains des outils, certes imparfaits, mais qui peuvent changer la donne.<\/span><\/p>\n<p><!--more--><\/p>\n<p><span style=\"font-size: 10pt;\">En effet, aujourd&rsquo;hui, \u00ab L&rsquo;organisation de la R\u00e9publique est d\u00e9centralis\u00e9e \u00bb et les r\u00e9gions sont pour la premi\u00e8re fois cit\u00e9es parmi les collectivit\u00e9s territoriales dans la Constitution. Leur libre administration est garantie par des ressources dont elles peuvent disposer librement dans les conditions fix\u00e9es par la loi. Les principes fondateurs de l&rsquo;autonomie r\u00e9gionale sont ainsi pos\u00e9s ; mais au del\u00e0, la Constitution r\u00e9vis\u00e9e est porteuse de 8 germes nouveaux susceptibles d&rsquo;une \u00e9volution plus ou moins rapide et certainement capables de d\u00e9livrer notre pays de sa maladie end\u00e9mique : le centralisme jacobin.<\/span><\/p>\n<p><span style=\"font-size: 10pt;\">Ce sont : le chef de filat, la technique de l&rsquo;exp\u00e9rimentation, la r\u00e8gle de la subsidiarit\u00e9, l&rsquo;autonomie financi\u00e8re et fiscale, le pouvoir normatif local, les outils de la d\u00e9mocratie locale : p\u00e9tition et referendum, la coop\u00e9ration interr\u00e9gionale et les euror\u00e9gions, l&rsquo;organisation territoriale nouvelle. Ainsi par exemple, la r\u00e8gle de la subsidiarit\u00e9, d&rsquo;apparence anodine est une v\u00e9ritable bombe institutionnelle entre les mains des collectivit\u00e9s territoriales si elles veulent effectivement agir pour red\u00e9finir le partage des comp\u00e9tences et , partant, des finances publiques puisqu&rsquo;un autre principe constitutionnel implique que le financement suit la comp\u00e9tence.<\/span><\/p>\n<p><span style=\"font-size: 10pt;\">Ce livre formule deux propositions fortes de cons\u00e9quences<\/span><br \/><span style=\"font-size: 10pt;\">Nous pr\u00f4nerons ici d&rsquo;utiliser toutes les possibilit\u00e9s d\u00e9j\u00e0 donn\u00e9es par les textes et notamment cet outil p\u00e9dagogique et moderne que constitue l&rsquo;exp\u00e9rimentation, sans doute le seul capable de faire \u00e9voluer notre soci\u00e9t\u00e9 bloqu\u00e9e.<\/span><\/p>\n<p><span style=\"font-size: 10pt;\">Nous pr\u00f4nerons \u00e9galement une \u00e9volution progressive de notre organisation territoriale par la cr\u00e9ation de collectivit\u00e9s \u00e0 statut particulier que sont les r\u00e9gions unid\u00e9partementales (r\u00e9gions ayant absorb\u00e9 leurs d\u00e9partements) ; nous donnerons en exemple le projet qui existe pour les Pays de Savoie.<\/span><\/p>\n<p><span style=\"font-size: 10pt;\">Des germes pr\u00eats a \u00e9clore<\/span><br \/><span style=\"font-size: 10pt;\">Si nos responsables de collectivit\u00e9s, notamment les pr\u00e9sidents de r\u00e9gions, savent \u00eatre de bons jardiniers, ils ont entre leurs mains tous les outils qui leur permettront d&rsquo;acqu\u00e9rir davantage d&rsquo;autonomie pour mieux g\u00e9rer la chose publique dans leurs domaines de comp\u00e9tences, mais aussi au del\u00e0. Les r\u00e9gions peuvent devenir des laboratoires d\u00e9mocratiques ou s&rsquo;\u00e9laborent les nouvelles r\u00e8gles du jeu politique.<\/span><\/p>\n<p><span style=\"font-size: 10pt;\">L&rsquo;autonomie comme finalit\u00e9 politique peut devenir la base de cette \u00e9volution.<\/span><\/p>\n<p><span style=\"font-size: 10pt;\">\u00ab La France des r\u00e9gions, c&rsquo;est maintenant ! \u00bb s&rsquo;exclamait S\u00e9gol\u00e8ne Royal au soir des r\u00e9gionales de mai 2004. N&rsquo;\u00e9tait-ce qu&rsquo;une petite phrase de soir\u00e9e \u00e9lectorale ou une vision pr\u00e9monitoire d&rsquo;une possible \u00e9volution de notre syst\u00e8me politique ?<\/span><\/p>\n","protected":false},"excerpt":{"rendered":"<p>Les leviers de l&rsquo;autonomie r\u00e9gionale sont dans les mains des collectivit\u00e9s territoriales. Un exemple : celui des Pays de Savoie Auteur : NOEL COMMUNOD \u00c9diteur : Mirno-graphie Pages : 286ISBN : 2-9518358-2-5 Ann\u00e9e : 2006 \u00a0La d\u00e9centralisation voulue par JP Raffarin a \u00e9t\u00e9 torpill\u00e9e et d\u00e9voy\u00e9e par les jacobins et tous ceux qui ont un &#8230; <a title=\"Les germes d&rsquo;une r\u00e9volution r\u00e9gionale\" class=\"read-more\" href=\"https:\/\/sabaudia-mrs.org\/index.php\/2012\/04\/11\/les-germes-dune-revolution-regionale\/\" aria-label=\"En savoir plus sur Les germes d&rsquo;une r\u00e9volution r\u00e9gionale\">Lire la suite<\/a><\/p>\n","protected":false},"author":1,"featured_media":427,"comment_status":"open","ping_status":"open","sticky":false,"template":"","format":"standard","meta":{"footnotes":""},"categories":[90],"tags":[],"class_list":["post-441","post","type-post","status-publish","format-standard","has-post-thumbnail","hentry","category-ouvrages-region-savoie"],"_links":{"self":[{"href":"https:\/\/sabaudia-mrs.org\/index.php\/wp-json\/wp\/v2\/posts\/441","targetHints":{"allow":["GET"]}}],"collection":[{"href":"https:\/\/sabaudia-mrs.org\/index.php\/wp-json\/wp\/v2\/posts"}],"about":[{"href":"https:\/\/sabaudia-mrs.org\/index.php\/wp-json\/wp\/v2\/types\/post"}],"author":[{"embeddable":true,"href":"https:\/\/sabaudia-mrs.org\/index.php\/wp-json\/wp\/v2\/users\/1"}],"replies":[{"embeddable":true,"href":"https:\/\/sabaudia-mrs.org\/index.php\/wp-json\/wp\/v2\/comments?post=441"}],"version-history":[{"count":0,"href":"https:\/\/sabaudia-mrs.org\/index.php\/wp-json\/wp\/v2\/posts\/441\/revisions"}],"wp:featuredmedia":[{"embeddable":true,"href":"https:\/\/sabaudia-mrs.org\/index.php\/wp-json\/wp\/v2\/media\/427"}],"wp:attachment":[{"href":"https:\/\/sabaudia-mrs.org\/index.php\/wp-json\/wp\/v2\/media?parent=441"}],"wp:term":[{"taxonomy":"category","embeddable":true,"href":"https:\/\/sabaudia-mrs.org\/index.php\/wp-json\/wp\/v2\/categories?post=441"},{"taxonomy":"post_tag","embeddable":true,"href":"https:\/\/sabaudia-mrs.org\/index.php\/wp-json\/wp\/v2\/tags?post=441"}],"curies":[{"name":"wp","href":"https:\/\/api.w.org\/{rel}","templated":true}]}}