{"id":438,"date":"2012-04-10T07:54:52","date_gmt":"2012-04-10T05:54:52","guid":{"rendered":"http:\/\/savoue.patoue.fr\/2012\/04\/10\/region-savoie-pourquoi-comment\/"},"modified":"2012-04-10T07:54:52","modified_gmt":"2012-04-10T05:54:52","slug":"region-savoie-pourquoi-comment","status":"publish","type":"post","link":"https:\/\/sabaudia-mrs.org\/index.php\/2012\/04\/10\/region-savoie-pourquoi-comment\/","title":{"rendered":"R\u00e9gion Savoie, Pourquoi, Comment ?"},"content":{"rendered":"<p style=\"text-align: justify;\"><span style=\"font-size: 10pt;\"><img loading=\"lazy\" decoding=\"async\" class=\" alignleft size-full wp-image-431\" style=\"margin-right: 8px; margin-bottom: 8px; margin-left: 8px; border: 1px solid #000000; float: left;\" alt=\"pourquoi_comment\" src=\"http:\/\/sabaudr.cluster028.hosting.ovh.net\/wp-content\/uploads\/2012\/04\/pourquoi_comment.jpg\" height=\"204\" width=\"140\" srcset=\"https:\/\/sabaudia-mrs.org\/wp-content\/uploads\/2012\/04\/pourquoi_comment.jpg 326w, https:\/\/sabaudia-mrs.org\/wp-content\/uploads\/2012\/04\/pourquoi_comment-206x300.jpg 206w\" sizes=\"auto, (max-width: 140px) 100vw, 140px\" \/><\/span><\/p>\n<p style=\"text-align: justify;\"><strong>Par Claude Barbier et Beno\u00eft Bro<\/strong><\/p>\n<p><em>Editeur\u00a0: <em class=\"value\">Editions Cab\u00e9dita<\/em><\/em><br \/><em>Collection\u00a0: <em class=\"value\">Regard Et Connaissance<\/em><\/em><br \/><em>Parution\u00a0: <em class=\"value\">15\/04\/2002<\/em><\/em><br \/><em>Nombre de pages\u00a0: <em class=\"value\">127<\/em><\/em><\/p>\n<p style=\"text-align: justify;\"><span style=\"font-size: 10pt;\">Le but de cet ouvrage est de montrer qu&rsquo;une r\u00e9gion Savoie est une id\u00e9e qui s&rsquo;inscrit dans la culture politique particuli\u00e8re, voire particulariste de l&rsquo;ancien Duch\u00e9<\/span>.<br \/><span style=\"font-size: 10pt;\"> L&rsquo;Histoire singuli\u00e8re de la Savoie, devenue fran\u00e7aise depuis 1860 seulement, a laiss\u00e9 des traces dans nos comportements politiques, dans notre mani\u00e8re d&rsquo;aborder les relations avec l&rsquo;Etat notamment.<\/span><\/p>\n<p style=\"text-align: justify;\"><span style=\"font-size: 10pt;\">Maintenant que la d\u00e9centralisation d\u00e9ploie &#8211; enfin &#8211; des effets encore bien timides, il est tout \u00e0 fait normal que la Savoie puisse b\u00e9n\u00e9ficier du cadre institutionnel et juridique correspondant \u00e0 son identit\u00e9 et \u00e0 sa culture politique profonde.<\/span><\/p>\n<p><!--more--><\/p>\n<p style=\"text-align: justify;\"><span style=\"font-size: 10pt;\">De tous temps le Duch\u00e9 de Savoie, alors int\u00e9gr\u00e9 au Royaume de Pi\u00e9mont-Sardaigne, a montr\u00e9 son ind\u00e9pendance de pens\u00e9e :<\/span><br \/><span style=\"font-size: 10pt;\"> D\u00e9j\u00e0 au Parlement de Turin les repr\u00e9sentants savoisiens s&rsquo;attachaient \u00e0 d\u00e9montrer les particularismes de notre r\u00e9gion<\/span>.<br \/><span style=\"font-size: 10pt;\"> En 1972, l&rsquo;occasion manqu\u00e9e de la naissance d&rsquo;une r\u00e9gion Savoie a tout de m\u00eame eu le m\u00e9rite d&rsquo;\u00e9veiller les consciences.<\/span><\/p>\n<p style=\"text-align: justify;\"><span style=\"font-size: 10pt;\">L&rsquo;int\u00e9gration actuelle de la Savoie (au sens large) dans une <em>grande<\/em> (par le nombre de ses habitants) r\u00e9gion Rh\u00f4ne-Alpes ne convient pas forc\u00e9ment aux deux d\u00e9partements savoyards situ\u00e9s en p\u00e9riph\u00e9rie, de tradition montagnarde, moins peupl\u00e9s que ses homologues du Rh\u00f4ne, de l&rsquo;Is\u00e8re et de la Loire (et donc moins int\u00e9ressants \u00e9lectoralement parlant !), La Savoie voudrait pouvoir g\u00e9rer son avenir au sein de l&rsquo;Europe de fa\u00e7on plus tourn\u00e9e vers des r\u00e9gions proches de ses pr\u00e9occupations :<\/span><br \/><span style=\"font-size: 10pt;\"> le Pi\u00e9mont, la vall\u00e9e d&rsquo;Aoste, Gen\u00e8ve et le Canton de Vaud.<\/span><\/p>\n","protected":false},"excerpt":{"rendered":"<p>Par Claude Barbier et Beno\u00eft Bro Editeur\u00a0: Editions Cab\u00e9ditaCollection\u00a0: Regard Et ConnaissanceParution\u00a0: 15\/04\/2002Nombre de pages\u00a0: 127 Le but de cet ouvrage est de montrer qu&rsquo;une r\u00e9gion Savoie est une id\u00e9e qui s&rsquo;inscrit dans la culture politique particuli\u00e8re, voire particulariste de l&rsquo;ancien Duch\u00e9. L&rsquo;Histoire singuli\u00e8re de la Savoie, devenue fran\u00e7aise depuis 1860 seulement, a laiss\u00e9 des &#8230; <a title=\"R\u00e9gion Savoie, Pourquoi, Comment ?\" class=\"read-more\" href=\"https:\/\/sabaudia-mrs.org\/index.php\/2012\/04\/10\/region-savoie-pourquoi-comment\/\" aria-label=\"En savoir plus sur R\u00e9gion Savoie, Pourquoi, Comment ?\">Lire la suite<\/a><\/p>\n","protected":false},"author":1,"featured_media":431,"comment_status":"open","ping_status":"open","sticky":false,"template":"","format":"standard","meta":{"footnotes":""},"categories":[90],"tags":[],"class_list":["post-438","post","type-post","status-publish","format-standard","has-post-thumbnail","hentry","category-ouvrages-region-savoie"],"_links":{"self":[{"href":"https:\/\/sabaudia-mrs.org\/index.php\/wp-json\/wp\/v2\/posts\/438","targetHints":{"allow":["GET"]}}],"collection":[{"href":"https:\/\/sabaudia-mrs.org\/index.php\/wp-json\/wp\/v2\/posts"}],"about":[{"href":"https:\/\/sabaudia-mrs.org\/index.php\/wp-json\/wp\/v2\/types\/post"}],"author":[{"embeddable":true,"href":"https:\/\/sabaudia-mrs.org\/index.php\/wp-json\/wp\/v2\/users\/1"}],"replies":[{"embeddable":true,"href":"https:\/\/sabaudia-mrs.org\/index.php\/wp-json\/wp\/v2\/comments?post=438"}],"version-history":[{"count":0,"href":"https:\/\/sabaudia-mrs.org\/index.php\/wp-json\/wp\/v2\/posts\/438\/revisions"}],"wp:featuredmedia":[{"embeddable":true,"href":"https:\/\/sabaudia-mrs.org\/index.php\/wp-json\/wp\/v2\/media\/431"}],"wp:attachment":[{"href":"https:\/\/sabaudia-mrs.org\/index.php\/wp-json\/wp\/v2\/media?parent=438"}],"wp:term":[{"taxonomy":"category","embeddable":true,"href":"https:\/\/sabaudia-mrs.org\/index.php\/wp-json\/wp\/v2\/categories?post=438"},{"taxonomy":"post_tag","embeddable":true,"href":"https:\/\/sabaudia-mrs.org\/index.php\/wp-json\/wp\/v2\/tags?post=438"}],"curies":[{"name":"wp","href":"https:\/\/api.w.org\/{rel}","templated":true}]}}