{"id":408,"date":"2012-04-23T08:19:22","date_gmt":"2012-04-23T06:19:22","guid":{"rendered":"http:\/\/savoue.patoue.fr\/2012\/04\/23\/le-choix-dune-france-federale\/"},"modified":"2012-04-23T08:19:22","modified_gmt":"2012-04-23T06:19:22","slug":"le-choix-dune-france-federale","status":"publish","type":"post","link":"https:\/\/sabaudia-mrs.org\/index.php\/2012\/04\/23\/le-choix-dune-france-federale\/","title":{"rendered":"Le choix d&rsquo;une France f\u00e9d\u00e9rale"},"content":{"rendered":"<p><strong><span style=\"font-size: 10pt;\"><img loading=\"lazy\" decoding=\"async\" class=\" alignleft size-full wp-image-407\" style=\"margin-right: 8px; margin-bottom: 8px; margin-left: 8px; border: 1px solid #000000; float: left;\" alt=\"le_choix\" src=\"http:\/\/sabaudr.cluster028.hosting.ovh.net\/wp-content\/uploads\/2012\/04\/le_choix.jpg\" height=\"197\" width=\"140\" srcset=\"https:\/\/sabaudia-mrs.org\/wp-content\/uploads\/2012\/04\/le_choix.jpg 345w, https:\/\/sabaudia-mrs.org\/wp-content\/uploads\/2012\/04\/le_choix-213x300.jpg 213w\" sizes=\"auto, (max-width: 140px) 100vw, 140px\" \/>Par No\u00ebl Communod<\/span><\/strong><\/p>\n<p><em><span style=\"font-size: 10pt;\">\u00c9diteur : Mirno-graphie<br \/>Ann\u00e9e : 2007<br \/><\/span><\/em><\/p>\n<p><span style=\"font-size: 10pt;\"><small><em>ISBN\u00a0978-2-9518358-5-6<\/em><a href=\"http:\/\/fr.wikipedia.org\/wiki\/Sp%C3%A9cial:Ouvrages_de_r%C3%A9f%C3%A9rence\/978-2-9518358-5-6\" title=\"Sp\u00e9cial:Ouvrages de r\u00e9f\u00e9rence\/978-2-9518358-5-6\" target=\"_blank\" rel=\"noopener\"><\/a><\/small><\/span><\/p>\n<p><span style=\"font-size: 10pt;\">Le d\u00e9clin de la France est patent : <\/span><br \/><span style=\"font-size: 10pt;\">Une soci\u00e9t\u00e9 bloqu\u00e9e, un Etat incapable de se r\u00e9former, trop centralis\u00e9, des partis politiques de gouvernement, droite et gauche, d\u00e9pass\u00e9s par une soci\u00e9t\u00e9 qu\u2019ils ne comprennent plus et d\u00e9savou\u00e9s par plusieurs scrutins cons\u00e9cutifs\u2026<\/span><br \/><span style=\"font-size: 10pt;\">En quelques ann\u00e9es, toutes les certitudes des Fran\u00e7ais se sont effondr\u00e9es et les hommes politiques semblent d\u00e9boussol\u00e9s. Ils ne proposent rien d\u2019autre que le maintien du statu quo avec une seule perspective : l\u2019alternance qui conduirait au pouvoir les m\u00eames hommes et les m\u00eames m\u00e9thodes qui ont conduit la France au bord du gouffre. <\/span><br \/><span style=\"font-size: 10pt;\">Chacun sent bien confus\u00e9ment qu\u2019une rupture dans les fa\u00e7ons de fonctionner, c\u2019est-\u00e0-dire de vivre ensemble, est indispensable. Le temps d\u2019une \u00e9volution logique de notre d\u00e9mocratie et de notre syst\u00e8me politique est venu. Il faut d\u00e9sormais envisager de r\u00e9former notre \u2018exception fran\u00e7aise\u2019 que nous sommes les seuls \u00e0 admirer.<\/span><br \/><span style=\"font-size: 10pt;\">L\u2019Etat-nation centralis\u00e9 n\u2019est plus adapt\u00e9 au monde moderne et son organisation devient le boulet qui entra\u00eene la France vers le fond, inexorablement.<\/span><\/p>\n<p><!--more--><\/p>\n<p><span style=\"font-size: 10pt;\">Et si la solution \u00e9tait UNE FRANCE FEDERALE ?<\/span><br \/><span style=\"font-size: 10pt;\">Le f\u00e9d\u00e9ralisme est une philosophie de l\u2019organisation de la soci\u00e9t\u00e9 qui repose sur l\u2019autonomie de la personne humaine et des collectivit\u00e9s auxquelles elle appartient. Ce syst\u00e8me politique qui donne une grande autonomie aux r\u00e9gions (ou Etats) f\u00e9d\u00e9r\u00e9s est celui qui s\u2019applique dans la majorit\u00e9 des pays avanc\u00e9s (40% de la plan\u00e8te).<\/span><\/p>\n<p><span style=\"font-size: 10pt;\">Nous proposons d\u2019adapter notre organisation politique et sociale selon un mod\u00e8le de type f\u00e9d\u00e9ral par la transformation de nos institutions en \u00ab R\u00e9publique f\u00e9d\u00e9rale fran\u00e7aise \u00bb. L\u2019Etat f\u00e9d\u00e9ral ne garderait que les fonctions de s\u00e9curit\u00e9, de coordination et de p\u00e9r\u00e9quation ; selon le principe de subsidiarit\u00e9, les r\u00e9gions fran\u00e7aises et les communes (ou leurs groupements) auraient en charge tout le reste, sous le contr\u00f4le plus direct des citoyens : une d\u00e9mocratie de proximit\u00e9.<\/span><\/p>\n<p><span style=\"font-size: 10pt;\">Certes, la transition ne sera ni simple ni imm\u00e9diate, car on ne gomme pas d\u2019un trait de plume tous les m\u00e9faits du centralisme et de l\u2019Etat-providence.<\/span><\/p>\n<p><span style=\"font-size: 10pt;\">Les propositions f\u00e9d\u00e9ralistes sont r\u00e9alistes, progressistes et sans doute les plus \u00e0 m\u00eame d\u2019am\u00e9liorer notre \u00ab vivre-ensemble \u00bb en remettant la personne au centre, face \u00e0 ses responsabilit\u00e9s au sein de collectivit\u00e9s \u00e0 taille humaine, volontairement f\u00e9d\u00e9r\u00e9es.<\/span><\/p>\n<p><span style=\"font-size: 10pt;\">Le pr\u00e9sent ouvrage d\u00e9taille le projet f\u00e9d\u00e9ral pour la France.<\/span><\/p>\n","protected":false},"excerpt":{"rendered":"<p>Par No\u00ebl Communod \u00c9diteur : Mirno-graphieAnn\u00e9e : 2007 ISBN\u00a0978-2-9518358-5-6 Le d\u00e9clin de la France est patent : Une soci\u00e9t\u00e9 bloqu\u00e9e, un Etat incapable de se r\u00e9former, trop centralis\u00e9, des partis politiques de gouvernement, droite et gauche, d\u00e9pass\u00e9s par une soci\u00e9t\u00e9 qu\u2019ils ne comprennent plus et d\u00e9savou\u00e9s par plusieurs scrutins cons\u00e9cutifs\u2026En quelques ann\u00e9es, toutes les certitudes &#8230; <a title=\"Le choix d&rsquo;une France f\u00e9d\u00e9rale\" class=\"read-more\" href=\"https:\/\/sabaudia-mrs.org\/index.php\/2012\/04\/23\/le-choix-dune-france-federale\/\" aria-label=\"En savoir plus sur Le choix d&rsquo;une France f\u00e9d\u00e9rale\">Lire la suite<\/a><\/p>\n","protected":false},"author":1,"featured_media":407,"comment_status":"open","ping_status":"open","sticky":false,"template":"","format":"standard","meta":{"footnotes":""},"categories":[80],"tags":[],"class_list":["post-408","post","type-post","status-publish","format-standard","has-post-thumbnail","hentry","category-livres-federalistes"],"_links":{"self":[{"href":"https:\/\/sabaudia-mrs.org\/index.php\/wp-json\/wp\/v2\/posts\/408","targetHints":{"allow":["GET"]}}],"collection":[{"href":"https:\/\/sabaudia-mrs.org\/index.php\/wp-json\/wp\/v2\/posts"}],"about":[{"href":"https:\/\/sabaudia-mrs.org\/index.php\/wp-json\/wp\/v2\/types\/post"}],"author":[{"embeddable":true,"href":"https:\/\/sabaudia-mrs.org\/index.php\/wp-json\/wp\/v2\/users\/1"}],"replies":[{"embeddable":true,"href":"https:\/\/sabaudia-mrs.org\/index.php\/wp-json\/wp\/v2\/comments?post=408"}],"version-history":[{"count":0,"href":"https:\/\/sabaudia-mrs.org\/index.php\/wp-json\/wp\/v2\/posts\/408\/revisions"}],"wp:featuredmedia":[{"embeddable":true,"href":"https:\/\/sabaudia-mrs.org\/index.php\/wp-json\/wp\/v2\/media\/407"}],"wp:attachment":[{"href":"https:\/\/sabaudia-mrs.org\/index.php\/wp-json\/wp\/v2\/media?parent=408"}],"wp:term":[{"taxonomy":"category","embeddable":true,"href":"https:\/\/sabaudia-mrs.org\/index.php\/wp-json\/wp\/v2\/categories?post=408"},{"taxonomy":"post_tag","embeddable":true,"href":"https:\/\/sabaudia-mrs.org\/index.php\/wp-json\/wp\/v2\/tags?post=408"}],"curies":[{"name":"wp","href":"https:\/\/api.w.org\/{rel}","templated":true}]}}