{"id":396,"date":"2012-01-28T14:47:24","date_gmt":"2012-01-28T13:47:24","guid":{"rendered":"http:\/\/savoue.patoue.fr\/2012\/01\/28\/bilan-politique-du-mrs-pour-2011\/"},"modified":"2012-01-28T14:47:24","modified_gmt":"2012-01-28T13:47:24","slug":"bilan-politique-du-mrs-pour-2011","status":"publish","type":"post","link":"https:\/\/sabaudia-mrs.org\/index.php\/2012\/01\/28\/bilan-politique-du-mrs-pour-2011\/","title":{"rendered":"Bilan politique du MRS pour 2011"},"content":{"rendered":"<p>\u00a0<\/p>\n<h4 align=\"JUSTIFY\"><i><b>Le MRS est un mouvement libre et autonome<\/b><\/i><\/h4>\n<p align=\"JUSTIFY\">Sa libert\u00e9 de parole lui permet de faire valoir ses positions f\u00e9d\u00e9ralistes et r\u00e9gionalistes.<\/p>\n<p align=\"JUSTIFY\">M\u00eame si sa proximit\u00e9 avec Europe-\u00e9cologie est notoire, le MRS est libre de ses prises de position sur tous les grands sujets savoyards. Ainsi, avons-nous clairement dit que nous \u00e9tions oppos\u00e9s au JO de 2018, aux gaz de schistes ou encore au projet de palais des congr\u00e8s au bord du lac d\u2019Annecy.<\/p>\n<p align=\"JUSTIFY\">Nous avons fait de nombreuses propositions dans le domaine institutionnel, dont, bien \u00e9videmment puisque c\u2019est notre objet\u00a0: la cr\u00e9ation d\u2019une r\u00e9gion Savoie \u00e0 part enti\u00e8re.<\/p>\n<p align=\"JUSTIFY\">\u00a0Les activit\u00e9s du MRS<i> <\/i>sont celles d\u2019un mouvement politique. Le bilan de nos activit\u00e9s 2011 atteste de la vari\u00e9t\u00e9 de nos actions. (voir ci-dessous).<\/p>\n<p align=\"JUSTIFY\">\u00a0<\/p>\n<h4 align=\"JUSTIFY\"><i><b>La r\u00e9gion Savoie : un enjeu politique<\/b><\/i><\/h4>\n<p align=\"JUSTIFY\">Si nous sommes actifs, il faut bien noter que l\u2019objectif du MRS, la R\u00e9gion Savoie, n\u2019est pas atteint encore. En effet, nous sommes dans une ann\u00e9e pr\u00e9-\u00e9lectorale qui ne permet pas de referendum et qui ne permettra pas de prise d\u2019initiative en ce domaine.<\/p>\n<p align=\"JUSTIFY\">\u00a0L\u2019UMP, apr\u00e8s avoir soutenu le projet de r\u00e9gion Savoie (voir les d\u00e9clarations de Michel Bouvard, le d\u00e9p\u00f4t d\u2019un projet de loi en 1998, le projet de cr\u00e9ation d\u2019un Conseil des pays de Savoie d\u2019 Herv\u00e9 Gaymard\u2026) est devenu \u00e9trangement silencieux sur l\u2019avenir institutionnel de la Savoie. Bien plus, l\u2019UMP de Haute-Savoie s\u2019entred\u00e9chire sur la constitution des intercommunalit\u00e9s et des p\u00f4les m\u00e9tropolitains.<\/p>\n<p align=\"JUSTIFY\">Le PS soutient l\u2019\u00e9mergence de p\u00f4les m\u00e9tropolitains autour des villes qui lui sont favorables dans le pourtour du lac L\u00e9man avec Annemasse comme ville-centre et le long de \u00ab\u00a0l\u2019axe alpin\u00a0\u00bb centr\u00e9 sur Grenoble, reliant entre elles toutes les agglom\u00e9rations socialistes d\u2019Annemasse \u00e0 Valence. Une telle r\u00e9organisation territoriale aurait pour effet de d\u00e9structurer les politiques r\u00e9gionales et d&rsquo;affaiblir les autres territoires. Il pourrait rendre impossible la cr\u00e9ation d&rsquo;une R\u00e9gion Savoie.<\/p>\n<p align=\"JUSTIFY\">Europe Ecologie Les Verts (EELV) soutient au contraire la r\u00e9gionalisation et demande le retrait de la loi territoriale. EELV s\u2019est prononc\u00e9 pour la cr\u00e9ation de la R\u00e9gion Savoie, qui est au programme d\u2019Eva Joly, sa candidate \u00e0 l\u2019\u00e9lection pr\u00e9sidentielle.<\/p>\n<p>\u00a0<\/p>\n<h4 align=\"JUSTIFY\">\u00a0Quinze ans d&rsquo;entente et cinq ans de partenariat avec les Verts.<\/h4>\n<p align=\"JUSTIFY\">Les deux mouvements se sont rapproch\u00e9s avec succ\u00e8s pour les \u00e9lections europ\u00e9ennes (3 \u00e9lus pour le sud-est\u00a0: 2 Verts et 1 r\u00e9gionaliste) et pour les \u00e9lections r\u00e9gionales (4 Verts, 3 non Verts et 1 r\u00e9gionaliste ont \u00e9t\u00e9 \u00e9lus) avec des scores sup\u00e9rieurs \u00e0 20%.<\/p>\n<p align=\"JUSTIFY\">Aux scores habituellement modestes des Verts se sont ajout\u00e9es les voix des dissidents du Modem, des nouveaux venus \u00e0 EELV, du tissu associatif et des r\u00e9gionalistes. Nous aurions pu gagner plus de voix aupr\u00e8s de tous ceux qui nous reprochent l\u2019alliance avec le PS, notamment au centre, car une grande part de l\u2019\u00e9lectorat savoyard et surtout haut- savoyard est majoritairement centriste.<\/p>\n<p align=\"JUSTIFY\">Nos deux mouvements partagent les m\u00eames valeurs\u00a0:<\/p>\n<ul>\n<li>\n<p align=\"JUSTIFY\"><i>celles \tdu f\u00e9d\u00e9ralisme (respect de la personne, construction des \torganisations \u00e0 partir de la base, principe de subsidiarit\u00e9, \tproximit\u00e9 d\u00e9mocratique, refus du toujours plus grand\u2026)<\/i><\/p>\n<\/li>\n<li>\n<p align=\"JUSTIFY\"><i>celles \tde l\u2019\u00e9cologie politique, pr\u00e9sent\u00e9e de mani\u00e8re ouverte et \thumaniste \u00e0 travers la charte d&rsquo;EELV<\/i><sup><i><a class=\"sdfootnoteanc\" name=\"sdfootnote1anc\" href=\"#sdfootnote1sym\"><sup>1<\/sup><\/a><\/i><\/sup><\/p>\n<\/li>\n<li>\n<p align=\"JUSTIFY\">Ils \tsouhaitent des r\u00e9gions \u00e0 taille humaine dot\u00e9e d\u2019une plus grande \tautonomie, tant fiscale que de gouvernance.<\/p>\n<\/li>\n<\/ul>\n<p align=\"JUSTIFY\">Depuis sa cr\u00e9ation le mouvement des Verts \u00e9tait organis\u00e9 en \u00ab\u00a0Verts R\u00e9gion Savoie\u00a0\u00bb, comme le MRS depuis sa cr\u00e9ation en 1975. Les deux mouvements ont d\u00e9cid\u00e9 de se rapprocher en devenant partenaires dans l\u2019action au sein de la nouvelle entit\u00e9 qui se d\u00e9nomme d\u00e9sormais\u00a0: Europe \u00c9cologie Les Verts R\u00e9gion Savoie.<\/p>\n<p align=\"JUSTIFY\">Le premier congr\u00e8s r\u00e9gional de ce parti politique r\u00e9nov\u00e9 s&rsquo;est d\u00e9roul\u00e9 \u00e0 Cusy le 29 Mai 2011. Trois motions d&rsquo;orientation r\u00e9gionale ont \u00e9t\u00e9 soumises au vote des adh\u00e9rents. La motion \u00ab\u00a0\u00c9quilibre\u00a0\u00bb, favorable \u00e0 la mise en \u0153uvre d&rsquo;une r\u00e9gion Savoie institutionnelle est arriv\u00e9e en t\u00eate, avec 36% des voix.<\/p>\n<p align=\"JUSTIFY\">La motion \u00ab\u00a0\u00c9mergence\u00a0\u00bb qui affiche \u00ab\u00a0la volont\u00e9 de maintenir les liens avec le MRS\u00a0\u00bb obtient aussi 29%. Soit au total, 65% des militants \u00e9cologistes s&rsquo;exprimant favorablement pour la continuit\u00e9 de l&rsquo;organisation de leur mouvement en R\u00e9gion Savoie et pour poursuivre le partenariat avec le MRS.<\/p>\n<p align=\"JUSTIFY\">\u00a0<\/p>\n<p align=\"JUSTIFY\">\u00a0<\/p>\n<h4 align=\"JUSTIFY\"><i><b>Une Entente qui m\u00e8ne au succ\u00e8s<\/b><\/i><\/h4>\n<p align=\"JUSTIFY\">Enfin, les deux mouvements ont d\u00e9j\u00e0 men\u00e9 en commun trois campagnes \u00e9lectorales\u00a0: europ\u00e9ennes en 2009, r\u00e9gionales en 2010 et cantonales en 2011.<b> <\/b>La compl\u00e9mentarit\u00e9 entre les Verts r\u00e9gion Savoie et le MRS a \u00e9t\u00e9 fondamentalement tr\u00e8s efficace tout au long de ses trois ann\u00e9es de constitution d&rsquo;EELV RS en termes de partenariat politique, \u00a0\u00e9lectoral et de r\u00e9sultats\u00a0:<\/p>\n<ul>\n<li>\n<p align=\"JUSTIFY\">Europ\u00e9ennes\u00a0: \t3 candidats RPS sur la liste sud-est\u00a0: un \u00e9lu, Fran\u00e7ois \tAlfonsi.<\/p>\n<\/li>\n<li>\n<p align=\"JUSTIFY\">R\u00e9gionales\u00a0: \t1 candidat MRS sur la liste pour 73 &#8211; 74\u00a0: un \u00e9lu, No\u00ebl \tCommunod<\/p>\n<\/li>\n<li>\n<p align=\"JUSTIFY\">Cantonales\u00a0: \t6 candidats MRS sur 31\u00a0: scrutin uninominal\u00a0: pas d\u2019\u00e9lu<\/p>\n<\/li>\n<\/ul>\n<p align=\"JUSTIFY\">Nous serons aussi en campagne pour les l\u00e9gislatives et nous soutenons la candidature d\u2019Eva Joly \u00e0 la pr\u00e9sidentielle.<\/p>\n<p align=\"JUSTIFY\">En cette ann\u00e9e 2012, apr\u00e8s les \u00e9lections, la conjoncture pourrait \u00eatre plus propice pour donner une forme d\u2019autonomie r\u00e9gionale \u00e0 la Savoie.<\/p>\n<p align=\"JUSTIFY\">\u00a0<\/p>\n<p align=\"JUSTIFY\"><i>________________________________________________________________________________________________________<br \/><\/i><\/p>\n<div id=\"sdfootnote1\">\n<p class=\"sdfootnote\"><a class=\"sdfootnotesym\" name=\"sdfootnote1sym\" href=\"#sdfootnote1anc\">1<\/a>charte \td&rsquo;EELV  : \t<span style=\"text-decoration: underline;\"><a class=\"western\" href=\"http:\/\/savoie.eelv.fr\/charte-des-valeurs-deurope-ecologie-les-verts\/\" target=\"_blank\" rel=\"noopener\">http:\/\/savoie.eelv.fr\/charte-des-valeurs-deurope-ecologie-les-verts\/<\/a><\/span><\/p>\n<\/div>\n","protected":false},"excerpt":{"rendered":"<p>\u00a0 Le MRS est un mouvement libre et autonome Sa libert\u00e9 de parole lui permet de faire valoir ses positions f\u00e9d\u00e9ralistes et r\u00e9gionalistes. M\u00eame si sa proximit\u00e9 avec Europe-\u00e9cologie est notoire, le MRS est libre de ses prises de position sur tous les grands sujets savoyards. Ainsi, avons-nous clairement dit que nous \u00e9tions oppos\u00e9s au &#8230; <a title=\"Bilan politique du MRS pour 2011\" class=\"read-more\" href=\"https:\/\/sabaudia-mrs.org\/index.php\/2012\/01\/28\/bilan-politique-du-mrs-pour-2011\/\" aria-label=\"En savoir plus sur Bilan politique du MRS pour 2011\">Lire la suite<\/a><\/p>\n","protected":false},"author":1,"featured_media":0,"comment_status":"open","ping_status":"open","sticky":false,"template":"","format":"standard","meta":{"footnotes":""},"categories":[86],"tags":[],"class_list":["post-396","post","type-post","status-publish","format-standard","hentry","category-mrs-et-politique"],"_links":{"self":[{"href":"https:\/\/sabaudia-mrs.org\/index.php\/wp-json\/wp\/v2\/posts\/396","targetHints":{"allow":["GET"]}}],"collection":[{"href":"https:\/\/sabaudia-mrs.org\/index.php\/wp-json\/wp\/v2\/posts"}],"about":[{"href":"https:\/\/sabaudia-mrs.org\/index.php\/wp-json\/wp\/v2\/types\/post"}],"author":[{"embeddable":true,"href":"https:\/\/sabaudia-mrs.org\/index.php\/wp-json\/wp\/v2\/users\/1"}],"replies":[{"embeddable":true,"href":"https:\/\/sabaudia-mrs.org\/index.php\/wp-json\/wp\/v2\/comments?post=396"}],"version-history":[{"count":0,"href":"https:\/\/sabaudia-mrs.org\/index.php\/wp-json\/wp\/v2\/posts\/396\/revisions"}],"wp:attachment":[{"href":"https:\/\/sabaudia-mrs.org\/index.php\/wp-json\/wp\/v2\/media?parent=396"}],"wp:term":[{"taxonomy":"category","embeddable":true,"href":"https:\/\/sabaudia-mrs.org\/index.php\/wp-json\/wp\/v2\/categories?post=396"},{"taxonomy":"post_tag","embeddable":true,"href":"https:\/\/sabaudia-mrs.org\/index.php\/wp-json\/wp\/v2\/tags?post=396"}],"curies":[{"name":"wp","href":"https:\/\/api.w.org\/{rel}","templated":true}]}}