{"id":366,"date":"2011-09-14T10:22:25","date_gmt":"2011-09-14T08:22:25","guid":{"rendered":"http:\/\/savoue.patoue.fr\/2011\/09\/14\/pour-le-mrs-cest-eva\/"},"modified":"2011-09-14T10:22:25","modified_gmt":"2011-09-14T08:22:25","slug":"pour-le-mrs-cest-eva","status":"publish","type":"post","link":"https:\/\/sabaudia-mrs.org\/index.php\/2011\/09\/14\/pour-le-mrs-cest-eva\/","title":{"rendered":"Pour le MRS, c&rsquo;est Eva"},"content":{"rendered":"<p>\u00a0<\/p>\n<p>Communiqu\u00e9 MRS 3 septembre 2011<\/p>\n<h1>Pour le MRS, c&rsquo;est Eva,<\/h1>\n<p><img loading=\"lazy\" decoding=\"async\" class=\" alignright size-full wp-image-365\" style=\"margin: 10px; float: right;\" alt=\"eva2\" src=\"http:\/\/sabaudr.cluster028.hosting.ovh.net\/wp-content\/uploads\/2011\/09\/eva2.png\" height=\"233\" width=\"244\" \/>\u00a0<\/p>\n<p><span style=\"font-size: 12pt;\">Le discours prononc\u00e9 par Eva Joly le 27 ao\u00fbt \u00e0  Mouans Sartoux (Alpes Maritimes) \u00e0 l&rsquo;occasion de l&rsquo;universit\u00e9 d&rsquo;\u00e9t\u00e9 de R\u00e9gions et Peuples Solidaires (RPS) fera date non seulement dans la trajectoire politique du nouveau parti Europe Ecologie les Verts mais encore dans l&rsquo;histoire de la cinqui\u00e8me r\u00e9publique dont il pourrait bien annoncer le cr\u00e9puscule.<\/span><\/p>\n<p><span style=\"font-size: 12pt;\">Pour la premi\u00e8re fois, en effet, un responsable de premier plan, candidat \u00e0 l&rsquo;\u00e9lection pr\u00e9sidentielle ose remettre directement en cause le syst\u00e8me centralis\u00e9 fran\u00e7ais et pr\u00f4ne l&rsquo;autonomie politique des r\u00e9gions dans un cadre f\u00e9d\u00e9raliste europ\u00e9en. En se r\u00e9f\u00e9rant explicitement \u00e0 un f\u00e9d\u00e9ralisme adapt\u00e9 \u00e0 la diversit\u00e9 des r\u00e9gions, \u00e0 la Charte des langues r\u00e9gionales et aussi \u00e0 la R\u00e9gion Savoie, Eva Joly confirme de fa\u00e7on \u00e9clatante le lien entre f\u00e9d\u00e9ralisme, r\u00e9gionalisme et \u00e9cologie,  et  se d\u00e9marque  de la totalit\u00e9 des autres candidats enferm\u00e9s dans la m\u00eame vision centralisatrice. Sa candidature  porte un mod\u00e8le institutionnel et \u00e9thique r\u00e9aliste d\u00e9j\u00e0 largement mis en place par les pays europ\u00e9ens les plus avanc\u00e9s sur le plan d\u00e9mocratique.<\/span><\/p>\n<p><span style=\"font-size: 12pt;\">Le Mouvement R\u00e9gion Savoie pr\u00e9sent \u00e0 Mouans Sartoux  prend acte de la d\u00e9claration d&rsquo;Eva Joly en faveur de la r\u00e9gion Savoie et d\u00e9clare qu&rsquo;il la soutiendra  dans sa campagne pour l&rsquo;\u00e9lection pr\u00e9sidentielles de 2012. D&rsquo;ores et d\u00e9j\u00e0, il appelle tous ses militants et sympathisants \u00e0 se mobiliser au sein des comit\u00e9s de soutien \u00e0 la candidate et souhaite que cette campagne soit l&rsquo;occasion de rappeler qu&rsquo;il n&rsquo;y aura aucun r\u00e9el changement \u00e9cologique et social sans changement institutionnel profond.<\/span><\/p>\n<p>\u00a0<\/p>\n<p><span style=\"font-size: 12pt;\">BJ<\/span><\/p>\n<p>\u00a0<\/p>\n<p><span style=\"font-size: 12pt;\">Lien\u00a0 :<a target=\"_blank\" href=\"http:\/\/evajoly.fr\/\" rel=\"noopener\"> Site officiel d&rsquo;Eva Joly<\/a><br \/><\/span><\/p>\n","protected":false},"excerpt":{"rendered":"<p>\u00a0 Communiqu\u00e9 MRS 3 septembre 2011 Pour le MRS, c&rsquo;est Eva, \u00a0 Le discours prononc\u00e9 par Eva Joly le 27 ao\u00fbt \u00e0 Mouans Sartoux (Alpes Maritimes) \u00e0 l&rsquo;occasion de l&rsquo;universit\u00e9 d&rsquo;\u00e9t\u00e9 de R\u00e9gions et Peuples Solidaires (RPS) fera date non seulement dans la trajectoire politique du nouveau parti Europe Ecologie les Verts mais encore dans &#8230; <a title=\"Pour le MRS, c&rsquo;est Eva\" class=\"read-more\" href=\"https:\/\/sabaudia-mrs.org\/index.php\/2011\/09\/14\/pour-le-mrs-cest-eva\/\" aria-label=\"En savoir plus sur Pour le MRS, c&rsquo;est Eva\">Lire la suite<\/a><\/p>\n","protected":false},"author":1,"featured_media":365,"comment_status":"open","ping_status":"open","sticky":false,"template":"","format":"standard","meta":{"footnotes":""},"categories":[76],"tags":[],"class_list":["post-366","post","type-post","status-publish","format-standard","has-post-thumbnail","hentry","category-elections-presidentielles-2012"],"_links":{"self":[{"href":"https:\/\/sabaudia-mrs.org\/index.php\/wp-json\/wp\/v2\/posts\/366","targetHints":{"allow":["GET"]}}],"collection":[{"href":"https:\/\/sabaudia-mrs.org\/index.php\/wp-json\/wp\/v2\/posts"}],"about":[{"href":"https:\/\/sabaudia-mrs.org\/index.php\/wp-json\/wp\/v2\/types\/post"}],"author":[{"embeddable":true,"href":"https:\/\/sabaudia-mrs.org\/index.php\/wp-json\/wp\/v2\/users\/1"}],"replies":[{"embeddable":true,"href":"https:\/\/sabaudia-mrs.org\/index.php\/wp-json\/wp\/v2\/comments?post=366"}],"version-history":[{"count":0,"href":"https:\/\/sabaudia-mrs.org\/index.php\/wp-json\/wp\/v2\/posts\/366\/revisions"}],"wp:featuredmedia":[{"embeddable":true,"href":"https:\/\/sabaudia-mrs.org\/index.php\/wp-json\/wp\/v2\/media\/365"}],"wp:attachment":[{"href":"https:\/\/sabaudia-mrs.org\/index.php\/wp-json\/wp\/v2\/media?parent=366"}],"wp:term":[{"taxonomy":"category","embeddable":true,"href":"https:\/\/sabaudia-mrs.org\/index.php\/wp-json\/wp\/v2\/categories?post=366"},{"taxonomy":"post_tag","embeddable":true,"href":"https:\/\/sabaudia-mrs.org\/index.php\/wp-json\/wp\/v2\/tags?post=366"}],"curies":[{"name":"wp","href":"https:\/\/api.w.org\/{rel}","templated":true}]}}