{"id":364,"date":"2011-09-19T20:23:16","date_gmt":"2011-09-19T18:23:16","guid":{"rendered":"http:\/\/savoue.patoue.fr\/2011\/09\/19\/eva-et-les-reacs\/"},"modified":"2011-09-19T20:23:16","modified_gmt":"2011-09-19T18:23:16","slug":"eva-et-les-reacs","status":"publish","type":"post","link":"https:\/\/sabaudia-mrs.org\/index.php\/2011\/09\/19\/eva-et-les-reacs\/","title":{"rendered":"Eva et les r\u00e9acs"},"content":{"rendered":"<h2><span style=\"font-size: 18pt;\">Eva et les r\u00e9acs<\/span><\/h2>\n<p><span style=\"font-size: 10pt;\"><a href=\"http:\/\/sabaudr.cluster028.hosting.ovh.net\/wp-content\/uploads\/2011\/09\/14juilupm.jpg\" class=\"highslide\" title=\" Le dictateur Syrien Bachar El Assad, invit\u00e9 d&#039;honneur du 14 juillet 2008, si\u00e8geant \u00e0 la tribune officielle en compagnie de Nicolas Sarkozy\" target=\"_blank\" rel=\"noopener\"><img loading=\"lazy\" decoding=\"async\" style=\"margin: 15px; float: right;\" alt=\"14juilupm\" src=\"http:\/\/sabaudr.cluster028.hosting.ovh.net\/wp-content\/uploads\/2011\/09\/14juilupm.jpg\" height=\"243\" width=\"350\" \/><\/a>Revenons un instant sur l&rsquo;intervention d&rsquo;Eva Joly proposant de remplacer le d\u00e9fil\u00e9 militaire par un d\u00e9fil\u00e9 citoyen, laquelle a suscit\u00e9  l&rsquo;hyst\u00e9rie pavlovienne de la droite. Celle-ci, comme un seul homme, a retrouv\u00e9 les accents de la lutte contre l&rsquo;anti France: \u00ab On ne touche pas \u00e0 l&rsquo;arm\u00e9e Monsieur\u00bb.<\/span><\/p>\n<p><span style=\"font-size: 10pt;\">Ils sont tous mont\u00e9s au cr\u00e9neau, chacun selon son style : Fran\u00e7ois Fillion, Henri Guaino, Marine le Pen&#8230;  Mais la presse nationale a not\u00e9 avec raison que ce n&rsquo;est pas \u00e0 cette derni\u00e8re que revenait  la palme de la r\u00e9action outranci\u00e8re mais bien au d\u00e9put\u00e9 UMP de Haute Savoie Lionel Tardy. \u00ab\u00a0Il est temps pour elle de retourner en Norv\u00e8ge\u00a0\u00bb a-t-il \u00e9crit, d\u00e9clenchant \u00e9videmment la joie des fachos et l&rsquo;indignation des autres.<\/span><\/p>\n<p><span style=\"font-size: 10pt;\">\u00a0Bien jou\u00e9 Monsieur Tardy ! L&rsquo;espace d&rsquo;un instant on a parl\u00e9 de vous  \u00e0 Paris. Apr\u00e8s le coup de l&rsquo;audition \u00e0 huis-clos de Domenech d\u00e9voil\u00e9e sur Twitter vous \u00eates  en train d&rsquo;acqu\u00e9rir une vraie notori\u00e9t\u00e9.<\/span><\/p>\n<p><span style=\"font-size: 10pt;\">\u00a0Je sais bien que devez ramer pour \u00eatre reconnu\u00a0: d\u00e9pourvu de  mandat local pour assurer vos arri\u00e8res, vous \u00eates oblig\u00e9 de travailler sans filet. Mais l\u00e0 ,vous avez rat\u00e9 votre sortie. \u00abQu&rsquo;elle retourne en Norv\u00e8ge !\u00bb \u00e7a rappelle un peu trop \u00ables cocos \u00e0 Moscou\u00bb,  \u00abla France aux Fran\u00e7ais\u00bb ou  \u00abLes Juifs apatrides\u00bb. Bref les slogans des fils de P\u00e9tain. Pourquoi tant de haine ?  Avez-vous donc si peur du prochain vote \u00e9colo dans la deuxi\u00e8me circonscription ?<\/span><\/p>\n<p><span style=\"font-size: 10pt;\">\u00a0<\/span><\/p>\n<p><!--more--><\/p>\n<p>\u00a0<\/p>\n<p><span style=\"font-size: 10pt;\">Je vais vous faire une confidence dans cette circonscription comme ailleurs, aujourd&rsquo;hui le d\u00e9fil\u00e9 militaire du 14 juillet, tout le monde s&rsquo;en fout !<\/span><\/p>\n<p><span style=\"font-size: 10pt;\">\u00a0Tenez par exemple, prenons Cusy, cette belle commune du canton d&rsquo;Alby qui s&rsquo;est illustr\u00e9e en mai dernier en recevant le premier congr\u00e8s d&rsquo;Europe \u00c9cologie les Verts R\u00e9gion Savoie. Cette ann\u00e9e, elle a c\u00e9l\u00e9br\u00e9 la f\u00eate nationale \u2026 le 3 juillet, journ\u00e9e anniversaire de l&rsquo;ind\u00e9pendance de la Bi\u00e9lorussie. Le maire et ses administr\u00e9s  ne sont en aucun cas des admirateurs du tyran Loukachenko. Simplement il faut rentabiliser le feu d&rsquo;artifice, le repas, les lampions et le bal populaire. Et si ceux-ci ont lieu le m\u00eame jour qu&rsquo;\u00e0 Gruffy, H\u00e9ry ou Chainaz le comit\u00e9 des f\u00eates boit la tasse, c&rsquo;est aussi simple que cela.<\/span><\/p>\n<p><span style=\"font-size: 10pt;\">\u00a0Moi \u00e7a me choque d&rsquo;ailleurs un peu cette indiff\u00e9rence aux \u00e9v\u00e8nements historiques. Vous imaginez No\u00ebl f\u00eat\u00e9 ici le 21 d\u00e9cembre et l\u00e0 le 28 au gr\u00e9 de la disponibilit\u00e9 des cur\u00e9s ? Mais les gens ont envie   avant tout de r\u00e9ussir une f\u00eate, de sentir qu&rsquo;ils appartiennent \u00e0 une m\u00eame communaut\u00e9. Proposer un d\u00e9fil\u00e9 citoyen avec enfants et seniors permettrait peut-\u00eatre de redonner du sens \u00e0 une date qui rappelons-le comm\u00e9more  la f\u00eate de la f\u00e9d\u00e9ration le 14 juillet 1790 .Il s&rsquo;agissait alors \u00abd&rsquo;att\u00e9nuer le caract\u00e8re violent de la prise de la Bastille au profit d&rsquo;une c\u00e9l\u00e9bration de la Nation f\u00e9d\u00e9r\u00e9e, unie en une m\u00eame f\u00eate, associant l&rsquo;ensemble des parties pour un projet commun\u00bb. [1]<\/span><\/p>\n<p><span style=\"font-size: 10pt;\">\u00a0Finalement ceux qui ignorent l&rsquo;histoire de France, ce sont vos amis de l&rsquo;UMP, aussi bien d&rsquo;ailleurs que vos adversaires socialistes qui ont parl\u00e9 \u00e0 cette occasion de \u00abbourde\u00bb et  \u00abd&rsquo;inexp\u00e9rience\u00bb. Les profonds changements qui secouent le monde ne sont pas que technologiques et il ne suffit pas de recycler les vieilles recettes populistes \u00e0 la sauce Twitter pour obtenir un brevet de modernit\u00e9 politique. La vision d\u00e9cal\u00e9e de la France et de l&rsquo;Europe que nous renvoient les petites lunettes d&rsquo;Eva Joly  pourrait bien  s&rsquo;av\u00e9rer f\u00e9conde et novatrice et susciter l&rsquo;adh\u00e9sion de nos concitoyens.<\/span><\/p>\n<p>\u00a0<\/p>\n<p><strong><span style=\"font-size: 10pt;\">Le Farou<\/span><\/strong><\/p>\n<p>\u00a0<\/p>\n<p><i>[1] <a target=\"_blank\" href=\"http:\/\/www.elysee.fr\/president\/la-presidence\/les-symboles-de-la-republique-francaise\/le-14-juillet\/la-fete-nationale-du-14-juillet.448.html\" rel=\"noopener\">Site de l&rsquo;Elys\u00e9e<\/a> !<\/i><\/p>\n<p><i>[2] en Photo :<\/i> Le dictateur Syrien Bachar El Assad, invit\u00e9 d&rsquo;honneur du 14 juillet 2008, si\u00e8geant \u00e0 la tribune officielle en compagnie de Nicolas Sarkozy.<\/p>\n","protected":false},"excerpt":{"rendered":"<p>Eva et les r\u00e9acs Revenons un instant sur l&rsquo;intervention d&rsquo;Eva Joly proposant de remplacer le d\u00e9fil\u00e9 militaire par un d\u00e9fil\u00e9 citoyen, laquelle a suscit\u00e9 l&rsquo;hyst\u00e9rie pavlovienne de la droite. Celle-ci, comme un seul homme, a retrouv\u00e9 les accents de la lutte contre l&rsquo;anti France: \u00ab On ne touche pas \u00e0 l&rsquo;arm\u00e9e Monsieur\u00bb. Ils sont tous &#8230; <a title=\"Eva et les r\u00e9acs\" class=\"read-more\" href=\"https:\/\/sabaudia-mrs.org\/index.php\/2011\/09\/19\/eva-et-les-reacs\/\" aria-label=\"En savoir plus sur Eva et les r\u00e9acs\">Lire la suite<\/a><\/p>\n","protected":false},"author":1,"featured_media":363,"comment_status":"open","ping_status":"open","sticky":false,"template":"","format":"standard","meta":{"footnotes":""},"categories":[76],"tags":[91],"class_list":["post-364","post","type-post","status-publish","format-standard","has-post-thumbnail","hentry","category-elections-presidentielles-2012","tag-14-juillet-lionel-tardy-cusy-chainaz-alby-eva-jolybachar-el-assad-gruffy-hery"],"_links":{"self":[{"href":"https:\/\/sabaudia-mrs.org\/index.php\/wp-json\/wp\/v2\/posts\/364","targetHints":{"allow":["GET"]}}],"collection":[{"href":"https:\/\/sabaudia-mrs.org\/index.php\/wp-json\/wp\/v2\/posts"}],"about":[{"href":"https:\/\/sabaudia-mrs.org\/index.php\/wp-json\/wp\/v2\/types\/post"}],"author":[{"embeddable":true,"href":"https:\/\/sabaudia-mrs.org\/index.php\/wp-json\/wp\/v2\/users\/1"}],"replies":[{"embeddable":true,"href":"https:\/\/sabaudia-mrs.org\/index.php\/wp-json\/wp\/v2\/comments?post=364"}],"version-history":[{"count":0,"href":"https:\/\/sabaudia-mrs.org\/index.php\/wp-json\/wp\/v2\/posts\/364\/revisions"}],"wp:featuredmedia":[{"embeddable":true,"href":"https:\/\/sabaudia-mrs.org\/index.php\/wp-json\/wp\/v2\/media\/363"}],"wp:attachment":[{"href":"https:\/\/sabaudia-mrs.org\/index.php\/wp-json\/wp\/v2\/media?parent=364"}],"wp:term":[{"taxonomy":"category","embeddable":true,"href":"https:\/\/sabaudia-mrs.org\/index.php\/wp-json\/wp\/v2\/categories?post=364"},{"taxonomy":"post_tag","embeddable":true,"href":"https:\/\/sabaudia-mrs.org\/index.php\/wp-json\/wp\/v2\/tags?post=364"}],"curies":[{"name":"wp","href":"https:\/\/api.w.org\/{rel}","templated":true}]}}