{"id":362,"date":"2011-08-31T18:06:36","date_gmt":"2011-08-31T16:06:36","guid":{"rendered":"http:\/\/savoue.patoue.fr\/2011\/08\/31\/eva-joly-reaffirme-avec-nettete-les-positions-regionalistes-deurope-ecologie\/"},"modified":"2011-08-31T18:06:36","modified_gmt":"2011-08-31T16:06:36","slug":"eva-joly-reaffirme-avec-nettete-les-positions-regionalistes-deurope-ecologie","status":"publish","type":"post","link":"https:\/\/sabaudia-mrs.org\/index.php\/2011\/08\/31\/eva-joly-reaffirme-avec-nettete-les-positions-regionalistes-deurope-ecologie\/","title":{"rendered":"Eva Joly r\u00e9affirme avec nettet\u00e9 les positions r\u00e9gionalistes d\u2019Europe \u00e9cologie"},"content":{"rendered":"<p><span style=\"font-size: 10pt;\"><b>COMMUNIQUE DU MOUVEMENT REGION SAVOIE (MRS)<\/b><\/span><\/p>\n<h1><span style=\"font-size: 18pt;\"><b>Eva Joly r\u00e9affirme avec nettet\u00e9 les positions r\u00e9gionalistes d\u2019Europe \u00e9cologie<\/b><\/span><\/h1>\n<p><span style=\"font-size: 10pt;\"><img loading=\"lazy\" decoding=\"async\" class=\" alignright size-full wp-image-361\" style=\"margin: 10px; float: right;\" alt=\"eva_dsc_0471\" src=\"http:\/\/sabaudr.cluster028.hosting.ovh.net\/wp-content\/uploads\/2011\/08\/eva_dsc_0471.jpg\" height=\"319\" width=\"480\" srcset=\"https:\/\/sabaudia-mrs.org\/wp-content\/uploads\/2011\/08\/eva_dsc_0471.jpg 480w, https:\/\/sabaudia-mrs.org\/wp-content\/uploads\/2011\/08\/eva_dsc_0471-300x199.jpg 300w\" sizes=\"auto, (max-width: 480px) 100vw, 480px\" \/>Invit\u00e9e \u00e0 s\u2019exprimer devant le congr\u00e8s de la f\u00e9d\u00e9ration R\u00e9gions et peuples solidaires (regroupant 9 partis r\u00e9gionalistes dont le MRS), Eva Joly s\u2019est pr\u00e9sent\u00e9e comme <b>\u00ab\u00a0la candidate de l\u2019\u00e9cologie et du f\u00e9d\u00e9ralisme<\/b> \u00bb. La candidate d\u2019Europe \u00e9cologie \u00e0 l\u2019\u00e9lection pr\u00e9sidentielle a d\u00e9nonc\u00e9 le syst\u00e8me centralis\u00e9 unitariste fran\u00e7ais\u00a0: \u00ab\u00a0La France n\u2019est pas Paris\u00a0\u00bb.<\/span><\/p>\n<p><span style=\"font-size: 10pt;\">Elle s\u2019est tr\u00e8s clairement prononc\u00e9e pour <b>une VI\u00b0 R\u00e9publique f\u00e9d\u00e9rale<\/b>, parlementaire et citoyenne. Pour Eva Joly, l\u2019autonomie politique des r\u00e9gions va de soi \u00ab\u00a0parce que c\u2019est la norme en Europe\u00a0\u00bb. R\u00e9affirmant le principe du f\u00e9d\u00e9ralisme diff\u00e9renci\u00e9, c&rsquo;est-\u00e0-dire l\u2019id\u00e9e que chaque territoire a ses sp\u00e9cificit\u00e9 et que chaque r\u00e9gion doit donc disposer de comp\u00e9tences larges, de moyens fiscaux propres et de la possibilit\u00e9 d\u2019adapter les lois et r\u00e8glements \u00e0 ses besoins propres.<\/span><\/p>\n<p><!--more--><\/p>\n<p><span style=\"font-size: 10pt;\">Elle s\u2019est prononc\u00e9e clairement pour <b>l\u2019abrogation de la r\u00e9forme territoriale<\/b> voulue par Nicolas Sarkozy qui aboutit \u00e0 une recentralisation en privant les collectivit\u00e9s de leurs ressources fiscales et en les mettant sous contr\u00f4le de l\u2019Etat, contrairement au principe d\u2019autonomie des collectivit\u00e9s qui figure pourtant dans la constitution actuelle. \u00ab\u00a0La figure du pr\u00e9fet est une figure napol\u00e9onienne\u00a0; il est temps de rentrer dans la modernit\u00e9\u00a0\u00bb a-t-elle d\u00e9clar\u00e9.<\/span><\/p>\n<p><span style=\"font-size: 10pt;\">Elle s\u2019est \u00e9galement exprim\u00e9e pour des regroupements ou red\u00e9coupages de territoires conformes aux cultures et aux besoins des territoires et non pas aux volont\u00e9s de technocrates parisiens. \u00ab\u00a0Il faut renverser la pyramide centralisatrice et faire en sorte que les d\u00e9cisions viennent de la base selon le principe de subsidiarit\u00e9\u00a0\u00bb<\/span><\/p>\n<p><span style=\"font-size: 10pt;\">\u00ab\u00a0Nous voulons que chaque r\u00e9gions puisse avoir un statut diff\u00e9rent selon ses revendications\u00a0\u00bb a-t-elle d\u00e9clar\u00e9 sous les applaudissements soutenus du congr\u00e8s. Ainsi, elle a pris comme exemple la r\u00e9unification de la Bretagne, la fusion des deux Normandie, l\u2019autonomie basque, une collectivit\u00e9 unique pour la Corse ou encore une <b>R\u00e9gion Savoie avec un statut particulier.\u00a0\u00bb<\/b><\/span><\/p>\n<p><span style=\"font-size: 10pt;\"><b>Apr\u00e8s Philippe M\u00e9rieu, aujourd\u2019hui pr\u00e9sident du Conseil f\u00e9d\u00e9ral (parlement d\u2019Europe \u00e9cologie) qui avait soutenu le projet de R\u00e9gion Savoie, c\u2019est la candidate du parti \u00e0 l\u2019\u00e9lection pr\u00e9sidentielle qui soutient le f\u00e9d\u00e9ralisme diff\u00e9renci\u00e9.<\/b><\/span><\/p>\n<p><span style=\"font-size: 10pt;\">Elle a d\u00e9nonc\u00e9 la volont\u00e9 h\u00e9g\u00e9monique de la France d\u2019imposer l\u2019unique langue fran\u00e7aise et les poursuites engag\u00e9es par exemple contre les maires qui s\u2019expriment en d\u2019autres langues. Il n\u2019y a plus beaucoup de pays dans le monde qui imposent une seule langue\u00a0! Il suffit de regarder autour de la Savoie\u00a0: la Suisse est multilingue\u00a0; le Val d\u2019Aoste, comme les autres r\u00e9gions autonomes d\u2019Italie, a deux langues officielles, l\u2019Italien et le fran\u00e7ais, en plus du franco-proven\u00e7al patois savoyard) encore couramment parl\u00e9\u00a0; ajoutons la Belgique, la hollande, l\u2019Allemagne et l\u2019Espagne. La diversit\u00e9 des <b>langues r\u00e9gionales<\/b> est une richesse et l\u2019\u00e9crasement de celles-ci pratiqu\u00e9e par la France est un appauvrissement culturel certain.<\/span><\/p>\n<p><span style=\"font-size: 10pt;\">La candidate Eva Joly a \u00e9t\u00e9 tr\u00e8s <b>longuement ovationn\u00e9e<\/b> par tous les d\u00e9l\u00e9gu\u00e9s des partis r\u00e9gionalistes de \u00ab\u00a0R\u00e9gions et peuples solidaires\u00a0\u00bb. Elle a en effet r\u00e9affirm\u00e9 tout ce que chacun des partis membres de RPS r\u00e9clame depuis longtemps\u00a0; mais les dirigeants fran\u00e7ais, de gauche comme de droite, tous form\u00e9s dans les m\u00eames \u00e9coles jacobines, n\u2019ont pas vu que la France est aujourd\u2019hui compl\u00e8tement isol\u00e9e dans un mode de fonctionnement qui date de Napol\u00e9on et qui ne correspond plus aux d\u00e9mocraties modernes.<\/span><\/p>\n<p><span style=\"font-size: 10pt;\">Cette position r\u00e9gionaliste, clairement r\u00e9affirm\u00e9e par Eva Joly, n\u2019est pas vraiment une surprise puisque les mouvements fondateurs d\u2019Europe \u00e9cologie ne sont autres que les Verts et RPS (R\u00e9gions et peuples solidaires).<\/span><\/p>\n<p>\u00a0<\/p>\n<p><strong><span style=\"font-size: 10pt;\">No\u00ebl Communod, Pr\u00e9sident du MRS<\/span><\/strong><\/p>\n<p>\u00a0<\/p>\n<p>&#8212;&#8212;&#8212;&#8212;&#8212;&#8212;&#8212;&#8212;&#8212;&#8212;&#8212;&#8212;&#8212;&#8212;&#8212;&#8212;&#8212;&#8212;&#8212;&#8212;&#8212;&#8212;&#8212;&#8212;<\/p>\n<p><em><strong><span style=\"font-size: 10pt;\">A consulter aussi :<\/span><\/strong><\/em><\/p>\n<p><span style=\"font-size: 10pt;\">Discours d&rsquo;Eva Joly \u00e0 l&rsquo;UNiversit\u00e9 de RPS 2011<\/span><\/p>\n<p><a href=\"http:\/\/www.r-p-s.info\/Discours-de-Mme-Eva-Joly-en\" target=\"_blank\" rel=\"noopener\">http:\/\/www.r-p-s.info\/Discours-de-Mme-Eva-Joly-en<\/a><\/p>\n<p><a href=\"http:\/\/www.dailymotion.com\/video\/xkrkee_rps-eva-joly-fr3-2011_news\" target=\"_blank\" rel=\"noopener\">http:\/\/www.dailymotion.com\/video\/xkrkee_rps-eva-joly-fr3-2011_news<\/a><\/p>\n","protected":false},"excerpt":{"rendered":"<p>COMMUNIQUE DU MOUVEMENT REGION SAVOIE (MRS) Eva Joly r\u00e9affirme avec nettet\u00e9 les positions r\u00e9gionalistes d\u2019Europe \u00e9cologie Invit\u00e9e \u00e0 s\u2019exprimer devant le congr\u00e8s de la f\u00e9d\u00e9ration R\u00e9gions et peuples solidaires (regroupant 9 partis r\u00e9gionalistes dont le MRS), Eva Joly s\u2019est pr\u00e9sent\u00e9e comme \u00ab\u00a0la candidate de l\u2019\u00e9cologie et du f\u00e9d\u00e9ralisme \u00bb. La candidate d\u2019Europe \u00e9cologie \u00e0 l\u2019\u00e9lection &#8230; <a title=\"Eva Joly r\u00e9affirme avec nettet\u00e9 les positions r\u00e9gionalistes d\u2019Europe \u00e9cologie\" class=\"read-more\" href=\"https:\/\/sabaudia-mrs.org\/index.php\/2011\/08\/31\/eva-joly-reaffirme-avec-nettete-les-positions-regionalistes-deurope-ecologie\/\" aria-label=\"En savoir plus sur Eva Joly r\u00e9affirme avec nettet\u00e9 les positions r\u00e9gionalistes d\u2019Europe \u00e9cologie\">Lire la suite<\/a><\/p>\n","protected":false},"author":1,"featured_media":361,"comment_status":"open","ping_status":"open","sticky":false,"template":"","format":"standard","meta":{"footnotes":""},"categories":[76],"tags":[],"class_list":["post-362","post","type-post","status-publish","format-standard","has-post-thumbnail","hentry","category-elections-presidentielles-2012"],"_links":{"self":[{"href":"https:\/\/sabaudia-mrs.org\/index.php\/wp-json\/wp\/v2\/posts\/362","targetHints":{"allow":["GET"]}}],"collection":[{"href":"https:\/\/sabaudia-mrs.org\/index.php\/wp-json\/wp\/v2\/posts"}],"about":[{"href":"https:\/\/sabaudia-mrs.org\/index.php\/wp-json\/wp\/v2\/types\/post"}],"author":[{"embeddable":true,"href":"https:\/\/sabaudia-mrs.org\/index.php\/wp-json\/wp\/v2\/users\/1"}],"replies":[{"embeddable":true,"href":"https:\/\/sabaudia-mrs.org\/index.php\/wp-json\/wp\/v2\/comments?post=362"}],"version-history":[{"count":0,"href":"https:\/\/sabaudia-mrs.org\/index.php\/wp-json\/wp\/v2\/posts\/362\/revisions"}],"wp:featuredmedia":[{"embeddable":true,"href":"https:\/\/sabaudia-mrs.org\/index.php\/wp-json\/wp\/v2\/media\/361"}],"wp:attachment":[{"href":"https:\/\/sabaudia-mrs.org\/index.php\/wp-json\/wp\/v2\/media?parent=362"}],"wp:term":[{"taxonomy":"category","embeddable":true,"href":"https:\/\/sabaudia-mrs.org\/index.php\/wp-json\/wp\/v2\/categories?post=362"},{"taxonomy":"post_tag","embeddable":true,"href":"https:\/\/sabaudia-mrs.org\/index.php\/wp-json\/wp\/v2\/tags?post=362"}],"curies":[{"name":"wp","href":"https:\/\/api.w.org\/{rel}","templated":true}]}}