{"id":357,"date":"2012-04-22T20:28:53","date_gmt":"2012-04-22T18:28:53","guid":{"rendered":"http:\/\/savoue.patoue.fr\/2012\/04\/22\/communique-du-mrs-au-soir-du-premier-tour-des-elections-presidentielles\/"},"modified":"2012-04-22T20:28:53","modified_gmt":"2012-04-22T18:28:53","slug":"communique-du-mrs-au-soir-du-premier-tour-des-elections-presidentielles","status":"publish","type":"post","link":"https:\/\/sabaudia-mrs.org\/index.php\/2012\/04\/22\/communique-du-mrs-au-soir-du-premier-tour-des-elections-presidentielles\/","title":{"rendered":"Communiqu\u00e9 du MRS au soir du premier tour des \u00e9lections pr\u00e9sidentielles."},"content":{"rendered":"<p>\u00a0<\/p>\n<p><span style=\"font-size: 10pt;\">Aucun des deux partis qualifi\u00e9s pour le second tour ne r\u00e9pond \u00e0 nos demandes r\u00e9gionalistes. Qui donc remettrait en cause le centralisme jacobin\u00a0?<\/span><\/p>\n<p><span style=\"font-size: 10pt;\">Seul Europe-\u00e9cologie les Verts, \u00a0parti auquel nous nous sommes alli\u00e9s depuis les \u00e9lections europ\u00e9ennes de 2009, poss\u00e8de une charte et un programme relatif au f\u00e9d\u00e9ralisme diff\u00e9renci\u00e9, \u00e0 l\u2019augmentation des comp\u00e9tences et de la fiscalit\u00e9 des r\u00e9gions, au soutien aux langues r\u00e9gionales et \u00e0 <span style=\"text-decoration: underline;\">une VI\u00b0 r\u00e9publique f\u00e9d\u00e9rale et parlementaire.<\/span><\/span><\/p>\n<p><!--more--><\/p>\n<p><span style=\"font-size: 10pt;\">Compte-tenu de cette situation, nous ne donnons qu\u2019une seule consigne de vote\u00a0: ne pas voter Sarkozy au deuxi\u00e8me tour. Son bilan est entach\u00e9 de multiples affaires et d\u00e9rives ! S&rsquo;il venait \u00e0 \u00eatre renouvel\u00e9, nous ne pourrions que craindre l&rsquo;amplification des d\u00e9gradations que subirait un peu plus notre d\u00e9mocratie. <br \/><\/span><\/p>\n<p><span style=\"font-size: 10pt;\">La campagne pour cette \u00e9lection pr\u00e9sidentielle a \u00e9t\u00e9 particuli\u00e8rement affligeante. La cinqui\u00e8me r\u00e9publique et son r\u00e9gime pr\u00e9sidentiel marquent incontestablement leurs limites. On est tristement en droit de se demander si le premier tour est encore utile, puisque l&rsquo;issue de ce scrutin \u00e9tait d\u00e9j\u00e0 connue d&rsquo;avance. Le MRS marque son indignation quant \u00e0 l&rsquo;influence inacceptable des instituts de sondages dans l&rsquo;opinion publique.<\/span><\/p>\n<p><span style=\"font-size: 10pt;\"> Les m\u00e9dias se sont le plus souvent attach\u00e9s \u00e0 ne relater que les petites phrases anecdotiques des pr\u00e9tendants \u00e0 la pr\u00e9sidence, laissant pour compte les enjeux majeurs de notre soci\u00e9t\u00e9. Les candidats ont \u00e9t\u00e9 jug\u00e9s sur la forme, bien plus que sur le fond. Pour esquiver les sujets importants, qui sont pourtant si nombreux, on en est m\u00eame venu \u00e0 parler de la viande halal et \u00e0 lancer en toute h\u00e2te une r\u00e9forme du permis de conduire. <\/span><\/p>\n<p>\u00a0<\/p>\n<p><span style=\"font-size: 10pt;\">Malheureusement, il n\u2019est gu\u00e8re  probable que l\u2019\u00e9volution constitutionnelle qui permettrait de sortir la  France de la bipolarisation de la politique soit \u00e0 l&rsquo;ordre du jour dans  le quinquennat \u00e0 venir.<\/span><\/p>\n<p><span style=\"font-size: 10pt;\">Cependant, l\u2019organisation territoriale en Pays de Savoie pourrait bien bouger dans les 12 mois qui viennent. En effet, p\u00f4les m\u00e9tropolitains, sillon alpin, zone franco-valdo-genevoise, partage des comp\u00e9tences en r\u00e9gion RA, d\u00e9partements, p\u00f4les et intercommunalit\u00e9s vont \u00eatre prochainement sujets de d\u00e9bats.<\/span><\/p>\n<p><span style=\"font-size: 10pt;\">Pour couper court \u00e0 toutes ces hypoth\u00e8ses qui compliqueront encore le millefeuille institutionnel, nous avons pr\u00f4n\u00e9 depuis longtemps une solution \u00ab\u00a0Une R\u00e9gion Savoie \u00e0 part enti\u00e8re\u00a0\u00bb. Elle s&rsquo;affichera de plus en plus comme une solution coh\u00e9rente et pragmatique, adapt\u00e9e aux attentes des populations.<br \/><\/span><\/p>\n","protected":false},"excerpt":{"rendered":"<p>\u00a0 Aucun des deux partis qualifi\u00e9s pour le second tour ne r\u00e9pond \u00e0 nos demandes r\u00e9gionalistes. Qui donc remettrait en cause le centralisme jacobin\u00a0? Seul Europe-\u00e9cologie les Verts, \u00a0parti auquel nous nous sommes alli\u00e9s depuis les \u00e9lections europ\u00e9ennes de 2009, poss\u00e8de une charte et un programme relatif au f\u00e9d\u00e9ralisme diff\u00e9renci\u00e9, \u00e0 l\u2019augmentation des comp\u00e9tences et &#8230; <a title=\"Communiqu\u00e9 du MRS au soir du premier tour des \u00e9lections pr\u00e9sidentielles.\" class=\"read-more\" href=\"https:\/\/sabaudia-mrs.org\/index.php\/2012\/04\/22\/communique-du-mrs-au-soir-du-premier-tour-des-elections-presidentielles\/\" aria-label=\"En savoir plus sur Communiqu\u00e9 du MRS au soir du premier tour des \u00e9lections pr\u00e9sidentielles.\">Lire la suite<\/a><\/p>\n","protected":false},"author":1,"featured_media":0,"comment_status":"open","ping_status":"open","sticky":false,"template":"","format":"standard","meta":{"footnotes":""},"categories":[76],"tags":[],"class_list":["post-357","post","type-post","status-publish","format-standard","hentry","category-elections-presidentielles-2012"],"_links":{"self":[{"href":"https:\/\/sabaudia-mrs.org\/index.php\/wp-json\/wp\/v2\/posts\/357","targetHints":{"allow":["GET"]}}],"collection":[{"href":"https:\/\/sabaudia-mrs.org\/index.php\/wp-json\/wp\/v2\/posts"}],"about":[{"href":"https:\/\/sabaudia-mrs.org\/index.php\/wp-json\/wp\/v2\/types\/post"}],"author":[{"embeddable":true,"href":"https:\/\/sabaudia-mrs.org\/index.php\/wp-json\/wp\/v2\/users\/1"}],"replies":[{"embeddable":true,"href":"https:\/\/sabaudia-mrs.org\/index.php\/wp-json\/wp\/v2\/comments?post=357"}],"version-history":[{"count":0,"href":"https:\/\/sabaudia-mrs.org\/index.php\/wp-json\/wp\/v2\/posts\/357\/revisions"}],"wp:attachment":[{"href":"https:\/\/sabaudia-mrs.org\/index.php\/wp-json\/wp\/v2\/media?parent=357"}],"wp:term":[{"taxonomy":"category","embeddable":true,"href":"https:\/\/sabaudia-mrs.org\/index.php\/wp-json\/wp\/v2\/categories?post=357"},{"taxonomy":"post_tag","embeddable":true,"href":"https:\/\/sabaudia-mrs.org\/index.php\/wp-json\/wp\/v2\/tags?post=357"}],"curies":[{"name":"wp","href":"https:\/\/api.w.org\/{rel}","templated":true}]}}