{"id":356,"date":"2012-05-10T17:04:07","date_gmt":"2012-05-10T15:04:07","guid":{"rendered":"http:\/\/savoue.patoue.fr\/2012\/05\/10\/qque-le-courage-succede-a-lesprit-de-soumissionq\/"},"modified":"2012-05-10T17:04:07","modified_gmt":"2012-05-10T15:04:07","slug":"qque-le-courage-succede-a-lesprit-de-soumissionq","status":"publish","type":"post","link":"https:\/\/sabaudia-mrs.org\/index.php\/2012\/05\/10\/qque-le-courage-succede-a-lesprit-de-soumissionq\/","title":{"rendered":"\u00ab\u00a0Que le courage succ\u00e8de \u00e0 l\u2019esprit de soumission&#8230;\u00a0\u00bb"},"content":{"rendered":"<p>\u00a0<\/p>\n<p><strong>Au lendemain du second tour des \u00e9lections pr\u00e9sidentielles, Eva Joly fait le bilan de sa longue et difficile campagne et trace des perspectives. Un ton r\u00e9aliste et volontaire : <em>\u00ab\u00a0ne rien l\u00e2cher\u00a0\u00bb<\/em> pour <em>constituer \u00ab\u00a0un nouveau cycle politique et d\u00e9mocratique\u00a0\u00bb <\/em>dans cette \u00ab\u00a0<em>si monarchique\u00a0\u00bb cinqui\u00e8me R\u00e9publique<\/em>. Regionsavoie.org publie l&rsquo;int\u00e9gralit\u00e9 de son discours prononc\u00e9 \u00e0 l&rsquo;occasion du conseil f\u00e9d\u00e9ral d&rsquo;EELV du 7 mai 2012.<\/strong><\/p>\n<p>\u00a0<\/p>\n<p><a class=\"highslide\" href=\"http:\/\/sabaudr.cluster028.hosting.ovh.net\/wp-content\/uploads\/2012\/05\/credit-marine-tondelier-300x225-1.jpg\" target=\"_blank\" rel=\"noopener\"><img loading=\"lazy\" decoding=\"async\" style=\"margin: 10px; float: left;\" alt=\"credit-marine-tondelier-300x225\" src=\"http:\/\/sabaudr.cluster028.hosting.ovh.net\/wp-content\/uploads\/2012\/05\/credit-marine-tondelier-300x225-1.jpg\" height=\"113\" width=\"150\" \/><\/a>Qu\u2019il est bon de se retrouver apr\u00e8s la d\u00e9faite de Nicolas Sarkozy.  Qu\u2019il est bon de se dire que m\u00eame si la victoire de la gauche et des  \u00e9cologistes a \u00e9t\u00e9 arrach\u00e9e de haute lutte, elle est belle comme le jour  qui se l\u00e8ve plein de promesses et d\u2019envies. Qu\u2019il est bon de se  retrouver parmi les siens. Qu\u2019il est bon de se retrouver \u00e0 vos c\u00f4t\u00e9s  pour continuer \u00e0 mener notre combat pour l\u2019\u00e9cologie et la justice. Qu\u2019il  est bon de retrouver tant de visages amis.<\/p>\n<p>J\u2019esp\u00e8re que c\u2019est r\u00e9ciproque. Et que vous avez quelque plaisir \u00e0  savoir que notre combat commun se poursuit, se prolonge, se projette  dans l\u2019avenir pour secouer un monde politique qui doit plus que jamais  r\u00e9pondre \u00e0 des d\u00e9fis immenses.<\/p>\n<p>Ceux qui pensaient se d\u00e9barrasser de moi en se disant \u00ab la  pr\u00e9sidentielle est finie, Eva Joly va dispara\u00eetre \u00bb vont \u00eatre d\u00e9\u00e7us : je  suis toujours l\u00e0, plus que jamais d\u00e9termin\u00e9e \u00e0 me battre pour que les  choses changent dans notre pays. Le renoncement ne fait pas partie de  mes habitudes.<\/p>\n<p><!--more--><\/p>\n<p>\u00a0<\/p>\n<p>Le rythme de la vie politique est effr\u00e9n\u00e9. \u00c0 peine achev\u00e9e la  campagne pr\u00e9sidentielle, que les \u00e9lections l\u00e9gislatives se profilent  d\u00e9j\u00e0. Notre Conseil f\u00e9d\u00e9ral est donc l\u2019occasion d\u2019un bilan n\u00e9cessaire,  mais \u00e9galement une \u00e9tape importante pour la suite des \u00e9v\u00e9nements. Nous  devons discuter ensemble du contexte politique nouveau cr\u00e9\u00e9 par la  victoire de la gauche, et des responsabilit\u00e9s qui sont les n\u00f4tres.<\/p>\n<p>Je mentirais si je disais que le score de 2,3 % me comble. Il est  bien en-de\u00e7\u00e0 de mes esp\u00e9rances, et des v\u00f4tres \u00e9galement. Je prends donc  ce matin devant vous toutes mes responsabilit\u00e9s. Ma campagne n\u2019a pas  permis de cr\u00e9er un rapport de force \u00e9lectoral favorable \u00e0 nos id\u00e9es.  Chacun apportera son explication et son analyse de ce scrutin.<\/p>\n<p>Trois choses me semblent devoir retenir notre attention.<\/p>\n<p>Premi\u00e8rement, la profondeur du rejet du sarkozysme. La brutalit\u00e9, les  exc\u00e8s, l\u2019outrance du pr\u00e9sident sortant ont polaris\u00e9 cette \u00e9lection  autour d\u2019une dynamique de vote sanction : la premi\u00e8re des priorit\u00e9s  \u00e9tait de battre Nicolas Sarkozy. D\u00e8s lors, les d\u00e9bats n\u00e9cessaires sur  l\u2019avenir de notre pays n\u2019ont pas vraiment eu lieu. Un an de d\u00e9bat  pr\u00e9sidentiel permanent n\u2019aura que peu \u00e9clair\u00e9 les Fran\u00e7aises et les  Fran\u00e7ais sur les diff\u00e9rentes options possibles pour sortir de la crise.  Ce d\u00e9bat emp\u00each\u00e9, il va bien falloir le tenir. Il ne pourra pas \u00eatre  ajourn\u00e9 plus longtemps. Et nous les \u00e9cologistes devront y tenir toute  notre place.<\/p>\n<p>La deuxi\u00e8me caract\u00e9ristique de cette \u00e9lection pr\u00e9sidentielle, c\u2019est  le niveau de col\u00e8re du pays. Notre pays est aujourd\u2019hui une  cocotte-minute, o\u00f9 les tensions exacerb\u00e9es par cinq ans de politiques  injustes et de discours de division sont \u00e0 leur comble.<br \/> C\u2019est l\u2019une des cl\u00e9s de la faiblesse de notre score : notre d\u00e9marche  politique, bas\u00e9e sur des propositions r\u00e9alistes et raisonnables, n\u2019est  pas apparue comme un levier de protestation assez virulent contre  l\u2019ordre social actuel.<\/p>\n<p>Enfin, le troisi\u00e8me point, peut-\u00eatre le plus important : la France  est aujourd\u2019hui un pays sans espoir. On me l\u2019a dit pendant toute la  campagne : \u00ab vous les \u00e9cologistes, vous avez raison, mais ce que vous  dites, ce n\u2019est pas tr\u00e8s gai. Vous annoncez toujours des catastrophes,  toujours des sacrifices. \u00bb Comment dans ces conditions f\u00e9d\u00e9rer les  \u00e9lecteurs autour d\u2019un projet d\u2019une vie meilleure ?<\/p>\n<p>Je n\u2019ai pas su r\u00e9soudre cette \u00e9quation, sur laquelle tous les  \u00e9cologistes achoppent depuis toujours \u00e0 l\u2019\u00e9lection pr\u00e9sidentielle.  J\u2019assume cet \u00e9chec.<\/p>\n<p>Je n\u2019ai pourtant m\u00e9nag\u00e9 ni mes efforts ni ma peine.<\/p>\n<p>Nous n\u2019avons pas fait de la figuration. Nous nous sommes battus pied \u00e0 pied dans un contexte hostile.<\/p>\n<p>Qui pourra nous disputer la palme de l\u2019opini\u00e2tret\u00e9 et du courage ?  Qui osera dire que les \u00e9cologistes n\u2019ont pas tent\u00e9 d\u2019alerter sur la  n\u00e9cessit\u00e9 de forger un cours nouveau pour nos soci\u00e9t\u00e9s ?<\/p>\n<p>Sur la question de l\u2019\u00e9nergie, nous avons port\u00e9 des coups terribles au  lobby du nucl\u00e9aire. Celui ci s\u2019est d\u2019ailleurs senti menac\u00e9 au point de  faire pression sur notre partenaire pendant la n\u00e9gociation de notre  accord \u00e9lectoral. J\u2019ai dit ce que j\u2019ai pens\u00e9 de cette m\u00e9thode odieuse.  Fallait-il que je me taise ? J\u2019ai cru que notre ind\u00e9pendance valait  mieux que la complaisance, j\u2019ai cru que notre honneur valait mieux que  la complicit\u00e9, j\u2019ai cru que la v\u00e9rit\u00e9 \u00e9tait plus pr\u00e9cieuse que le  mensonge, j\u2019ai cru et je crois toujours, qu\u2019on fait de la politique en  d\u00e9fendant ses id\u00e9es devant l\u2019opinion et pas en renon\u00e7ant \u00e0 ses  convictions dans les antichambres du pouvoir.<\/p>\n<p>Au fond j\u2019ai cru en vous, et en votre capacit\u00e9 de r\u00e9sistance, vous  les \u00e9cologistes qui m\u2019avez accueillie il y a maintenant plusieurs ann\u00e9es  et m\u2019avez confi\u00e9 la lourde t\u00e2che de vous repr\u00e9senter dans l\u2019\u00e9lection  pr\u00e9sidentielle. J\u2019ai tenu bon parce qu\u2019en votant pour moi lors de la  primaire, vous aviez choisi l\u2019\u00e9cologie de combat.<\/p>\n<p>Dans cette campagne, j\u2019ai parl\u00e9 sans calcul, mais pas sans prudence.  Jamais je n\u2019ai attaqu\u00e9 l\u2019id\u00e9e du rassemblement, jamais je n\u2019ai laiss\u00e9  supposer la moindre complaisance vis-\u00e0-vis de l\u2019ex-majorit\u00e9, jamais je  n\u2019ai pos\u00e9 un seul acte politique qui encourage autre chose que le  changement de majorit\u00e9 politique pour redonner souffle et esp\u00e9rance \u00e0  notre pays.<\/p>\n<p>Je me suis fait parfois faite pi\u00e9ger sur la forme par des  journalistes politiques habitu\u00e9s \u00e0 la langue de bois de politiques rus\u00e9s  et madr\u00e9s, et je le regrette.<\/p>\n<p>Mais sur le fond, j\u2019ai fait la campagne de l\u2019\u00e9cologie politique : une  campagne qui ne refuse pas d\u2019expliquer la complexit\u00e9 du monde, une  campagne qui ne rechigne pas \u00e0 dire aux \u00e9lectrices et aux \u00e9lecteurs que  notre programme ne se r\u00e9alisera pas sur un claquement de doigt, une  campagne qui cherche \u00e0 r\u00e9veiller les consciences plus qu\u2019\u00e0 endormir les  pr\u00e9ventions, une campagne qui ne se construit pas sur des effets de mode  passagers mais veut lutter durablement contre le r\u00e9chauffement  climatique.<\/p>\n<p>Sur la question du vivre ensemble, j\u2019ai rappel\u00e9 que l\u2019\u00e9galit\u00e9 de  toutes et tous devant la loi \u00e9tait essentielle. J\u2019ai combattu les  fariboles haineuses sur la sup\u00e9riorit\u00e9 des civilisations, j\u2019ai d\u00e9nonc\u00e9  la stigmatisation de l\u2019islam, j\u2019ai affront\u00e9 Marine Le Pen en d\u00e9non\u00e7ant  l\u2019imposture de celle qui se veut la candidate du peuple mais n\u2019est  qu\u2019une renti\u00e8re. A plusieurs occasions j\u2019ai \u00e9t\u00e9 attaqu\u00e9e sur mon accent,  mes origines, ma double culture, ma binationalit\u00e9. Je n\u2019ai pas c\u00e9d\u00e9,  persuad\u00e9e que la France n\u2019est pas le monopole d\u2019une poign\u00e9e de  nostalgiques de Vichy et de l\u2019Alg\u00e9rie fran\u00e7aise.<\/p>\n<p>Sur la R\u00e9publique exemplaire, j\u2019ai toute la campagne durant, tent\u00e9  d\u2019expliquer qu\u2019aucun changement ne serait possible sans r\u00e9tablir la  confiance entre les \u00e9lecteurs et les politiques. J\u2019ai essuy\u00e9 injures et  quolibets pour avoir frontalement assum\u00e9 la r\u00e9alit\u00e9 du pouvoir  sarkozyste et dit tout haut ce que beaucoup n\u2019osaient m\u00eame pas murmurer.  J\u2019ai pris ma part dans la lutte contre l\u2019esprit de clan, contre la  privatisation de la R\u00e9publique, et si cette page est d\u00e9sormais tourn\u00e9e,  c\u2019est certainement un peu gr\u00e2ce aux \u00e9cologistes qui ont souhait\u00e9 que ma  campagne soit une campagne de libert\u00e9 et de courage.<\/p>\n<p>Pour autant, je veux rappeler que ma campagne n\u2019a pas \u00e9t\u00e9 simple.  Moi, je crois au collectif, au respect de la parole donn\u00e9e, \u00e0 l\u2019amiti\u00e9  dans la vie et \u00e0 la camaraderie en politique. Je suis par ailleurs tr\u00e8s  attach\u00e9e au respect de la libert\u00e9 d\u2019expression de chacune et de chacun.  Mais on ne me fera pas croire, que s\u2019\u00e9pancher par voie de presse sur la  m\u00e9diocrit\u00e9 suppos\u00e9e de ma campagne \u00e9tait une volont\u00e9 de contribuer  positivement au renforcement de notre score. Certaines semaines, pas un  jour ne passait sans apporter sa pellet\u00e9 de terre sur le tombeau d\u2019une  candidature, qui \u00e0 en croire les commentateurs ne pouvait pas aller \u00e0  son terme. Il est triste que certains d\u2019entre nous aient choisi  d\u2019alimenter ce feuilleton en s\u2019\u00e9panchant dans la presse. \u00c0 certains  moments de cette campagne, vu le rythme soutenu des attaques que j\u2019ai du  supporter, je vous le dis comme je le pense, ce n\u2019est pas l\u2019\u00e9cologie  qui a disparu des radars : c\u2019est la dignit\u00e9.<\/p>\n<p>Les critiques port\u00e9es n\u2019\u00e9taient pas toutes sans fondement. Mais  aucune d\u2019entre elles n\u2019ont eu d\u2019autre effet que de nous affaiblir. Les  Machiavel de bas \u00e9tage, qui, le plus souvent anonymes, ont attaqu\u00e9 notre  campagne ont fait du tort \u00e0 la cause qu\u2019ils pr\u00e9tendaient d\u00e9fendre.<\/p>\n<p>Nul n\u2019est besoin ici de citer leur nom : ce serait leur faire un bien  grand honneur. Mais qu\u2019ils sachent que le temps de la division doit  \u00eatre d\u00e9finitivement forclos. Il vaut mieux d\u00e9sormais b\u00e2tir des ponts,  que de dresser des murs entre nous. Je ne suis d\u2019aucune c\u00f4terie, d\u2019aucun  clan, d\u2019aucune fraction, d\u2019aucun sous-ensemble de notre famille  \u00e9cologiste. Je vous prie donc de croire que chaque fois que j\u2019agis, je  ne suis guid\u00e9e que par l\u2019id\u00e9e que je me fais de notre int\u00e9r\u00eat commun.  Nous devons apprendre \u00e0 mutualiser davantage, \u00e0 capitaliser sur les  savoirs et les acquis des uns et des autres, \u00e0 additionner nos talents  au lieu de multiplier nos frustrations. Dans les semaines et les mois  qui viennent, je travaillerai activement \u00e0 poursuivre l\u2019\u00e9largissement de  notre famille politique.<\/p>\n<p>Je veux aussi aider \u00e0 passer le relais \u00e0 une nouvelle g\u00e9n\u00e9ration  militante, celle que j\u2019ai appel\u00e9 \u00ab la g\u00e9n\u00e9ration Duflot \u00bb : elle doit  \u00e9clore d\u00e8s ces l\u00e9gislatives qui permettront de voir rentrer \u00e0  l\u2019Assembl\u00e9e nationale des \u00e9cologistes qui ne sont pas des professionnels  de la politique mais des acteurs et des actrices du vrai changement.<\/p>\n<p>Dans cette campagne j\u2019ai perdu quelques illusions et peut-\u00eatre m\u00eame  quelques amis. Mais j\u2019ai gagn\u00e9 la certitude que je suis bien \u00e0 ma place  dans cette noble assembl\u00e9e compos\u00e9e de t\u00eates raides dures \u00e0 convaincre,  d\u2019esprits rebelles qui refusent de se soumettre, de lanceurs d\u2019alertes  d\u00e9sob\u00e9issants, de vigies, d\u2019\u00e9veilleurs et d\u2019\u00e9veilleuses de conscience  qui se pr\u00e9occupent davantage de l\u2019int\u00e9r\u00eat g\u00e9n\u00e9ral que d\u2019eux-m\u00eames.<\/p>\n<p>Pour affronter la p\u00e9riode qui vient nous aurons besoin d\u2019unit\u00e9. Unit\u00e9  des \u00e9cologistes, unit\u00e9 de la gauche et des \u00e9cologistes, unit\u00e9 des  Fran\u00e7aises et des Fran\u00e7ais. Cette unit\u00e9, j\u2019y travaille : c\u2019est le sens  de ma pr\u00e9sence dans les meetings socialistes entre les deux tours, parce  que je ne pouvais rester sans rien faire face \u00e0 la menace de la  r\u00e9\u00e9lection de Nicolas Sarkozy. Nous devions prendre nos responsabilit\u00e9s.  Nous l\u2019avons fait en allant chercher chaque voix et en r\u00e9p\u00e9tant  inlassablement la v\u00e9rit\u00e9 du sarkozysme.<\/p>\n<p>Le contrat est rempli. La victoire est acquise. Le plus dur commence.  Je ne crois pas \u00e0 l\u2019\u00e9tat de gr\u00e2ce. D\u00e8s les premiers jours du  quinquennat, les difficult\u00e9s seront pr\u00e9sentes. Alors une question se  pose. Si la proposition nous en est faite, devons-nous participer \u00e0 une  coalition gouvernementale ? Ma r\u00e9ponse est claire : oui. Nous devons  participer au changement.<\/p>\n<p>Nous devons \u00eatre pr\u00eats \u00e0 prendre nos responsabilit\u00e9s. Je crois qu\u2019il  faut des \u00e9cologistes au gouvernement pour qu\u2019il y ait de l\u2019\u00e9cologie dans  le changement. Croire qu\u2019en restant sur le quai de la gare nous aurions  davantage d\u2019influence est une vue de l\u2019esprit. Sans ministres issus  d\u2019EELV au sein du gouvernement, les \u00e9cologistes aboieront et la caravane  du productivisme continuera son chemin comme si de rien n\u2019\u00e9tait.<\/p>\n<p>Nous devons \u00eatres pr\u00e9sents au gouvernement, actifs, mobilis\u00e9s et solidaires.<\/p>\n<p>Quelque soit ma place dans les semaines qui viennent, vous savez que vous pouvez compter sur moi pour ne rien c\u00e9der.<\/p>\n<p>Mais je voudrais aussi dissiper une illusion sur la participation  gouvernementale. Il ne sert \u00e0 rien de dresser un catalogue de conditions  \u00e0 remplir, alors que nous savons que le programme qui sera appliqu\u00e9  sera celui du candidat socialiste. C\u2019est la logique de la Cinqui\u00e8me  R\u00e9publique. Cette logique nous la combattons, mais elle s\u2019impose \u00e0 nous  et structure la p\u00e9riode qui vient.<\/p>\n<p>C\u2019est pour cette raison que les \u00e9lections l\u00e9gislatives sont  essentielles : il faut faire en sorte que le changement soit garanti par  la pr\u00e9sence de nombreux deput\u00e9s \u00e9cologistes \u00e0 l\u2019Assembl\u00e9e nationale qui  d\u00e9fendront l\u2019esprit et la lettre de l\u2019accord pass\u00e9 entre le PS et EELV.<\/p>\n<p>Nous ne voulons pas de d\u00e9put\u00e9s godillots, machines \u00e0 voter sans  imagination, tristes pantins de l\u2019ordre ancien. Nous voulons envoyer \u00e0  l\u2019Assembl\u00e9e nationale des d\u00e9put\u00e9s qui auront \u00e0 c\u0153ur de faire que les  choses changent vraiment. Les chantiers sont nombreux. Je voudrais pour  ma part que la premi\u00e8re t\u00e2che des nouveaux d\u00e9put\u00e9s \u00e9cologistes, soit de  r\u00e9parer la situation aberrante qui fait que des dizaines de proc\u00e9dure  pour harc\u00e8lement sexuel sont interrompues : il faut d\u2019urgence une loi  qui, d\u00e9finissant avec pr\u00e9cision le harc\u00e8lement sexuel, le combatte avec  la plus grande des fermet\u00e9s. J\u2019ai fait de l\u2019\u00e9galit\u00e9 un des piliers de ma  campagne, je vous appelle \u00e0 faire de l\u2019\u00e9galit\u00e9 entre les femmes et les  hommes une des priorit\u00e9s du nouveau quinquennat.<\/p>\n<p>Je vois maintenant le Front de gauche qui nous a fait la le\u00e7on  pendant toute la campagne sur le th\u00e8me \u00ab les \u00e9colos se sont vendus et  ont tout c\u00e9d\u00e9 \u00bb, avant de r\u00e9clamer un accord \u00e9lectoral avec le Parti  socialiste. Je note que cet accord ne serait m\u00eame pas appuy\u00e9 sur un  volet programmatique. J\u2019en tire, provisoirement au moins, la conclusion  que la radicalit\u00e9 des tribuns du peuple n\u2019est pas forc\u00e9ment sup\u00e9rieure \u00e0  celle des oratrices tranquilles. Le Front de gauche, comme nous, doit  d\u00e9sormais s\u2019inscrire dans une strat\u00e9gie d\u2019alliance pour influencer le  cours des choses. La diff\u00e9rence, c\u2019est que moi je l\u2019assume plus  franchement.<\/p>\n<p>Je ne pratique pas le double discours. Pour moi, la v\u00e9rit\u00e9 n\u2019a pas de  saison : elle s\u2019impose comme condition ind\u00e9passable de la confiance  entre les politiques et les citoyens. Alors je vous le dis comme je le  pense : je suis heureuse que l\u2019accord pass\u00e9 entre le Parti socialiste et  Europe \u00c9cologie Les Verts nous permette d\u2019obtenir une pr\u00e9sence  parlementaire plus importante.<\/p>\n<p>Cet accord, c\u2019est un correctif \u00e0 la loi d\u2019airain du scrutin  majoritaire qui prive la d\u00e9mocratie d\u2019une repr\u00e9sentation plus juste des  courants politiques.<\/p>\n<p>Fran\u00e7ois Hollande a dit ne pas se sentir tenu par cet accord, en  particulier sur la question du nucl\u00e9aire. Il est pour le maintien d\u2019une  part importante de nucl\u00e9aire dans la production de notre \u00e9lectricit\u00e9.  Nous sommes pour la sortie du nucl\u00e9aire. Les choses sont simples : si  nous voulons la sortie, il va falloir user de p\u00e9dagogie, et il va  falloir que toutes les associations se mobilisent pour mettre la soci\u00e9t\u00e9  en mouvement. Mais c\u2019est le contraire qui aurait \u00e9t\u00e9 \u00e9tonnant. Comment  voulez-vous que le pr\u00e9sident \u00e9lu, sous la Cinqui\u00e8me R\u00e9publique si  monarchique, se sente engag\u00e9 par un accord qui concerne les \u00e9lections  l\u00e9gislatives ? En outre, le rapport de force ne joue pas en notre  faveur.<\/p>\n<p>Mais je sais que le nouveau pr\u00e9sident n\u2019ignore pas que la politique  n\u2019est pas qu\u2019une affaire d\u2019arithm\u00e9tique \u00e9lectorale. Elle a aussi \u00e0 voir  avec l\u2019histoire. Fran\u00e7ois Hollande peut rentrer dans l\u2019histoire comme  celui qui aura su faire prendre \u00e0 la France le train de la transition  \u00e9cologique. C\u2019est essentiel. Il ne pourra pas le faire sans nous. Il ne  pourra pas le faire en restant prisonnier des vielles lunes  productivistes qui misent tout sur la croissance et rien sur l\u2019\u00e9cologie.<\/p>\n<p>On dit de Fran\u00e7ois Hollande que c\u2019est un homme de synth\u00e8se. Et bien  je l\u2019appelle \u00e0 faire une synth\u00e8se politique nouvelle entre le meilleur  de la tradition socialiste et le meilleur de l\u2019innovation \u00e9cologiste.  C\u2019est la seule mani\u00e8re de r\u00e9pondre aux enjeux de la p\u00e9riode.<\/p>\n<p>J\u2019ai parl\u00e9 de la gauche folle et de la gauche molle : ce sont les  deux revers d\u2019une m\u00eame m\u00e9daille, celle du renoncement, les deux maladies  mortelles de la gauche, celles qui ont conduit dans le pass\u00e9 \u00e0 l\u2019\u00e9chec,  \u00e0 la d\u00e9ception, \u00e0 la crise de confiance et au final \u00e0 la rupture entre  le peuple de gauche et ses repr\u00e9sentants. Fran\u00e7ois Hollande aura  d\u00e9sormais pour mission de se pr\u00e9munir avec la plus grande des \u00e9nergies  de ces deux maladies. Je l\u2019en crois capable, je l\u2019en sais capable. Qu\u2019il  sache qu\u2019il aura tout mon soutien dans la p\u00e9riode qui s\u2019ouvre. Parce  que les Fran\u00e7ais ne veulent pas seulement qu\u2019un pouvoir succ\u00e8de \u00e0 un  autre, ils d\u00e9sirent profond\u00e9ment que le gouvernement am\u00e9liore leur sort,  leur condition, leur vie quotidienne et leur avenir. Ce travail ne se  fera pas en un jour, ni m\u00eame en cent. Mais pour que les petits ruisseaux  des avanc\u00e9es concr\u00e8tes convergent enfin pour alimenter le fleuve du  vrai changement, il faut une volont\u00e9 politique ; pour que la d\u00e9faite de  Nicolas Sarkozy n\u2019ait pas \u00e9t\u00e9 qu\u2019un soulagement, un simple r\u00e9pit pour un  pays us\u00e9, mais bien l\u2019An Un de la reconqu\u00eate d\u00e9mocratique pour  permettre l\u2019invention d\u2019un nouveau mod\u00e8le de soci\u00e9t\u00e9 \u00e0 laquelle des  millions de femmes et d\u2019hommes dans notre pays aspirent. Que les  Fran\u00e7ais et les \u00e9cologistes sachent que ce sera la priorit\u00e9 des  \u00e9cologistes que de s\u2019assurer que cette volont\u00e9 soit permanente. Nous  voulons que la gauche et les \u00e9cologistes r\u00e9ussissent. Cette victoire ne  doit pas \u00eatre une parenth\u00e8se, mais bien constituer le point de d\u00e9part  d\u2019un nouveau cycle politique et d\u00e9mocratique pour notre nation.<\/p>\n<p>Pour que nous r\u00e9ussissions, je veux dire enfin que nous avons besoin  de toute la soci\u00e9t\u00e9. La soci\u00e9t\u00e9 civile, les associations, les syndicats  doivent aussi \u00e0 leur mani\u00e8re contribuer au changement : nous n\u2019attendons  pas de ces organisations qu\u2019elles soient le relais d\u2019une quelconque  parole gouvernementale. Nous avons besoin au contraire qu\u2019elles soient  conqu\u00e9rantes, ind\u00e9pendantes, exigeantes, et que leur agenda ne soit pas  align\u00e9 sur celui d\u2019un pouvoir qui h\u00e9rite d\u2019une situation extr\u00eamement  d\u00e9grad\u00e9e sur le plan int\u00e9rieur comme sur le plan international. Nous  devons affronter la crise et r\u00e9ussir \u00e0 rassembler l\u2019ensemble des  Fran\u00e7ais dans un nouveau projet national d\u00e9barrass\u00e9 du spectre de la  haine de l\u2019autre, qui n\u2019est qu\u2019une forme hypertrophi\u00e9e de la haine de  soi.<\/p>\n<p>Je veux que la France retrouve la France, que le courage succ\u00e8de \u00e0  l\u2019esprit de soumission, que l\u2019int\u00e9r\u00eat g\u00e9n\u00e9ral inspire la nouvelle  majorit\u00e9 et que les \u00e9cologistes prennent toute leur part dans cette  t\u00e2che immense qui nous attend.<\/p>\n<p>Au gouvernement, solidaires et courageux, \u00e0 l\u2019Assembl\u00e9e pertinents et  impertinents, sur le terrain mobilis\u00e9s et volontaires, voil\u00e0 la feuille  de route de l\u2019\u00e9cologie politique pour les semaines \u00e0 venir et les mois \u00e0  venir.<\/p>\n<p>Alors ne l\u00e2chez rien, ne c\u00e9dez rien. Battons nous pour donner de la  force au changement en faisant de l\u2019\u00e9cologie une \u00e9nergie nouvelle pour  la France.<\/p>\n<p>La France a besoin de l\u2019\u00e9cologie et l\u2019\u00e9cologie a besoin des  \u00e9cologistes. Alors je vous appelle \u00e0 tout faire pour que nous montrions  dignes de la mission historique qui est la n\u00f4tre.<\/p>\n","protected":false},"excerpt":{"rendered":"<p>\u00a0 Au lendemain du second tour des \u00e9lections pr\u00e9sidentielles, Eva Joly fait le bilan de sa longue et difficile campagne et trace des perspectives. Un ton r\u00e9aliste et volontaire : \u00ab\u00a0ne rien l\u00e2cher\u00a0\u00bb pour constituer \u00ab\u00a0un nouveau cycle politique et d\u00e9mocratique\u00a0\u00bb dans cette \u00ab\u00a0si monarchique\u00a0\u00bb cinqui\u00e8me R\u00e9publique. Regionsavoie.org publie l&rsquo;int\u00e9gralit\u00e9 de son discours prononc\u00e9 \u00e0 &#8230; <a title=\"\u00ab\u00a0Que le courage succ\u00e8de \u00e0 l\u2019esprit de soumission&#8230;\u00a0\u00bb\" class=\"read-more\" href=\"https:\/\/sabaudia-mrs.org\/index.php\/2012\/05\/10\/qque-le-courage-succede-a-lesprit-de-soumissionq\/\" aria-label=\"En savoir plus sur \u00ab\u00a0Que le courage succ\u00e8de \u00e0 l\u2019esprit de soumission&#8230;\u00a0\u00bb\">Lire la suite<\/a><\/p>\n","protected":false},"author":1,"featured_media":355,"comment_status":"open","ping_status":"open","sticky":false,"template":"","format":"standard","meta":{"footnotes":""},"categories":[76],"tags":[],"class_list":["post-356","post","type-post","status-publish","format-standard","has-post-thumbnail","hentry","category-elections-presidentielles-2012"],"_links":{"self":[{"href":"https:\/\/sabaudia-mrs.org\/index.php\/wp-json\/wp\/v2\/posts\/356","targetHints":{"allow":["GET"]}}],"collection":[{"href":"https:\/\/sabaudia-mrs.org\/index.php\/wp-json\/wp\/v2\/posts"}],"about":[{"href":"https:\/\/sabaudia-mrs.org\/index.php\/wp-json\/wp\/v2\/types\/post"}],"author":[{"embeddable":true,"href":"https:\/\/sabaudia-mrs.org\/index.php\/wp-json\/wp\/v2\/users\/1"}],"replies":[{"embeddable":true,"href":"https:\/\/sabaudia-mrs.org\/index.php\/wp-json\/wp\/v2\/comments?post=356"}],"version-history":[{"count":0,"href":"https:\/\/sabaudia-mrs.org\/index.php\/wp-json\/wp\/v2\/posts\/356\/revisions"}],"wp:featuredmedia":[{"embeddable":true,"href":"https:\/\/sabaudia-mrs.org\/index.php\/wp-json\/wp\/v2\/media\/355"}],"wp:attachment":[{"href":"https:\/\/sabaudia-mrs.org\/index.php\/wp-json\/wp\/v2\/media?parent=356"}],"wp:term":[{"taxonomy":"category","embeddable":true,"href":"https:\/\/sabaudia-mrs.org\/index.php\/wp-json\/wp\/v2\/categories?post=356"},{"taxonomy":"post_tag","embeddable":true,"href":"https:\/\/sabaudia-mrs.org\/index.php\/wp-json\/wp\/v2\/tags?post=356"}],"curies":[{"name":"wp","href":"https:\/\/api.w.org\/{rel}","templated":true}]}}