{"id":32,"date":"2013-08-27T15:44:53","date_gmt":"2013-08-27T13:44:53","guid":{"rendered":"http:\/\/savoue.patoue.fr\/2013\/08\/27\/la-federation-raps-mobilisee-pour-les-europeennes-de-2014\/"},"modified":"2013-08-27T15:44:53","modified_gmt":"2013-08-27T13:44:53","slug":"la-federation-raps-mobilisee-pour-les-europeennes-de-2014","status":"publish","type":"post","link":"https:\/\/sabaudia-mrs.org\/index.php\/2013\/08\/27\/la-federation-raps-mobilisee-pour-les-europeennes-de-2014\/","title":{"rendered":"La F\u00e9d\u00e9ration R&#038;PS mobilis\u00e9e pour les Europ\u00e9ennes de 2014"},"content":{"rendered":"<p><span style=\"font-size: 10pt;\"><strong>Motion finale du congr\u00e8s de R&#038;PS, le 27 ao\u00fbt 2013<\/strong><\/span><\/p>\n<p>\u00a0<\/p>\n<p><span style=\"font-size: 10pt;\"> <strong><img loading=\"lazy\" decoding=\"async\" class=\" alignleft size-full wp-image-13\" style=\"margin: 5px; float: left;\" alt=\"rps_med\" src=\"http:\/\/sabaudr.cluster028.hosting.ovh.net\/wp-content\/uploads\/2013\/07\/rps_med.jpg\" height=\"198\" width=\"140\" srcset=\"https:\/\/sabaudia-mrs.org\/wp-content\/uploads\/2013\/07\/rps_med.jpg 400w, https:\/\/sabaudia-mrs.org\/wp-content\/uploads\/2013\/07\/rps_med-212x300.jpg 212w\" sizes=\"auto, (max-width: 140px) 100vw, 140px\" \/><em>La F\u00e9d\u00e9ration R&#038;PS pr\u00f4ne une Europe des \u00ab\u00a0R\u00e9gions &#038; Peuples Solidaires\u00a0\u00bb, proche des citoyens, f\u00e9d\u00e9rale et d\u00e9mocratique. R&#038;PS est une force de propositions qui milite pour la relance de la construction politique et d\u00e9mocratique de l\u2019Union europ\u00e9enne. <\/em><\/strong> <\/span><\/p>\n<p><span style=\"font-size: 10pt;\"><span style=\"text-decoration: underline;\"><strong>Pour R&#038;PS, l&rsquo;Europe est donc essentielle<\/strong><\/span>, et les \u00e9lections europ\u00e9ennes de 2014 un objectif politique prioritaire.<\/span><\/p>\n<p><!--more--><\/p>\n<p><span style=\"font-size: 10pt;\"> Aussi, R&#038;PS est toute enti\u00e8re mobilis\u00e9e pour cette \u00e9ch\u00e9ance et d\u00e9cide d&rsquo;engager imm\u00e9diatement sa campagne. Depuis 2009, Fran\u00e7ois Alfonsi, \u00e9lu dans la circonscription du Sud Est en bin\u00f4me avec Mich\u00e8le Rivasi, contribue \u00e0 un important travail sur les priorit\u00e9s de la F\u00e9d\u00e9ration R\u00e9gions &#038; Peuples Solidaires : <\/span><\/p>\n<p><span style=\"font-size: 10pt;\">&#8211; d\u00e9fense des langues r\u00e9gionales, avec un rapport qui sera vot\u00e9 lors de la prochaine session \u00e0<\/span><\/p>\n<p><span style=\"font-size: 10pt;\">&#8211; d\u00e9fense du fait r\u00e9gional dans le cadre de la future politique europ\u00e9enne du d\u00e9veloppement<\/span><\/p>\n<p><span style=\"font-size: 10pt;\">&#8211; solidarit\u00e9 avec les peuples en lutte, pour le processus de paix en Pays Basque, pour le respect des droits des peuples, en Azawad et partout en Europe et hors d&rsquo;Europe.<\/span><\/p>\n<p><span style=\"font-size: 10pt;\">Et bien d&rsquo;autres sujets que la pr\u00e9sence de R&#038;PS, membre de l&rsquo;ALE (Alliance Libre Europ\u00e9enne), porte au parlement europ\u00e9en, en compl\u00e9ment des th\u00e8mes propres au mouvement \u00e9cologiste. L&rsquo;apport r\u00e9gionaliste permet au\u00a0 mouvement \u00e9cologiste de constituer le quatri\u00e8me groupe du parlement europ\u00e9en, le groupe Verts-ALE, dont l&rsquo;importance permet d&rsquo;obtenir des postes de responsabilit\u00e9 et donc des avanc\u00e9es politiques. Aussi R\u00e9gions &#038; Peuples Solidaires donne la priorit\u00e9 \u00e0 la reconduction de l&rsquo;accord de 2009 avec EELV, avec le candidat R&#038;PS en deuxi\u00e8me position dans la circonscription du Sud Est. Le Congr\u00e8s de la Roche sur Foron a investi Fran\u00e7ois Alfonsi, eurod\u00e9put\u00e9 sortant. En toute hypoth\u00e8se, R&#038;PS sera pr\u00e9sente lors des \u00e9lections europ\u00e9ennes de 2014.<\/span><\/p>\n<p>\u00a0<\/p>\n<p><span style=\"font-size: 10pt;\">La Roche-sur-Foron, le 26 ao\u00fbt 2013<\/span><\/p>\n","protected":false},"excerpt":{"rendered":"<p>Motion finale du congr\u00e8s de R&#038;PS, le 27 ao\u00fbt 2013 \u00a0 La F\u00e9d\u00e9ration R&#038;PS pr\u00f4ne une Europe des \u00ab\u00a0R\u00e9gions &#038; Peuples Solidaires\u00a0\u00bb, proche des citoyens, f\u00e9d\u00e9rale et d\u00e9mocratique. R&#038;PS est une force de propositions qui milite pour la relance de la construction politique et d\u00e9mocratique de l\u2019Union europ\u00e9enne. Pour R&#038;PS, l&rsquo;Europe est donc essentielle, et &#8230; <a title=\"La F\u00e9d\u00e9ration R&#038;PS mobilis\u00e9e pour les Europ\u00e9ennes de 2014\" class=\"read-more\" href=\"https:\/\/sabaudia-mrs.org\/index.php\/2013\/08\/27\/la-federation-raps-mobilisee-pour-les-europeennes-de-2014\/\" aria-label=\"En savoir plus sur La F\u00e9d\u00e9ration R&#038;PS mobilis\u00e9e pour les Europ\u00e9ennes de 2014\">Lire la suite<\/a><\/p>\n","protected":false},"author":1,"featured_media":13,"comment_status":"open","ping_status":"open","sticky":false,"template":"","format":"standard","meta":{"footnotes":""},"categories":[46],"tags":[],"class_list":["post-32","post","type-post","status-publish","format-standard","has-post-thumbnail","hentry","category-rps"],"_links":{"self":[{"href":"https:\/\/sabaudia-mrs.org\/index.php\/wp-json\/wp\/v2\/posts\/32","targetHints":{"allow":["GET"]}}],"collection":[{"href":"https:\/\/sabaudia-mrs.org\/index.php\/wp-json\/wp\/v2\/posts"}],"about":[{"href":"https:\/\/sabaudia-mrs.org\/index.php\/wp-json\/wp\/v2\/types\/post"}],"author":[{"embeddable":true,"href":"https:\/\/sabaudia-mrs.org\/index.php\/wp-json\/wp\/v2\/users\/1"}],"replies":[{"embeddable":true,"href":"https:\/\/sabaudia-mrs.org\/index.php\/wp-json\/wp\/v2\/comments?post=32"}],"version-history":[{"count":0,"href":"https:\/\/sabaudia-mrs.org\/index.php\/wp-json\/wp\/v2\/posts\/32\/revisions"}],"wp:featuredmedia":[{"embeddable":true,"href":"https:\/\/sabaudia-mrs.org\/index.php\/wp-json\/wp\/v2\/media\/13"}],"wp:attachment":[{"href":"https:\/\/sabaudia-mrs.org\/index.php\/wp-json\/wp\/v2\/media?parent=32"}],"wp:term":[{"taxonomy":"category","embeddable":true,"href":"https:\/\/sabaudia-mrs.org\/index.php\/wp-json\/wp\/v2\/categories?post=32"},{"taxonomy":"post_tag","embeddable":true,"href":"https:\/\/sabaudia-mrs.org\/index.php\/wp-json\/wp\/v2\/tags?post=32"}],"curies":[{"name":"wp","href":"https:\/\/api.w.org\/{rel}","templated":true}]}}