{"id":313,"date":"2012-04-16T10:17:18","date_gmt":"2012-04-16T08:17:18","guid":{"rendered":"http:\/\/savoue.patoue.fr\/2012\/04\/16\/lautonomie-de-luniversite-de-savoie-toujours-en-question\/"},"modified":"2012-04-16T10:17:18","modified_gmt":"2012-04-16T08:17:18","slug":"lautonomie-de-luniversite-de-savoie-toujours-en-question","status":"publish","type":"post","link":"https:\/\/sabaudia-mrs.org\/index.php\/2012\/04\/16\/lautonomie-de-luniversite-de-savoie-toujours-en-question\/","title":{"rendered":"L\u2019AUTONOMIE DE L\u2019UNIVERSITE DE SAVOIE TOUJOURS EN QUESTION !"},"content":{"rendered":"<p>\u00a0<\/p>\n<p><span style=\"font-size: 10pt;\"><i><b>Trois semaines intenses sur le sujet de l&rsquo;universit\u00e9<\/b><\/i><\/span><\/p>\n<p style=\"text-align: right;\" align=\"RIGHT\"><span style=\"font-size: 10pt;\"><em>Le vendredi 13 avril 2012<\/em><\/span><\/p>\n<p><span style=\"font-size: 10pt;\"><i><img loading=\"lazy\" decoding=\"async\" class=\" alignleft size-full wp-image-311\" style=\"margin: 8px; float: left;\" alt=\"noel 220x330\" src=\"http:\/\/sabaudr.cluster028.hosting.ovh.net\/wp-content\/uploads\/2012\/04\/noel-220x330-1.jpg\" height=\"129\" width=\"86\" srcset=\"https:\/\/sabaudia-mrs.org\/wp-content\/uploads\/2012\/04\/noel-220x330-1.jpg 220w, https:\/\/sabaudia-mrs.org\/wp-content\/uploads\/2012\/04\/noel-220x330-1-200x300.jpg 200w\" sizes=\"auto, (max-width: 86px) 100vw, 86px\" \/><\/i><\/span><\/p>\n<p><strong><span style=\"font-size: 10pt;\"><i>Par No\u00ebl Communod,\u00a0<br \/>Conseiller r\u00e9gional Rh\u00f4ne-Alpes\u00a0<br \/>Pr\u00e9sident du Mouvement R\u00e9gion Savoie<\/i><\/span><\/strong><\/p>\n<p align=\"JUSTIFY\"><span style=\"font-size: 10pt;\"><i>Le 21 Mars 2012, je prenais avec le MRS la d\u00e9cision de diffuser un document<a class=\"sdfootnoteanc\" name=\"sdfootnote1anc\" href=\"#sdfootnote1sym\"><sup>1<\/sup><\/a><\/i> <i>relatif \u00e0 la s<\/i><i>u<\/i><i>rvie d\u2019une universit\u00e9 de plein droit en Savoie. Cette note r\u00e9v\u00e9l\u00e9e par deux m\u00e9dias r\u00e9gionaux : la Voix des Allobroges et le Faucigny, a provoqu\u00e9 une succession de r\u00e9actions. En particulier, le Pr\u00e9sident de l&rsquo;universit\u00e9 de Savoie, Monsieur Ang\u00e9nieux, a pris l&rsquo;initiative d&rsquo;une op\u00e9ration de presse ayant pour objectif de nier tout risque de perte d&rsquo;autonomie de l&rsquo;universit\u00e9 de Savoie, dans le plus grand d\u00e9ni des projets de regroupements d\u00e9velopp\u00e9s durant son mandat.<\/i><\/span><\/p>\n<p align=\"JUSTIFY\">\u00a0<\/p>\n<p><!--more--><\/p>\n<p align=\"JUSTIFY\"><span style=\"font-size: 10pt;\">D\u00e8s le 22 Mars, je remettais un exemplaire de cette note aux deux responsables de la r\u00e9gion : J. Safar pour la commission ESR<a class=\"sdfootnoteanc\" name=\"sdfootnote2anc\" href=\"#sdfootnote2sym\"><sup>2<\/sup><\/a> et JL. Gagnaire, vice-pr\u00e9sident \u00e0 l\u2019\u00e9conomie. Tr\u00e8s rapidement, Jean-Jacques Queyranne prenait contact avec Monsieur Ang\u00e9nieux, Pr\u00e9sident de l\u2019universit\u00e9 de Savoie et d\u00e8s le lendemain, faisait annoncer en commission ESR, par la voix de J\u00e9rome Safar, d\u2019une part la convocation de tous les responsables universitaires de Rh\u00f4ne-Alpes pour le 27 mars apr\u00e8s midi\u00a0 et d\u2019autre part sa participation \u00e0 la prochaine commission ESR (mai) pour\u00a0 \u00e9voquer sa strat\u00e9gie universitaire. J\u2019avais demand\u00e9 \u00e0 ce qu\u2019il vienne en mars, mais ce n\u2019est pas dans les m\u0153urs r\u00e9gionales de\u00a0 se plier \u00e0 la demande d\u2019un \u00e9lu de base\u00a0!<\/span><\/p>\n<p><span style=\"font-size: 10pt;\">\u00a0<\/span><\/p>\n<p align=\"JUSTIFY\"><span style=\"font-size: 10pt;\">Mardi 27 mars \u00e0\u00a0la r\u00e9gion, environ 40 personnes sont pr\u00e9sentes dont les responsables de PRES, pr\u00e9sidents d\u2019universit\u00e9, recteurs, membres du CES\u2026\u00a0et \u00e9lus membres de la commission ESR.<\/span><\/p>\n<p align=\"JUSTIFY\"><span style=\"font-size: 10pt;\">Apr\u00e8s un r\u00e9capitulatif\u00a0 sur le r\u00f4le important de la r\u00e9gion en mati\u00e8re ESR, innovation et \u00e9conomie, il est fait un point sur les projets pr\u00e9sent\u00e9s par les diff\u00e9rents acteurs et qui sont en cours de traitement\u00a0; il est indiqu\u00e9 qu\u2019ils seront presque tous honor\u00e9s.<\/span><\/p>\n<p align=\"JUSTIFY\"><span style=\"font-size: 10pt;\">Ensuite, apr\u00e8s 3 interventions, je prends la parole pour dire que nous avons vot\u00e9, juste un an auparavant, un sch\u00e9ma strat\u00e9gique pour l\u2019ESR et que je suis donc surpris de cette r\u00e9union au cours de laquelle une nouvelle orientation strat\u00e9gique va \u00eatre prise sans consultation, ni des \u00e9lus ni des personnels. <span style=\"text-decoration: underline;\">Je rappelle aussi que le projet d\u2019IDEX Grenoble, qui a \u00e9chou\u00e9, incluait l\u2019universit\u00e9 de Savoie ainsi que la promesse de fusion avec Grenoble dans les 4 ans<\/span>. Je rappelle enfin que l\u2019universit\u00e9 de Savoie est une universit\u00e9 de plein droit\u00a0 et que cela ne se ferait pas par un coup de baguette magique\u00a0; en effet, pour les pays de Savoie, le maintien de l\u2019Universit\u00e9 est aussi important que le maintien d\u2019une Cour d\u2019appel. JJQ donne la parole au directeur du PRES de Grenoble pour me r\u00e9pondre. JJQ indique que mon intervention est tout \u00e0 fait l\u00e9gitime, mais qu\u2019il va pr\u00e9senter un projet avec des propositions nouvelles.<\/span><\/p>\n<p align=\"JUSTIFY\"><span style=\"font-size: 10pt;\">Il aborde donc ce projet d\u2019une universit\u00e9 Rh\u00f4ne Alpes<a class=\"sdfootnoteanc\" name=\"sdfootnote3anc\" href=\"#sdfootnote3sym\"><sup>3<\/sup><\/a> qui serait une fa\u00e7on de faire destin commun, mais sous une forme f\u00e9d\u00e9rale. Il annonce qu\u2019il met le projet sur la table mais se comporte ensuite comme si la d\u00e9cision \u00e9tait prise. Pas de r\u00e9action, mais il y avait eu pr\u00e9c\u00e9demment approbation par les deux responsables des PRES de Grenoble et surtout Lyon (il faut dire qu\u2019on devait voter le lendemain\u00a0 pour lui une somme de 400.000\u20ac au titre de la villa\u00a0 Gillet\u00a0!).<\/span><\/p>\n<p align=\"JUSTIFY\"><span style=\"font-size: 10pt;\">Apr\u00e8s la r\u00e9union, le Pr\u00e9sident de l\u2019universit\u00e9\u00a0de Savoie se pr\u00e9cipite vers moi en me donnant un document qui montre que l\u2019universit\u00e9\u00a0de Savoie est la meilleure et surtout, en m\u2019accusant d\u2019avoir sorti ce \u00ab\u00a0br\u00fblot\u00a0\u00bb juste pendant la p\u00e9riode des \u00e9lections\u00a0 internes \u00e0 l\u2019universit\u00e9 en prenant parti\u00a0! Certes, lui r\u00e9pondis-je, et nous prendrons toujours le parti de ceux qui \u0153uvrent pour que l\u2019universit\u00e9 demeure \u00ab\u00a0universit\u00e9 de Savoie\u00a0\u00bb.<\/span><\/p>\n<p align=\"JUSTIFY\"><span style=\"font-size: 10pt;\"><br \/><\/span><\/p>\n<p align=\"JUSTIFY\"><span style=\"font-size: 10pt;\">COMMENTAIRES\u00a0:<\/span><\/p>\n<p align=\"JUSTIFY\"><span style=\"font-size: 10pt;\">Nous avons vot\u00e9,\u00a0\u00e0\u00a0la r\u00e9gion, un sch\u00e9ma strat\u00e9gique ESR en f\u00e9vrier 2011 dans lequel l\u2019une des priorit\u00e9s\u00a0\u00e9tait de pr\u00e9server l\u2019\u00e9quit\u00e9\u00a0territoriale entre les diff\u00e9rentes entit\u00e9s universitaires.<\/span><\/p>\n<p align=\"JUSTIFY\"><span style=\"font-size: 10pt;\">Avant fin 2011, on avait une premi\u00e8re fois viol\u00e9\u00a0ce sch\u00e9ma strat\u00e9gique en encourageant les deux p\u00f4les principaux \u00e0\u00a0concourir pour la labellisation IDEX assortie de belles sommes d\u2019argent. Mais pour cela, il fallait c\u00e9der aux injonctions de l&rsquo;\u00c9tat et notamment absorber les entit\u00e9s voisines (la Savoie pour Grenoble, St \u00c9tienne pour Lyon.) Grenoble avait donc mis dans ses objectifs la fusion avec l\u2019universit\u00e9\u00a0de Savoie. L\u2019autonomie des universit\u00e9\u00a0\u00e9tait un bon gag\u00a0! Ce fut comme cela avec un certain nombre de r\u00e9formes du quinquennat\u00a0: il fallait comprendre le contraire de la signification du titre de la r\u00e9forme.<\/span><\/p>\n<p align=\"JUSTIFY\"><span style=\"font-size: 10pt;\">L\u2019universit\u00e9\u00a0de Savoie a donc \u00e9t\u00e9\u00a0ravie d\u2019apprendre que son Pr\u00e9sident avait sign\u00e9, en cosignant l\u2019IDEX et Gui+, un engagement de fusion dans les 4 ans \u00e0\u00a0venir. Il s\u2019en est d\u00e9fendu dans la presse, se pr\u00e9sentant comme le d\u00e9fenseur de l\u2019UdS. Cet \u00e9pisode est derri\u00e8re nous puisque le processus IDEX pour Grenoble-Alpes s\u2019est arr\u00eat\u00e9\u00a0et ne sera pas repris dans l\u2019imm\u00e9diat.<\/span><\/p>\n<p align=\"JUSTIFY\"><span style=\"font-size: 10pt;\">Enfin, chacun aura pu noter que les subventions de la r\u00e9gion vont tr\u00e8s majoritairement \u00e0\u00a0Lyon et \u00e0\u00a0Grenoble. La Savoie est particuli\u00e8rement sous-dot\u00e9e depuis un an (je le souligne en vain \u00e0\u00a0 chacune des commissions ESR, mois apr\u00e8s mois)\u00a0; elle est \u00e9galement notoirement sous-dot\u00e9e par rapport \u00e0 Saint \u00c9tienne. Mis \u00e0 part 15 M\u20ac dans le cadre du plan campus, on avoisine z\u00e9ro depuis le d\u00e9but de cette ann\u00e9e.<\/span><\/p>\n<p>\u00a0<\/p>\n<p><span style=\"font-size: 10pt;\">Le 27 mars\u00a0se sont d\u00e9roul\u00e9es les \u00e9lections internes \u00e0 l\u2019universit\u00e9 de Savoie\u00a0: voir les r\u00e9sultats qu&rsquo;il faut aller chercher sur le site de l&rsquo;universit\u00e9&#8230; Grenoble I\u00a0<a class=\"sdfootnoteanc\" name=\"sdfootnote4anc\" href=\"#sdfootnote4sym\"><sup>4<\/sup><\/a> !<\/span><\/p>\n<p align=\"JUSTIFY\"><span style=\"font-size: 10pt;\">Le Conseil d\u2019administration fraichement renouvel\u00e9\u00a0\u00e9lira le nouveau\u00a0 Pr\u00e9sident de l\u2019universit\u00e9\u00a0de Savoie le 17 avril prochain. Trois candidats sont en lice\u00a0: Messieurs Denis Varaschin, Laurent Ripart et Gilbert Ang\u00e9nieux (sortant). Si aucun des trois n\u2019est \u00e9lu au premier tour, une seconde r\u00e9union est pr\u00e9vue le 2 mai.<\/span><\/p>\n<p align=\"JUSTIFY\"><span style=\"font-size: 10pt;\">Nous sommes confiants que le nouveau Conseil d\u2019administration \u00e9lira un Pr\u00e9sident d\u2019universit\u00e9\u00a0qui saura conserver en Savoie une universit\u00e9\u00a0de plein droit, autonome et performante. Il saura notamment maintenir les laboratoires de recherche, aussi bien que les formations sur notre territoire.<\/span><\/p>\n<p align=\"JUSTIFY\"><span style=\"font-size: 10pt;\">Bien \u00e9videmment, cette universit\u00e9\u00a0sera en r\u00e9seau avec tous les \u00e9tablissements de Rh\u00f4ne-Alpes. Nous souhaitons que sa gouvernance s&rsquo;exerce en pleine autonomie et qu&rsquo;elle puisse continuer \u00e0\u00a0nouer des relations internationales, notamment avec nos voisins suisses et italiens.<\/span><\/p>\n<p>\u00a0<\/p>\n<p><span style=\"font-size: 10pt;\"><b>No\u00ebl Communod, Pr\u00e9sident du MRS<\/b><\/span><\/p>\n<p><span style=\"font-size: 10pt;\"><b>_________________________________<br \/><\/b><\/span><\/p>\n<div id=\"sdfootnote1\">\n<p><span style=\"font-size: 10pt;\"><a class=\"sdfootnotesym\" name=\"sdfootnote1sym\" href=\"#sdfootnote1anc\">1<\/a> : \tDossier \u00ab\u00a0L&rsquo;universit\u00e9 de Savoie a-t-elle encore une chance \t?\u00a0\u00bb\u00a0<\/span><br \/><span style=\"font-size: 10pt;\"><a href=\"savoie\/233-dossier-luniversite-de-savoie-a-t-elle-encore-une-chancen.html\"><span style=\"text-decoration: underline;\">http:\/\/regionsavoie.org\/savoie\/233-dossier-luniversite-de-savoie-a-t-elle-encore-une-chancen.html<\/span><\/a><\/span><\/p>\n<\/div>\n<div id=\"sdfootnote2\">\n<p align=\"JUSTIFY\"><span style=\"font-size: 10pt;\"><a class=\"sdfootnotesym\" name=\"sdfootnote2sym\" href=\"#sdfootnote2anc\">2<\/a> : ESR\u00a0: Enseignement Sup\u00e9rieur et Recherche<\/span><\/p>\n<\/div>\n<div id=\"sdfootnote3\">\n<p class=\"sdfootnote\"><span style=\"font-size: 10pt;\"><a class=\"sdfootnotesym\" name=\"sdfootnote3sym\" href=\"#sdfootnote3anc\">3<\/a> : Voir \t<a href=\"http:\/\/savoue.patoue.fr\/wp-content\/uploads\/2012\/04\/intervention_jjq.pdf\" target=\"_blank\" rel=\"noopener\">l&rsquo;intervention de  Jean-Jacques \tQueyranne<\/a> mise en ligne sur notre site<\/span><\/p>\n<\/div>\n<div id=\"sdfootnote4\">\n<p style=\"text-align: left;\" class=\"sdfootnote\"><span style=\"font-size: 10pt;\"><a class=\"sdfootnotesym\" name=\"sdfootnote4sym\" href=\"#sdfootnote4anc\">4<\/a> : R\u00e9sultats \tdes \u00e9lections au CA de l&rsquo;universit\u00e9 de Savoie sur le site de \tl&rsquo;universit\u00e9 Grenoble I\u00a0: \t<a href=\"http:\/\/bfs.ujf-grenoble.fr\/files\/e9b6113c054bb24a65dfdbfaf1e4f1f7\/Proclamation_des_RESULTATS_CA.pdf\" target=\"_blank\" rel=\"noopener\"><span style=\"text-decoration: underline;\">http:\/\/bfs.ujf-grenoble.fr\/files\/e9b6113c054bb24a65dfdbfaf1e4f1f7\/Proclamation_des_RESULTATS_CA.pdf<\/span><\/a><\/span><\/p>\n<\/div>\n","protected":false},"excerpt":{"rendered":"<p>\u00a0 Trois semaines intenses sur le sujet de l&rsquo;universit\u00e9 Le vendredi 13 avril 2012 Par No\u00ebl Communod,\u00a0Conseiller r\u00e9gional Rh\u00f4ne-Alpes\u00a0Pr\u00e9sident du Mouvement R\u00e9gion Savoie Le 21 Mars 2012, je prenais avec le MRS la d\u00e9cision de diffuser un document1 relatif \u00e0 la survie d\u2019une universit\u00e9 de plein droit en Savoie. Cette note r\u00e9v\u00e9l\u00e9e par deux m\u00e9dias &#8230; <a title=\"L\u2019AUTONOMIE DE L\u2019UNIVERSITE DE SAVOIE TOUJOURS EN QUESTION !\" class=\"read-more\" href=\"https:\/\/sabaudia-mrs.org\/index.php\/2012\/04\/16\/lautonomie-de-luniversite-de-savoie-toujours-en-question\/\" aria-label=\"En savoir plus sur L\u2019AUTONOMIE DE L\u2019UNIVERSITE DE SAVOIE TOUJOURS EN QUESTION !\">Lire la suite<\/a><\/p>\n","protected":false},"author":1,"featured_media":311,"comment_status":"open","ping_status":"open","sticky":false,"template":"","format":"standard","meta":{"footnotes":""},"categories":[57],"tags":[],"class_list":["post-313","post","type-post","status-publish","format-standard","has-post-thumbnail","hentry","category-universite"],"_links":{"self":[{"href":"https:\/\/sabaudia-mrs.org\/index.php\/wp-json\/wp\/v2\/posts\/313","targetHints":{"allow":["GET"]}}],"collection":[{"href":"https:\/\/sabaudia-mrs.org\/index.php\/wp-json\/wp\/v2\/posts"}],"about":[{"href":"https:\/\/sabaudia-mrs.org\/index.php\/wp-json\/wp\/v2\/types\/post"}],"author":[{"embeddable":true,"href":"https:\/\/sabaudia-mrs.org\/index.php\/wp-json\/wp\/v2\/users\/1"}],"replies":[{"embeddable":true,"href":"https:\/\/sabaudia-mrs.org\/index.php\/wp-json\/wp\/v2\/comments?post=313"}],"version-history":[{"count":0,"href":"https:\/\/sabaudia-mrs.org\/index.php\/wp-json\/wp\/v2\/posts\/313\/revisions"}],"wp:featuredmedia":[{"embeddable":true,"href":"https:\/\/sabaudia-mrs.org\/index.php\/wp-json\/wp\/v2\/media\/311"}],"wp:attachment":[{"href":"https:\/\/sabaudia-mrs.org\/index.php\/wp-json\/wp\/v2\/media?parent=313"}],"wp:term":[{"taxonomy":"category","embeddable":true,"href":"https:\/\/sabaudia-mrs.org\/index.php\/wp-json\/wp\/v2\/categories?post=313"},{"taxonomy":"post_tag","embeddable":true,"href":"https:\/\/sabaudia-mrs.org\/index.php\/wp-json\/wp\/v2\/tags?post=313"}],"curies":[{"name":"wp","href":"https:\/\/api.w.org\/{rel}","templated":true}]}}