{"id":310,"date":"2012-04-20T20:57:24","date_gmt":"2012-04-20T18:57:24","guid":{"rendered":"http:\/\/savoue.patoue.fr\/2012\/04\/20\/un-nouveau-president-pour-luniversite-de-savoie\/"},"modified":"2012-04-20T20:57:24","modified_gmt":"2012-04-20T18:57:24","slug":"un-nouveau-president-pour-luniversite-de-savoie","status":"publish","type":"post","link":"https:\/\/sabaudia-mrs.org\/index.php\/2012\/04\/20\/un-nouveau-president-pour-luniversite-de-savoie\/","title":{"rendered":"Un nouveau pr\u00e9sident pour l&rsquo;universit\u00e9 de Savoie"},"content":{"rendered":"<div class=\"im\"><\/div>\n<div class=\"im\"><span style=\"font-size: 10pt;\">{jcomments on}Communiqu\u00e9 du MRS du 20\/04\/2012 :<\/span><\/div>\n<div class=\"im\"><span style=\"font-size: 10pt;\"><br \/><\/span><\/div>\n<div class=\"im\"><\/div>\n<div class=\"im\">\n<div><span style=\"font-size: 12pt;\"><img loading=\"lazy\" decoding=\"async\" class=\" alignright size-full wp-image-299\" style=\"margin: 10px; float: right;\" alt=\"marcoz\" src=\"http:\/\/sabaudr.cluster028.hosting.ovh.net\/wp-content\/uploads\/2013\/04\/marcoz.jpg\" height=\"228\" width=\"248\" srcset=\"https:\/\/sabaudia-mrs.org\/wp-content\/uploads\/2013\/04\/marcoz.jpg 493w, https:\/\/sabaudia-mrs.org\/wp-content\/uploads\/2013\/04\/marcoz-300x277.jpg 300w\" sizes=\"auto, (max-width: 248px) 100vw, 248px\" \/><span style=\"font-size: 10pt;\">Le nouveau conseil d&rsquo;administration de  l&rsquo;universit\u00e9 de Savoie a \u00e9lu ce mardi 17 avril son nouveau pr\u00e9sident :  Monsieur Denis Varaschin, au premier tour, par douze voix contre sept.<\/span><\/span><\/div>\n<p><span style=\"font-size: 10pt;\">Le Mouvement R\u00e9gion Savoie le salue et le f\u00e9licite. Nous avons appris  avec satisfaction cet \u00e9v\u00e8nement et souhaitons qu&rsquo;il marquera une rupture  avec la proc\u00e9dure de fusion-absorption Grenoble-Savoie engag\u00e9e par le  pr\u00e9sident sortant. Nous soutiendrons la nouvelle \u00e9quipe de direction dans sa volont\u00e9 de conserver en  Savoie une universit\u00e9 de plein droit. Nous avons eu r\u00e9cemment l&rsquo;occasion  de rappeler l&rsquo;importance de cette institution pour la vie  intellectuelle, culturelle et \u00e9conomique de notre r\u00e9gion <a href=\"#1\">[1]<\/a>. Pour la  Savoie, garder son Universit\u00e9 est aussi important que de garder sa Cour  d&rsquo;appel.<\/span><\/p>\n<p><span style=\"font-size: 10pt;\">L&rsquo;universit\u00e9 de Savoie, malgr\u00e9 sa petite taille, est, en termes de qualit\u00e9 de service, dans le peloton de t\u00eate des universit\u00e9s fran\u00e7aises. Small is beautifull ! <\/span><\/p>\n<\/div>\n<p><span style=\"font-size: 10pt;\">\u00a0<\/span><\/p>\n<div class=\"im\"><span style=\"font-size: 10pt;\">Il faut cesser d&rsquo;agiter le mythe du toujours plus grand, du toujours plus puissant. Cela ne concerne que l&rsquo;ego des dirigeants. Regardons autour de nous o\u00f9 se trouve le bien-vivre, l&rsquo;habitat de  qualit\u00e9, le meilleur niveau de vie&#8230; dans toutes les r\u00e9gions de l&rsquo;arc  alpin, cantons de Suisse, petites r\u00e9gions autonomes d&rsquo;Italie du nord, d&rsquo;Autriche  f\u00e9d\u00e9rale ou de Slov\u00e9nie. <\/span><\/div>\n<p>\u00a0<\/p>\n<p><!--more--><br \/>\n<br \/><span style=\"font-size: 10pt;\">La  Savoie prend de plus en plus de retard dans les domaines de l&rsquo;innovation  \u00e9conomique, des transports non polluants, de l&rsquo;\u00e9mancipation culturelle,  de la ma\u00eetrise de l&rsquo;urbanisme, de la prise en compte de la qualit\u00e9 de  vie&#8230; <\/span><br \/><span style=\"font-size: 10pt;\">Se fondre dans une r\u00e9gion Rh\u00f4ne-Alpes accentuera ce  d\u00e9clin. Les tentatives de prise de contr\u00f4le par Grenoble, puis par Rh\u00f4ne-Alpes de notre  Universit\u00e9 est symbolique \u00e0 cet \u00e9gard.<\/span><\/p>\n<p>\u00a0<\/p>\n<p><span style=\"font-size: 10pt;\">Dans quelques semaines, le tr\u00e8s avanc\u00e9 projet de Sillon alpin, mis en place  sous la houlette de Messieurs Destot, Collomb et Queyranne, pourrait venir parachever  le placement de la Savoie sous protectorat lyonnais et grenoblois.\u00a0 <\/span><\/p>\n<p><span style=\"font-size: 10pt;\">L&rsquo;universit\u00e9  de Savoie ne pouvait plus continuer avec un pr\u00e9sident qui avait sign\u00e9  l&rsquo;Idex <a href=\"#2\">[2]<\/a> et donc la fusion avec Grenoble. Le changement est prononc\u00e9. N\u00e9anmoins,  nous resterons tr\u00e8s vigilants. Si Rh\u00f4ne-Alpes continue \u00e0 couper les  vivres des subventions r\u00e9gionales de l&rsquo;UdS, les savoyards en tireront  vite les cons\u00e9quences. <\/span><\/p>\n<p><span style=\"font-size: 10pt;\">Une  fois de plus, il appara\u00eet que la solution la plus pragmatique et la plus coh\u00e9rente  pour g\u00e9rer efficacement les institutions de notre territoire passe par l&rsquo;\u00e9l\u00e9vation de l&rsquo;assembl\u00e9e des pays de Savoie en une r\u00e9gion \u00e0 part enti\u00e8re.<\/span><\/p>\n<p>\u00a0<\/p>\n<p style=\"text-align: right;\"><span style=\"font-size: 10pt;\"><strong>Pour le MRS,<\/strong><\/span><\/p>\n<p style=\"text-align: right;\"><span style=\"font-size: 10pt;\"><strong>Le Pr\u00e9sident,<\/strong><\/span><\/p>\n<p style=\"text-align: right;\"><span style=\"font-size: 10pt;\"><strong>No\u00ebl Communod<\/strong><\/span><\/p>\n<p style=\"text-align: left;\"><span style=\"font-size: 12pt;\"><span style=\"font-size: 10pt;\">_____________________________________________<\/span><\/span><\/p>\n<p><span style=\"font-size: 12pt;\"><span style=\"font-size: 10pt;\"><a name=\"1\"><\/a>[1] :<\/span><\/span> Dossier : \u00ab\u00a0L\u2019universit\u00e9 de Savoie\u00a0 a-t-elle encore une chance ?\u00a0\u00bb disponible \u00e0 l&rsquo;adresse suivante : <a href=\"savoie\/233.html\">http:\/\/regionsavoie.org\/savoie\/233.html<\/a><\/p>\n<p>et article : \u00ab\u00a0l&rsquo;autonomie de l&rsquo;universit\u00e9 de Savoie toujours en question\u00a0\u00bb :<a href=\"reorganisation-des-institutions\/238.html\"> http:\/\/regionsavoie.org\/reorganisation-des-institutions\/238.html<\/a><\/p>\n<p><a name=\"2\"><\/a>[2] : Projet \u00ab\u00a0Initiative d\u2019excellence Grenoble Alpes Universit\u00e9 de l\u2019Innovation\u00a0\u00bb, qui pr\u00e9voyait une gouvernance unique des universit\u00e9s engag\u00e9es \u00e0 un horizon de quatre ans.<\/p>\n","protected":false},"excerpt":{"rendered":"<p>{jcomments on}Communiqu\u00e9 du MRS du 20\/04\/2012 : Le nouveau conseil d&rsquo;administration de l&rsquo;universit\u00e9 de Savoie a \u00e9lu ce mardi 17 avril son nouveau pr\u00e9sident : Monsieur Denis Varaschin, au premier tour, par douze voix contre sept. Le Mouvement R\u00e9gion Savoie le salue et le f\u00e9licite. Nous avons appris avec satisfaction cet \u00e9v\u00e8nement et souhaitons qu&rsquo;il &#8230; <a title=\"Un nouveau pr\u00e9sident pour l&rsquo;universit\u00e9 de Savoie\" class=\"read-more\" href=\"https:\/\/sabaudia-mrs.org\/index.php\/2012\/04\/20\/un-nouveau-president-pour-luniversite-de-savoie\/\" aria-label=\"En savoir plus sur Un nouveau pr\u00e9sident pour l&rsquo;universit\u00e9 de Savoie\">Lire la suite<\/a><\/p>\n","protected":false},"author":1,"featured_media":299,"comment_status":"open","ping_status":"open","sticky":false,"template":"","format":"standard","meta":{"footnotes":""},"categories":[57],"tags":[],"class_list":["post-310","post","type-post","status-publish","format-standard","has-post-thumbnail","hentry","category-universite"],"_links":{"self":[{"href":"https:\/\/sabaudia-mrs.org\/index.php\/wp-json\/wp\/v2\/posts\/310","targetHints":{"allow":["GET"]}}],"collection":[{"href":"https:\/\/sabaudia-mrs.org\/index.php\/wp-json\/wp\/v2\/posts"}],"about":[{"href":"https:\/\/sabaudia-mrs.org\/index.php\/wp-json\/wp\/v2\/types\/post"}],"author":[{"embeddable":true,"href":"https:\/\/sabaudia-mrs.org\/index.php\/wp-json\/wp\/v2\/users\/1"}],"replies":[{"embeddable":true,"href":"https:\/\/sabaudia-mrs.org\/index.php\/wp-json\/wp\/v2\/comments?post=310"}],"version-history":[{"count":0,"href":"https:\/\/sabaudia-mrs.org\/index.php\/wp-json\/wp\/v2\/posts\/310\/revisions"}],"wp:featuredmedia":[{"embeddable":true,"href":"https:\/\/sabaudia-mrs.org\/index.php\/wp-json\/wp\/v2\/media\/299"}],"wp:attachment":[{"href":"https:\/\/sabaudia-mrs.org\/index.php\/wp-json\/wp\/v2\/media?parent=310"}],"wp:term":[{"taxonomy":"category","embeddable":true,"href":"https:\/\/sabaudia-mrs.org\/index.php\/wp-json\/wp\/v2\/categories?post=310"},{"taxonomy":"post_tag","embeddable":true,"href":"https:\/\/sabaudia-mrs.org\/index.php\/wp-json\/wp\/v2\/tags?post=310"}],"curies":[{"name":"wp","href":"https:\/\/api.w.org\/{rel}","templated":true}]}}