{"id":305,"date":"2013-01-10T07:33:30","date_gmt":"2013-01-10T06:33:30","guid":{"rendered":"http:\/\/savoue.patoue.fr\/2013\/01\/10\/lautonomie-des-universites-deja-tres-relative-sera-t-elle-mise-sous-tutelle\/"},"modified":"2013-01-10T07:33:30","modified_gmt":"2013-01-10T06:33:30","slug":"lautonomie-des-universites-deja-tres-relative-sera-t-elle-mise-sous-tutelle","status":"publish","type":"post","link":"https:\/\/sabaudia-mrs.org\/index.php\/2013\/01\/10\/lautonomie-des-universites-deja-tres-relative-sera-t-elle-mise-sous-tutelle\/","title":{"rendered":"L\u2019autonomie des universit\u00e9s, d\u00e9j\u00e0 tr\u00e8s relative, sera-t-elle mise sous tutelle ?"},"content":{"rendered":"<p><span style=\"font-size: 10pt;\"><img loading=\"lazy\" decoding=\"async\" class=\" alignleft size-full wp-image-304\" style=\"margin: 5px; float: left;\" alt=\"uds\" src=\"http:\/\/sabaudr.cluster028.hosting.ovh.net\/wp-content\/uploads\/2013\/01\/uds.jpg\" height=\"140\" width=\"140\" srcset=\"https:\/\/sabaudia-mrs.org\/wp-content\/uploads\/2013\/01\/uds.jpg 225w, https:\/\/sabaudia-mrs.org\/wp-content\/uploads\/2013\/01\/uds-150x150.jpg 150w\" sizes=\"auto, (max-width: 140px) 100vw, 140px\" \/>Les  syndicats universitaires ont \u00e9t\u00e9 r\u00e9unis 19 d\u00e9cembre 2012 et une  pr\u00e9sentation de l\u2019avant-projet de loi sur les Universit\u00e9s leur a \u00e9t\u00e9  faite. Envoy\u00e9 au conseil d\u2019Etat fin janvier et soumis au conseil des  ministres en mars, il serait vot\u00e9 en juin 2013.<\/span><\/p>\n<p align=\"JUSTIFY\"><span style=\"font-size: 10pt;\">La  r\u00e9forme Sarkozy avait apport\u00e9 une autonomie toute relative aux  Universit\u00e9s et l\u2019instauration des IDEX avait cr\u00e9\u00e9 un syst\u00e8me de pression  tel que l\u2019Etat pouvait imposer ses exigences de regroupement,  d\u2019\u00e9conomies et de choix en \u00e9change des labels et subventions qu\u2019il  accordait. <br \/><\/span><\/p>\n<p align=\"JUSTIFY\"><span style=\"font-size: 10pt;\">Le projet de r\u00e9forme Fioraso\/Hollande est beaucoup plus direct et explicite\u00a0: <\/span><\/p>\n<p><!--more--><\/p>\n<p align=\"JUSTIFY\"><span style=\"font-size: 10pt;\"><br \/><\/span><\/p>\n<p align=\"JUSTIFY\"><span style=\"font-size: 10pt;\"><em><strong>\u00ab\u00a0Les  universit\u00e9s seront regroup\u00e9es en grandes universit\u00e9s f\u00e9d\u00e9ratrices, \u00e0  raison d\u2019une universit\u00e9 par r\u00e9gion ou d\u2019une universit\u00e9 par acad\u00e9mie pour  les r\u00e9gions PACA et Rh\u00f4ne Alpes, qui comptent 2 acad\u00e9mies. La r\u00e9gion  Ile de France est un cas \u00e0 part qui sera trait\u00e9 de fa\u00e7on sp\u00e9cifique. Ces  grandes universit\u00e9s regrouperont des universit\u00e9s existantes, des  \u00e9coles, des instituts et les autres \u00e9tablissements (\u00e9cole de commerce,  enseignement priv\u00e9) priv\u00e9s y seront rattach\u00e9s sans en faire partie.\u00a0\u00bb<\/strong><\/em><\/span><\/p>\n<p align=\"JUSTIFY\"><span style=\"font-size: 10pt;\">En  clair, nous retrouvons le projet port\u00e9 \u00e0 deux reprises par le Pr\u00e9sident  de la r\u00e9gion Rh\u00f4ne-Alpes en mai puis en septembre 2012, et auquel nous  nous \u00e9tions oppos\u00e9s. Peut-\u00eatre s\u2019est-il lui-m\u00eame impliqu\u00e9 dans la  r\u00e9daction de ce projet. Il faut dire que sa r\u00e9gion a apport\u00e9 depuis 10  ans des sommes consid\u00e9rables (pr\u00e8s d\u2019un milliard \u20ac) au p\u00f4le  micro\u00e9lectronique de Grenoble dont Madame Fioraso \u00e9tait le porteur\u2026<\/span><\/p>\n<p align=\"JUSTIFY\"><span style=\"font-size: 10pt;\">En clair aussi, pour Rh\u00f4ne-Alpes, il y aura deux Universit\u00e9s\u00a0: Grenoble et Lyon. <strong>L\u2019Universit\u00e9 de Savoie disparaitrait, purement et simplement int\u00e9gr\u00e9e dans celle de Grenoble<\/strong>.<\/span><\/p>\n<p align=\"JUSTIFY\"><span style=\"font-size: 10pt;\">Comment les Savoyards peuvent-ils accepter cela\u00a0?<\/span><\/p>\n<p align=\"JUSTIFY\"><span style=\"font-size: 10pt;\"><em><strong>\u00ab\u00a0Les  PRES sont appel\u00e9s \u00e0 dispara\u00eetre. Les statuts juridiques des EPCS, RTRA  RTRS sont appel\u00e9s \u00e0 dispara\u00eetre. Les Fondations seront regroup\u00e9es \u00e0  raison d\u2019une fondation par grande universit\u00e9. Cependant aucun des  projets en cours n\u2019est arr\u00eat\u00e9.<\/strong><\/em><\/span><\/p>\n<p align=\"JUSTIFY\"><span style=\"font-size: 10pt;\"><em><strong>Ce  sera l\u2019universit\u00e9 f\u00e9d\u00e9ratrice qui n\u00e9gociera le contrat avec l\u2019Etat et  qui recevra le budget. Le contrat de site fera l\u2019objet d\u2019une r\u00e9gulation  nationale qui mobilisera tous les op\u00e9rateurs r\u00e9gionaux. Mais ils seront  sign\u00e9s uniquement avec l\u2019Etat et suivis de conventions avec les  r\u00e9gions.\u00a0\u00bb<\/strong><\/em><\/span><\/p>\n<p align=\"JUSTIFY\"><span style=\"font-size: 10pt;\"><strong>Cet avant-projet pose de nombreuses questions\u00a0:<\/strong><\/span><\/p>\n<ul>\n<li>\n<p align=\"JUSTIFY\"><span style=\"font-size: 10pt;\">Quels  types de relations existeront de fait entre les diff\u00e9rents niveaux\u00a0:  (universit\u00e9 f\u00e9d\u00e9ratrice et composantes), quelles stabilit\u00e9s et  efficacit\u00e9 pour ces tr\u00e8s grands ensembles\u00a0?<\/span><\/p>\n<\/li>\n<li>\n<p align=\"JUSTIFY\"><span style=\"font-size: 10pt;\">Y  fera-t-on une meilleure recherche, un meilleur enseignement\u00a0? On sait  tr\u00e8s bien que plus c\u2019est gros, plus c\u2019est anonyme et le sentiment  d\u2019appartenance n\u2019existe plus.<\/span><\/p>\n<\/li>\n<li>\n<p align=\"JUSTIFY\"><span style=\"font-size: 10pt;\">En fait, <strong>c\u2019est l\u2019Etat qui reprend la main<\/strong> en limitant de fa\u00e7on consid\u00e9rable ses interlocuteurs. Aucune fiscalit\u00e9  n\u2019\u00e9tant pr\u00e9vue au profit des r\u00e9gions, il est certain que l\u2019Etat leur  donnera les directives avec le financement et, \u00e0 l\u2019instar du social dans  les d\u00e9partements, l\u2019autonomie des r\u00e9gions sur cette comp\u00e9tence sera  encore plus faible qu\u2019auparavant. Les r\u00e9gions auront la m\u00eame mission que  les agences r\u00e9gionales de sant\u00e9 qui jonglent avec les h\u00f4pitaux pour  \u00e9conomiser en n\u2019h\u00e9sitant pas \u00e0 fermer des services.<\/span><\/p>\n<\/li>\n<\/ul>\n<p align=\"JUSTIFY\"><span style=\"font-size: 10pt;\">La  future loi pourra \u00eatre un outil gouvernemental au service de la  politique d\u2019aust\u00e9rit\u00e9 pour le service public\u00a0; une occasion rat\u00e9e de  donner une v\u00e9ritable autonomie aux Universit\u00e9s comme aux r\u00e9gions.<\/span><\/p>\n<p align=\"JUSTIFY\"><span style=\"font-size: 10pt;\"><em><strong>Il existe une solution\u00a0pour l\u2019Universit\u00e9 de Savoie\u00a0:<\/strong><\/em><\/span><\/p>\n<p align=\"JUSTIFY\"><span style=\"font-size: 10pt;\"><em><strong>Si  ce projet \u00e9tait maintenu et vot\u00e9, la seule fa\u00e7on de r\u00e9agir, comme pour  faire face \u00e0 la m\u00e9tropolisation qui va nous assaillir de toutes  parts\u00a0(Grenoble au sud et la grande m\u00e9tropole lyonnaise \u00e0 l\u2019ouest), ce  serait que les pays de Savoie se constituent enfin en r\u00e9gion \u00e0 part  enti\u00e8re. Encore une fois, l&rsquo;actualit\u00e9 d\u00e9montre\u00a0que nous devrions \u00eatre  pr\u00eat pour prendre\u00a0en charge des comp\u00e9tences\u00a0que la r\u00e9gion\u00a0Rh\u00f4ne-Alpes  n&rsquo;assume pas sur notre\u00a0territoire, car elle pr\u00e9f\u00e8re les centraliser. Ce  sont les citoyens savoyards qui une fois de plus se priveront  d&rsquo;un\u00a0service public pourtant essentiel \u00e0 l&rsquo;\u00e9panouissement de notre  soci\u00e9t\u00e9.<\/strong><\/em><\/span><\/p>\n<p align=\"JUSTIFY\"><span style=\"font-size: 10pt;\"><em><strong><br \/><\/strong><\/em><\/span><\/p>\n<p align=\"JUSTIFY\"><span style=\"font-size: 10pt;\"><strong>N<\/strong><strong>C<\/strong><em><strong>\u00a0<\/strong><\/em><\/span><\/p>\n<p align=\"JUSTIFY\"><span style=\"font-size: 10pt;\"><em><strong>{jcomments on}<br \/><\/strong><\/em><\/span><\/p>\n","protected":false},"excerpt":{"rendered":"<p>Les syndicats universitaires ont \u00e9t\u00e9 r\u00e9unis 19 d\u00e9cembre 2012 et une pr\u00e9sentation de l\u2019avant-projet de loi sur les Universit\u00e9s leur a \u00e9t\u00e9 faite. Envoy\u00e9 au conseil d\u2019Etat fin janvier et soumis au conseil des ministres en mars, il serait vot\u00e9 en juin 2013. La r\u00e9forme Sarkozy avait apport\u00e9 une autonomie toute relative aux Universit\u00e9s et &#8230; <a title=\"L\u2019autonomie des universit\u00e9s, d\u00e9j\u00e0 tr\u00e8s relative, sera-t-elle mise sous tutelle ?\" class=\"read-more\" href=\"https:\/\/sabaudia-mrs.org\/index.php\/2013\/01\/10\/lautonomie-des-universites-deja-tres-relative-sera-t-elle-mise-sous-tutelle\/\" aria-label=\"En savoir plus sur L\u2019autonomie des universit\u00e9s, d\u00e9j\u00e0 tr\u00e8s relative, sera-t-elle mise sous tutelle ?\">Lire la suite<\/a><\/p>\n","protected":false},"author":1,"featured_media":304,"comment_status":"open","ping_status":"open","sticky":false,"template":"","format":"standard","meta":{"footnotes":""},"categories":[57],"tags":[],"class_list":["post-305","post","type-post","status-publish","format-standard","has-post-thumbnail","hentry","category-universite"],"_links":{"self":[{"href":"https:\/\/sabaudia-mrs.org\/index.php\/wp-json\/wp\/v2\/posts\/305","targetHints":{"allow":["GET"]}}],"collection":[{"href":"https:\/\/sabaudia-mrs.org\/index.php\/wp-json\/wp\/v2\/posts"}],"about":[{"href":"https:\/\/sabaudia-mrs.org\/index.php\/wp-json\/wp\/v2\/types\/post"}],"author":[{"embeddable":true,"href":"https:\/\/sabaudia-mrs.org\/index.php\/wp-json\/wp\/v2\/users\/1"}],"replies":[{"embeddable":true,"href":"https:\/\/sabaudia-mrs.org\/index.php\/wp-json\/wp\/v2\/comments?post=305"}],"version-history":[{"count":0,"href":"https:\/\/sabaudia-mrs.org\/index.php\/wp-json\/wp\/v2\/posts\/305\/revisions"}],"wp:featuredmedia":[{"embeddable":true,"href":"https:\/\/sabaudia-mrs.org\/index.php\/wp-json\/wp\/v2\/media\/304"}],"wp:attachment":[{"href":"https:\/\/sabaudia-mrs.org\/index.php\/wp-json\/wp\/v2\/media?parent=305"}],"wp:term":[{"taxonomy":"category","embeddable":true,"href":"https:\/\/sabaudia-mrs.org\/index.php\/wp-json\/wp\/v2\/categories?post=305"},{"taxonomy":"post_tag","embeddable":true,"href":"https:\/\/sabaudia-mrs.org\/index.php\/wp-json\/wp\/v2\/tags?post=305"}],"curies":[{"name":"wp","href":"https:\/\/api.w.org\/{rel}","templated":true}]}}