{"id":296,"date":"2011-07-06T18:14:06","date_gmt":"2011-07-06T16:14:06","guid":{"rendered":"http:\/\/savoue.patoue.fr\/2011\/07\/06\/les-evenements-du-lyon-turin\/"},"modified":"2011-07-06T18:14:06","modified_gmt":"2011-07-06T16:14:06","slug":"les-evenements-du-lyon-turin","status":"publish","type":"post","link":"https:\/\/sabaudia-mrs.org\/index.php\/2011\/07\/06\/les-evenements-du-lyon-turin\/","title":{"rendered":"Les \u00e9v\u00e8nements du Lyon-Turin"},"content":{"rendered":"<p><span style=\"font-size: 10pt;\">Les m\u00e9dias fran\u00e7ais sont d&rsquo;une objectivit\u00e9 extraordinaire. Je ne parlerai pas de mensonges, mais d&rsquo;omissions. C&rsquo;est dans le choix des sujets trait\u00e9s que l&rsquo;on donne de l&rsquo;importance \u00e0 ce que l&rsquo;on souhaite, et que l&rsquo;on dissimule sous le tapis ce qui d\u00e9range.\u00a0 Les d\u00e9boires judiciaires d&rsquo;un homme politique fran\u00e7ais \u00e0 New-York, rien de tel pour enfumer l&rsquo;actualit\u00e9&#8230;<\/span><\/p>\n<p><span style=\"font-size: 10pt;\">A  la fin des ann\u00e9es cinquante, nos valeureux soldats partaient \u00ab\u00a0pacifier\u00a0\u00bb  l&rsquo;Alg\u00e9rie. Ils particip\u00e8rent \u00e0 quelques \u00e9v\u00e8nements. En mai 1968, il y  eu quelques \u00e9v\u00e8nements aussi&#8230; En 1986, un gentil nuage  radio-sympathique contourna  notre fronti\u00e8re.<\/span><\/p>\n<div class=\"im\"><\/div>\n<p><span style=\"font-size: 10pt;\"> Plus r\u00e9cemment, une plan\u00e8te a connu de  graves \u00e9meutes de la faim, mais ce ne devait pas \u00eatre la notre.  L&rsquo;Islande a connu des \u00e9ruptions, jamais de r\u00e9volution. D&rsquo;ailleurs, on se  demande bien pourquoi les Espagnols pourraient s&rsquo;indigner. <\/span><\/p>\n<p><span style=\"font-size: 10pt;\">Le  Val de Suze est une jolie vall\u00e9e alpine, juste derri\u00e8re la fronti\u00e8re.  Elle est appel\u00e9e \u00e0 \u00eatre\u00a0 d\u00e9velopp\u00e9e prochainement. Elle sortira enfin du  moyen \u00e2ge et de l&rsquo;agriculture vivri\u00e8re gr\u00e2ce \u00e0 une ligne grande vitesse rejoignant  Lyon \u00e0 Turin. C&rsquo;est un paradis annonc\u00e9 pour les investisseurs, mais  n&rsquo;en parlons pas trop&#8230; Elle est tr\u00e8s tranquille, quoique, en raison  d&rsquo;orages annonc\u00e9s, il soit\u00a0vivement d\u00e9conseill\u00e9 d&rsquo;y faire du camping en ce moment.<\/span><\/p>\n<p><span style=\"font-size: 10pt;\">Aujourd&rsquo;hui heureusement, il y a aussi des blogs pour s&rsquo;informer&#8230;<\/span><\/p>\n<p><span style=\"font-size: 10pt;\">LB<\/span><\/p>\n<div class=\"im\">\n<p><a class=\"highslide\" href=\"http:\/\/sabaudr.cluster028.hosting.ovh.net\/wp-content\/uploads\/2011\/07\/no_tav_07b.jpg\" target=\"_blank\" rel=\"noopener\"><span style=\"font-size: 10pt;\"><img loading=\"lazy\" decoding=\"async\" style=\"margin: 10px;\" src=\"http:\/\/sabaudr.cluster028.hosting.ovh.net\/wp-content\/uploads\/2011\/07\/no_tav_07b.jpg\" alt=\"Source Photo : no TAV\" class=\"caption\" height=\"162\" width=\"270\" \/><\/span><\/a><\/p>\n<\/div>\n<p>\u00a0<\/p>\n<p style=\"text-align: left;\"><a href=\"http:\/\/www.lepost.fr\/article\/2011\/06\/28\/2535703_lgv-lyon-turin-de-la-democrature-a-la-guerre-civile.html\" rel=\"nofollow noopener\" target=\"_blank\"><span style=\"font-size: 10pt;\">\u00a0<\/span><\/a><span style=\"font-size: 10pt;\"><a href=\"http:\/\/www.centpapiers.com\/100-000-a-dire-non\/75553\" rel=\"nofollow noopener\" target=\"_blank\">http:\/\/www.centpapiers.com\/<wbr><\/wbr>100-000-a-dire-non\/75553<\/a><\/span><br \/><span style=\"font-size: 10pt;\"><a href=\"http:\/\/www.lepost.fr\/article\/2011\/06\/28\/2535703_lgv-lyon-turin-de-la-democrature-a-la-guerre-civile.html\" rel=\"nofollow noopener\" target=\"_blank\">http:\/\/www.lepost.fr<\/a><\/span><a href=\"http:\/\/www.lepost.fr\/article\/2011\/06\/28\/2535703_lgv-lyon-turin-de-la-democrature-a-la-guerre-civile.html\" rel=\"nofollow noopener\" target=\"_blank\"><span style=\"font-size: 10pt;\">\u00a0<\/span><\/a><span style=\"font-size: 10pt;\"><a href=\"http:\/\/www.lepost.fr\/article\/2011\/06\/28\/2535703_lgv-lyon-turin-de-la-democrature-a-la-guerre-civile.html\" rel=\"nofollow noopener\" target=\"_blank\">\/article\/<wbr><\/wbr>2011\/06\/28\/2535703_lgv-lyon-<wbr><\/wbr>turin-de-la-democrature-a-la-<wbr><\/wbr>guerre-civile.html<\/a><\/span><br \/><span style=\"font-size: 10pt;\"><a href=\"http:\/\/www.20minutes.fr\/ledirect\/752207\/plus-180-blesses-manifestation-contre-ligne-tgv-lyon-turin\" rel=\"nofollow noopener\" target=\"_blank\">http:\/\/www.20minutes.fr\/<wbr><\/wbr>ledirect\/752207\/plus-180-<wbr><\/wbr>blesses-manifestation-contre-<wbr><\/wbr>ligne-tgv-lyon-turin<\/a><\/span><br \/><span style=\"font-size: 10pt;\"><a href=\"http:\/\/www.lepost.fr\/article\/2011\/07\/04\/2540014_lgv-lyon-turin-quand-la-pieuvre-s-agite.html\" rel=\"nofollow noopener\" target=\"_blank\">http:\/\/www.lepost.fr\/article\/<wbr><\/wbr>2011\/07\/04\/2540014_lgv-lyon-<wbr><\/wbr>turin-quand-la-pieuvre-s-<wbr><\/wbr>agite.html<\/a><\/span><br \/><span style=\"font-size: 10pt;\"><a href=\"http:\/\/www.tsr.ch\/info\/monde\/3247424-tgv-lyon-turin-de-violents-heurts-entre-policiers-et-opposants-ont-eu-lieu-sur-le-chantier-au-val-de-suse-i.html\" rel=\"nofollow noopener\" target=\"_blank\">http:\/\/www.tsr.ch\/info\/monde\/<wbr><\/wbr>3247424-tgv-lyon-turin-de-<wbr><\/wbr>violents-heurts-entre-<wbr><\/wbr>policiers-et-opposants-ont-eu-<wbr><\/wbr>lieu-sur-le-chantier-au-val-<wbr><\/wbr>de-suse-i.html<\/a><\/span><br \/><span style=\"font-size: 10pt;\"><a href=\"http:\/\/www.kabyle.com\/articles\/dans-le-val-de-suze-le-combat-des-arp%C3%A9tars-amazighs-des-alpes-17732-30062011.html\" rel=\"nofollow noopener\" target=\"_blank\">http:\/\/www.kabyle.com\/<wbr><\/wbr>articles\/dans-le-val-de-suze-<wbr><\/wbr>le-combat-des-arp%C3%A9tars-<wbr><\/wbr>amazighs-des-alpes-17732-<wbr><\/wbr>30062011.html<\/a><\/span><\/p>\n","protected":false},"excerpt":{"rendered":"<p>Les m\u00e9dias fran\u00e7ais sont d&rsquo;une objectivit\u00e9 extraordinaire. Je ne parlerai pas de mensonges, mais d&rsquo;omissions. C&rsquo;est dans le choix des sujets trait\u00e9s que l&rsquo;on donne de l&rsquo;importance \u00e0 ce que l&rsquo;on souhaite, et que l&rsquo;on dissimule sous le tapis ce qui d\u00e9range.\u00a0 Les d\u00e9boires judiciaires d&rsquo;un homme politique fran\u00e7ais \u00e0 New-York, rien de tel pour &#8230; <a title=\"Les \u00e9v\u00e8nements du Lyon-Turin\" class=\"read-more\" href=\"https:\/\/sabaudia-mrs.org\/index.php\/2011\/07\/06\/les-evenements-du-lyon-turin\/\" aria-label=\"En savoir plus sur Les \u00e9v\u00e8nements du Lyon-Turin\">Lire la suite<\/a><\/p>\n","protected":false},"author":1,"featured_media":295,"comment_status":"open","ping_status":"open","sticky":false,"template":"","format":"standard","meta":{"footnotes":""},"categories":[54],"tags":[180],"class_list":["post-296","post","type-post","status-publish","format-standard","has-post-thumbnail","hentry","category-transports-lt","tag-lyon-turin-suze-tgv-feroutage"],"_links":{"self":[{"href":"https:\/\/sabaudia-mrs.org\/index.php\/wp-json\/wp\/v2\/posts\/296","targetHints":{"allow":["GET"]}}],"collection":[{"href":"https:\/\/sabaudia-mrs.org\/index.php\/wp-json\/wp\/v2\/posts"}],"about":[{"href":"https:\/\/sabaudia-mrs.org\/index.php\/wp-json\/wp\/v2\/types\/post"}],"author":[{"embeddable":true,"href":"https:\/\/sabaudia-mrs.org\/index.php\/wp-json\/wp\/v2\/users\/1"}],"replies":[{"embeddable":true,"href":"https:\/\/sabaudia-mrs.org\/index.php\/wp-json\/wp\/v2\/comments?post=296"}],"version-history":[{"count":0,"href":"https:\/\/sabaudia-mrs.org\/index.php\/wp-json\/wp\/v2\/posts\/296\/revisions"}],"wp:featuredmedia":[{"embeddable":true,"href":"https:\/\/sabaudia-mrs.org\/index.php\/wp-json\/wp\/v2\/media\/295"}],"wp:attachment":[{"href":"https:\/\/sabaudia-mrs.org\/index.php\/wp-json\/wp\/v2\/media?parent=296"}],"wp:term":[{"taxonomy":"category","embeddable":true,"href":"https:\/\/sabaudia-mrs.org\/index.php\/wp-json\/wp\/v2\/categories?post=296"},{"taxonomy":"post_tag","embeddable":true,"href":"https:\/\/sabaudia-mrs.org\/index.php\/wp-json\/wp\/v2\/tags?post=296"}],"curies":[{"name":"wp","href":"https:\/\/api.w.org\/{rel}","templated":true}]}}