{"id":286,"date":"2014-10-05T13:07:58","date_gmt":"2014-10-05T11:07:58","guid":{"rendered":"http:\/\/savoue.patoue.fr\/2014\/10\/05\/conference-debat-sur-la-reforme-territoriale-et-ses-consequences-en-pays-de-savoie\/"},"modified":"2014-10-05T13:07:58","modified_gmt":"2014-10-05T11:07:58","slug":"conference-debat-sur-la-reforme-territoriale-et-ses-consequences-en-pays-de-savoie","status":"publish","type":"post","link":"https:\/\/sabaudia-mrs.org\/index.php\/2014\/10\/05\/conference-debat-sur-la-reforme-territoriale-et-ses-consequences-en-pays-de-savoie\/","title":{"rendered":"Conf\u00e9rence &#8211; d\u00e9bat sur la r\u00e9forme territoriale et ses cons\u00e9quences en Pays de Savoie"},"content":{"rendered":"<p>Afin d\u2019informer et d\u2019impliquer les habitants de la Savoie sur les perspectives de nos territoires, le MRS organisera plusieurs conf\u00e9rences-d\u00e9bats dans les pays de Savoie en parall\u00e8le des discussions au parlement sur la r\u00e9forme territoriale.<\/p>\n<p>Le MRS est assez critique sur cette r\u00e9forme territoriale et la fa\u00e7on dont elle est conduite ; dans ce contexte, les pays de Savoie ne peuvent plus rester dans l\u2019attentisme et doivent devenir pro-actifs afin de conserver au plus pr\u00e8s, c\u2019est-\u00e0-dire en Savoie, les voies et moyens de d\u00e9cisions pour l\u2019avenir m\u00eame de nos territoires.<\/p>\n<p>Dans cet esprit, les propositions faites par Herv\u00e9 Gaymard et Christian Monteil de fusion des d\u00e9partements et de cr\u00e9ation d\u2019une collectivit\u00e9 territoriale \u00e0 statut sp\u00e9cifique sont une base de travail. Il faut que la Savoie r\u00e9unie continue \u00e0 avoir une existence, des comp\u00e9tences, des perspectives, un dialogue direct avec ses voisins suisses ou italiens, les moyens de soutenir son \u00e9conomie\u2026 Elle doit faire contrepoids \u00e0 ces monstrueuses maxi-r\u00e9gion porteuses de bureaucratie.<\/p>\n<p>\u00a0<\/p>\n<p><img loading=\"lazy\" decoding=\"async\" class=\" size-full wp-image-284\" alt=\"tract\" height=\"428\" width=\"300\" src=\"http:\/\/sabaudr.cluster028.hosting.ovh.net\/wp-content\/uploads\/2014\/10\/tract.png\" style=\"display: block; margin-left: auto; margin-right: auto;\" srcset=\"https:\/\/sabaudia-mrs.org\/wp-content\/uploads\/2014\/10\/tract.png 523w, https:\/\/sabaudia-mrs.org\/wp-content\/uploads\/2014\/10\/tract-210x300.png 210w\" sizes=\"auto, (max-width: 300px) 100vw, 300px\" \/><\/p>\n<p><!--more--><\/p>\n<p>\u00a0<\/p>\n<p>Nous avons invit\u00e9 un certain nombre d\u2019\u00e9lus de tous bords pour ce d\u00e9bat ; cependant, ce d\u00e9bat ne doit pas rester une affaire entre \u00e9lus ; cette organisation territoriale concerne tous les citoyens et il faut en d\u00e9battre tous ensemble.<\/p>\n<p><strong>Venez d\u00e9battre de ce projet important qui va venir prochainement au parlement et qui concerne directement nos territoires savoyards :<\/strong><\/p>\n<p style=\"text-align: center;\"><span style=\"color: #ff0000;\"><strong>Vendredi 10 Octobre \u00e0 19h30<\/strong><\/span><\/p>\n<p style=\"text-align: center;\"><span style=\"color: #ff0000;\"><strong>Salle de r\u00e9union du Palais des Congr\u00e8s d\u2019Aix les Bains<\/strong><\/span><\/p>\n<p style=\"text-align: center;\">(<a href=\"http:\/\/www.aixlesbains-congres.com\/cartes-et-acces-22-1.html\" target=\"_blank\" rel=\"noopener\">http:\/\/www.aixlesbains-congres.com\/cartes-et-acces-22-1.html<\/a>)<\/p>\n<p style=\"text-align: center;\"><strong><br \/><\/strong><\/p>\n<p>Une autre r\u00e9union de m\u00eame type aura lieu \u00e0 <strong>Annecy (salle Pierre Lamy) vendredi 24 octobre \u00e019h30.<\/strong><\/p>\n","protected":false},"excerpt":{"rendered":"<p>Afin d\u2019informer et d\u2019impliquer les habitants de la Savoie sur les perspectives de nos territoires, le MRS organisera plusieurs conf\u00e9rences-d\u00e9bats dans les pays de Savoie en parall\u00e8le des discussions au parlement sur la r\u00e9forme territoriale. Le MRS est assez critique sur cette r\u00e9forme territoriale et la fa\u00e7on dont elle est conduite ; dans ce contexte, &#8230; <a title=\"Conf\u00e9rence &#8211; d\u00e9bat sur la r\u00e9forme territoriale et ses cons\u00e9quences en Pays de Savoie\" class=\"read-more\" href=\"https:\/\/sabaudia-mrs.org\/index.php\/2014\/10\/05\/conference-debat-sur-la-reforme-territoriale-et-ses-consequences-en-pays-de-savoie\/\" aria-label=\"En savoir plus sur Conf\u00e9rence &#8211; d\u00e9bat sur la r\u00e9forme territoriale et ses cons\u00e9quences en Pays de Savoie\">Lire la suite<\/a><\/p>\n","protected":false},"author":1,"featured_media":284,"comment_status":"open","ping_status":"open","sticky":false,"template":"","format":"standard","meta":{"footnotes":""},"categories":[21],"tags":[133,159,187,205,207,224],"class_list":["post-286","post","type-post","status-publish","format-standard","has-post-thumbnail","hentry","category-reforme-territoriale-2014","tag-debat","tag-gaymard","tag-monteil","tag-reforme-territoriale","tag-region-savoie","tag-savoie"],"_links":{"self":[{"href":"https:\/\/sabaudia-mrs.org\/index.php\/wp-json\/wp\/v2\/posts\/286","targetHints":{"allow":["GET"]}}],"collection":[{"href":"https:\/\/sabaudia-mrs.org\/index.php\/wp-json\/wp\/v2\/posts"}],"about":[{"href":"https:\/\/sabaudia-mrs.org\/index.php\/wp-json\/wp\/v2\/types\/post"}],"author":[{"embeddable":true,"href":"https:\/\/sabaudia-mrs.org\/index.php\/wp-json\/wp\/v2\/users\/1"}],"replies":[{"embeddable":true,"href":"https:\/\/sabaudia-mrs.org\/index.php\/wp-json\/wp\/v2\/comments?post=286"}],"version-history":[{"count":0,"href":"https:\/\/sabaudia-mrs.org\/index.php\/wp-json\/wp\/v2\/posts\/286\/revisions"}],"wp:featuredmedia":[{"embeddable":true,"href":"https:\/\/sabaudia-mrs.org\/index.php\/wp-json\/wp\/v2\/media\/284"}],"wp:attachment":[{"href":"https:\/\/sabaudia-mrs.org\/index.php\/wp-json\/wp\/v2\/media?parent=286"}],"wp:term":[{"taxonomy":"category","embeddable":true,"href":"https:\/\/sabaudia-mrs.org\/index.php\/wp-json\/wp\/v2\/categories?post=286"},{"taxonomy":"post_tag","embeddable":true,"href":"https:\/\/sabaudia-mrs.org\/index.php\/wp-json\/wp\/v2\/tags?post=286"}],"curies":[{"name":"wp","href":"https:\/\/api.w.org\/{rel}","templated":true}]}}