{"id":285,"date":"2014-10-20T21:42:51","date_gmt":"2014-10-20T19:42:51","guid":{"rendered":"http:\/\/savoue.patoue.fr\/2014\/10\/20\/conference-debat-qlavenir-de-la-savoie-est-il-menace-par-la-reforme-territoriale-q\/"},"modified":"2014-10-20T21:42:51","modified_gmt":"2014-10-20T19:42:51","slug":"conference-debat-qlavenir-de-la-savoie-est-il-menace-par-la-reforme-territoriale-q","status":"publish","type":"post","link":"https:\/\/sabaudia-mrs.org\/index.php\/2014\/10\/20\/conference-debat-qlavenir-de-la-savoie-est-il-menace-par-la-reforme-territoriale-q\/","title":{"rendered":"Conf\u00e9rence-d\u00e9bat : \u00ab\u00a0L&rsquo;avenir de la Savoie est-il menac\u00e9 par la r\u00e9forme territoriale ?\u00a0\u00bb"},"content":{"rendered":"<p style=\"text-align: center;\"><span style=\"color: #ff0000;\"><strong>Conf\u00e9rence-d\u00e9bat \u00e0 Annecy<\/strong><\/span><\/p>\n<p style=\"text-align: center;\"><span style=\"color: #ff0000;\"><strong>salle Pierre Lamy, 12 rue de la r\u00e9publique<\/strong><\/span><\/p>\n<p style=\"text-align: center;\"><span style=\"color: #ff0000;\"><strong>le vendredi 24 octobre \u00e0 19h30<\/strong><\/span><\/p>\n<p style=\"text-align: center;\"><span style=\"color: #ff0000;\"><strong><br \/><\/strong><\/span><\/p>\n<p style=\"text-align: center;\"><strong>Avec la pr\u00e9sence annonc\u00e9e de <span style=\"color: #ff0000;\">Christian Monteil<\/span>, pr\u00e9sident du Conseil G\u00e9n\u00e9ral de Haute-Savoie, <\/strong><\/p>\n<p style=\"text-align: center;\"><strong>de<span style=\"color: #ff0000;\"> Michel Bouvard<\/span>, s\u00e9nateur et conseiller g\u00e9n\u00e9ral de la Savoie, <\/strong><\/p>\n<p style=\"text-align: center;\"><strong>et de <span style=\"color: #ff0000;\">No\u00ebl Communod<\/span>, conseiller r\u00e9gional Rh\u00f4ne-Alpes<\/strong><\/p>\n<p>\u00a0<\/p>\n<p align=\"JUSTIFY\"><strong>Des projets sont propos\u00e9s : venez en d\u00e9battre.<\/strong><\/p>\n<p align=\"JUSTIFY\">En d\u00e9cembre et en janvier les d\u00e9bats du parlement vont porter sur la r\u00e9forme territoriale. Sur un sujet aussi important puisqu\u2019il conditionne l\u2019organisation du pays, le Peuple devrait \u00eatre, en principe, souverain. Mais sur ce sujet comme sur beaucoup d\u2019autres, on ne lui demandera pas son avis : on d\u00e9cidera pour lui.<\/p>\n<p align=\"JUSTIFY\">\u00a0<\/p>\n<p><!--more--><\/p>\n<p>\u00a0<\/p>\n<p align=\"JUSTIFY\">Dans le projet de loi, il appara\u00eet que la Savoie sera int\u00e9gr\u00e9e \u00e0 une maxi-r\u00e9gion Auvergne-Rh\u00f4ne-Alpes qui, par sa superficie, sa population et sa richesse, sera plus grande que 13 des 28 pays europ\u00e9ens.<\/p>\n<p align=\"JUSTIFY\">\u00a0<\/p>\n<p align=\"JUSTIFY\">De plus, <strong>les d\u00e9partements savoyards verront progressivement leurs comp\u00e9tences transf\u00e9r\u00e9es \u00e0 la r\u00e9gion et disparaitront<\/strong>. Il n\u2019y aura donc plus aucune collectivit\u00e9 qui portera le nom de Savoie et plus de centre de d\u00e9cision dans nos deux d\u00e9partements actuels. <strong>La Savoie n\u2019aura plus qu\u2019une quinzaine d\u2019\u00e9lus <\/strong>qui si\u00e8geront \u00e0 Lyon.<\/p>\n<p align=\"JUSTIFY\">\u00a0<\/p>\n<p align=\"JUSTIFY\">Aussi, nous proposons \u00e0 tous les Savoyards qui se sentent concern\u00e9s par cette <strong>perte totale d\u2019autonomie<\/strong>, de venir participer aux conf\u00e9rence-d\u00e9bats que nous organiserons pendant tout le processus l\u00e9gislatif, dans les principales communes des pays de Savoie.<\/p>\n<p align=\"JUSTIFY\">\u00a0<\/p>\n<p align=\"JUSTIFY\">Une proposition de loi a \u00e9t\u00e9 d\u00e9pos\u00e9e par Herv\u00e9 Gaymard sur le bureau de l&rsquo;Assembl\u00e9e nationale.  Co-sign\u00e9e par sept d\u00e9put\u00e9s savoyards, celle-ci envisage la<strong> cr\u00e9ation d&rsquo;une collectivit\u00e9 territoriale Savoie Mont-Blanc<\/strong>, collectivit\u00e9 \u00e0 statut sp\u00e9cifique sur le fondement de l&rsquo;article 72 de la constitution. La fusion des deux d\u00e9partements donnera naissance \u00e0 un super-d\u00e9partement dot\u00e9 d&rsquo;une assembl\u00e9e et d&rsquo;une liste de comp\u00e9tences assez large ; cette nouvelle collectivit\u00e9 serait donc dot\u00e9e d&rsquo;une certaine autonomie au sein de la maxi-r\u00e9gion Auvergne-Rh\u00f4ne-Alpes. Notre mouvement soutien cette premi\u00e8re \u00e9tape.<\/p>\n<p align=\"JUSTIFY\">\u00a0<\/p>\n<p align=\"JUSTIFY\">Menac\u00e9e, la Savoie se doit de r\u00e9agir avant d&rsquo;\u00eatre engloutie dans une maxi-r\u00e9gion bureaucratique de sept millions d&rsquo;habitants. Mais la partie n&rsquo;est pas gagn\u00e9e d&rsquo;avance.<\/p>\n<p align=\"JUSTIFY\">\u00a0<\/p>\n<p align=\"JUSTIFY\">Plusieurs \u00e9cueils sont \u00e0 surmonter :<\/p>\n<p align=\"JUSTIFY\">&#8211; il faut d&rsquo;abord que les \u00e9lus des deux d\u00e9partements soient eux aussi porteurs du projet ; soit ils adoptent le projet Gaymard, soit un autre, mais des disputes de clocher seraient fatales.<\/p>\n<p align=\"JUSTIFY\">&#8211; Valls, dont l&rsquo;objectif est de cr\u00e9er de grandes r\u00e9gions pour mieux les contr\u00f4ler, va r\u00e9sister. Il est oppos\u00e9 \u00e0 toute parcelle d\u2019autonomie pour les territoires qui ont une identit\u00e9.<\/p>\n<p align=\"JUSTIFY\">&#8211; le projet sera pr\u00e9sent\u00e9 en parall\u00e8le des deux projets de loi du gouvernement sur les red\u00e9coupages et sur les comp\u00e9tences r\u00e9gionales. Ce sera donc un enjeu, parmi d\u2019autres, dans de vastes n\u00e9gociations.<\/p>\n<p align=\"JUSTIFY\">\u00a0<\/p>\n<p align=\"JUSTIFY\">Mais la Savoie a des atouts :<\/p>\n<p align=\"JUSTIFY\">&#8211; le projet avait d\u00e9j\u00e0 \u00e9t\u00e9 \u00e9voqu\u00e9 \u00e0 l&rsquo;Assembl\u00e9e nationale le 18 juillet dernier et il avait \u00e9t\u00e9 soutenu par un grand nombre de groupes politiques (droite, centre, \u00e9cologistes et communistes).<\/p>\n<p align=\"JUSTIFY\">&#8211; le premier ministre, tr\u00e8s hostile \u00e0 toute autonomisation territoriale, s&rsquo;est rendu compte qu&rsquo;il devait composer avec les territoires, notamment les territoires de montagne.<\/p>\n<p align=\"JUSTIFY\">&#8211; Mais surtout, la proposition savoyarde est intelligente et novatrice : beaucoup de territoires pourraient s&rsquo;en inspirer (par exemple \u00ab\u00a0Dr\u00f4me-Ard\u00e8che\u00a0\u00bb en Rh\u00f4ne-Alpes).<\/p>\n<p align=\"JUSTIFY\">\u00a0<\/p>\n<p align=\"JUSTIFY\">Les \u00e9lus et le gouvernement d\u00e9battent entre eux, mais le peuple \u00ab souverain \u00bb est tenu \u00e0 l\u2019\u00e9cart.<\/p>\n<p align=\"JUSTIFY\"><strong>C&rsquo;est pourquoi nous appelons les Savoyards \u00e0 venir nombreux pour s&rsquo;informer et d\u00e9battre de ce projet pour nos territoires.<\/strong><\/p>\n<p align=\"JUSTIFY\"><img loading=\"lazy\" decoding=\"async\" class=\" size-full wp-image-284\" style=\"display: block; margin-left: auto; margin-right: auto;\" src=\"http:\/\/sabaudr.cluster028.hosting.ovh.net\/wp-content\/uploads\/2014\/10\/tract.png\" height=\"511\" width=\"358\" srcset=\"https:\/\/sabaudia-mrs.org\/wp-content\/uploads\/2014\/10\/tract.png 523w, https:\/\/sabaudia-mrs.org\/wp-content\/uploads\/2014\/10\/tract-210x300.png 210w\" sizes=\"auto, (max-width: 358px) 100vw, 358px\" \/><\/p>\n","protected":false},"excerpt":{"rendered":"<p>Conf\u00e9rence-d\u00e9bat \u00e0 Annecy salle Pierre Lamy, 12 rue de la r\u00e9publique le vendredi 24 octobre \u00e0 19h30 Avec la pr\u00e9sence annonc\u00e9e de Christian Monteil, pr\u00e9sident du Conseil G\u00e9n\u00e9ral de Haute-Savoie, de Michel Bouvard, s\u00e9nateur et conseiller g\u00e9n\u00e9ral de la Savoie, et de No\u00ebl Communod, conseiller r\u00e9gional Rh\u00f4ne-Alpes \u00a0 Des projets sont propos\u00e9s : venez en &#8230; <a title=\"Conf\u00e9rence-d\u00e9bat : \u00ab\u00a0L&rsquo;avenir de la Savoie est-il menac\u00e9 par la r\u00e9forme territoriale ?\u00a0\u00bb\" class=\"read-more\" href=\"https:\/\/sabaudia-mrs.org\/index.php\/2014\/10\/20\/conference-debat-qlavenir-de-la-savoie-est-il-menace-par-la-reforme-territoriale-q\/\" aria-label=\"En savoir plus sur Conf\u00e9rence-d\u00e9bat : \u00ab\u00a0L&rsquo;avenir de la Savoie est-il menac\u00e9 par la r\u00e9forme territoriale ?\u00a0\u00bb\">Lire la suite<\/a><\/p>\n","protected":false},"author":1,"featured_media":284,"comment_status":"open","ping_status":"open","sticky":false,"template":"","format":"standard","meta":{"footnotes":""},"categories":[21],"tags":[108,128,133,205,218,224,226],"class_list":["post-285","post","type-post","status-publish","format-standard","has-post-thumbnail","hentry","category-reforme-territoriale-2014","tag-auvergne","tag-conference","tag-debat","tag-reforme-territoriale","tag-rhone-alpes","tag-savoie","tag-savoie-mont-blanc"],"_links":{"self":[{"href":"https:\/\/sabaudia-mrs.org\/index.php\/wp-json\/wp\/v2\/posts\/285","targetHints":{"allow":["GET"]}}],"collection":[{"href":"https:\/\/sabaudia-mrs.org\/index.php\/wp-json\/wp\/v2\/posts"}],"about":[{"href":"https:\/\/sabaudia-mrs.org\/index.php\/wp-json\/wp\/v2\/types\/post"}],"author":[{"embeddable":true,"href":"https:\/\/sabaudia-mrs.org\/index.php\/wp-json\/wp\/v2\/users\/1"}],"replies":[{"embeddable":true,"href":"https:\/\/sabaudia-mrs.org\/index.php\/wp-json\/wp\/v2\/comments?post=285"}],"version-history":[{"count":0,"href":"https:\/\/sabaudia-mrs.org\/index.php\/wp-json\/wp\/v2\/posts\/285\/revisions"}],"wp:featuredmedia":[{"embeddable":true,"href":"https:\/\/sabaudia-mrs.org\/index.php\/wp-json\/wp\/v2\/media\/284"}],"wp:attachment":[{"href":"https:\/\/sabaudia-mrs.org\/index.php\/wp-json\/wp\/v2\/media?parent=285"}],"wp:term":[{"taxonomy":"category","embeddable":true,"href":"https:\/\/sabaudia-mrs.org\/index.php\/wp-json\/wp\/v2\/categories?post=285"},{"taxonomy":"post_tag","embeddable":true,"href":"https:\/\/sabaudia-mrs.org\/index.php\/wp-json\/wp\/v2\/tags?post=285"}],"curies":[{"name":"wp","href":"https:\/\/api.w.org\/{rel}","templated":true}]}}