{"id":271,"date":"2012-11-15T09:45:16","date_gmt":"2012-11-15T08:45:16","guid":{"rendered":"http:\/\/savoue.patoue.fr\/2012\/11\/15\/le-mrs-soutient-aurore-martin\/"},"modified":"2012-11-15T09:45:16","modified_gmt":"2012-11-15T08:45:16","slug":"le-mrs-soutient-aurore-martin","status":"publish","type":"post","link":"https:\/\/sabaudia-mrs.org\/index.php\/2012\/11\/15\/le-mrs-soutient-aurore-martin\/","title":{"rendered":"Le MRS soutient Aurore Martin"},"content":{"rendered":"<p>&nbsp;<\/p>\n<p style=\"text-align: left;\"><strong><span style=\"font-size: 10pt;\"><img decoding=\"async\" src=\"images\/stories\/actueetactionsdumrs\/am.jpg\" alt=\"\" width=\"140\" style=\"margin: 5px 10px 5px 0px; float: left;\" \/>Communiqu\u00e9 du Mouvement R\u00e9gion Savoie <\/span><\/strong><\/p>\n<p><span style=\"font-size: 10pt;\">L\u2019arrestation d\u2019Aurore Martin et sa remise aux autorit\u00e9s espagnoles ont caus\u00e9 dans l\u2019opinion malaise et incompr\u00e9hension Ainsi on peut d\u00e9sormais arr\u00eater sur le sol fran\u00e7ais une citoyenne fran\u00e7aise et l\u2019envoyer en prison \u00e0 l\u2019\u00e9tranger&nbsp;? Ainsi la France jadis terre d\u2019asile et de libert\u00e9 pour les opposants du monde entier ne l\u2019est m\u00eame plus pour ses propres ressortissants&nbsp;?<\/span><\/p>\n<p><!--more--><\/p>\n<p><span style=\"font-size: 10pt;\">Les explications embarrass\u00e9es du ministre de l\u2019int\u00e9rieur et ses g\u00e9n\u00e9ralit\u00e9s dilatoires sur \u00ab&nbsp;la lutte contre le terrorisme&nbsp;\u00bb ne parviendront pas \u00e0 cacher la v\u00e9rit\u00e9&nbsp;: Aurore Martin n\u2019a pas de sang sur les mains. Son seul crime est la participation \u00e0 deux r\u00e9unions du mouvement \u00ab&nbsp;Batasuna&nbsp;\u00bb, interdit en Espagne mais autoris\u00e9 en France. La disproportion entre les faits qui lui sont reproch\u00e9s, non sanctionnables en droit fran\u00e7ais et l\u2019application \u00e0 la lettre d\u2019un mandat d\u2019arr\u00eat europ\u00e9en (MAE) \u00e9tait telle que l\u2019administration de Sarkozy avait d\u00e9cid\u00e9 d\u2019observer un statu quo prudent. Fran\u00e7ois Hollande, quant \u00e0 lui, avait pr\u00f4n\u00e9 en juillet 2011 l\u2019application d\u2019un \u00ab&nbsp;principe de cl\u00e9mence&nbsp;\u00bb(1)<\/span><\/p>\n<p><span style=\"font-size: 10pt;\">Difficile de savoir si cette d\u00e9cision controvers\u00e9e est la cons\u00e9quence automatique de la m\u00e9canique judiciaire, si elle rel\u00e8ve du calcul s\u00e9curitaire d\u2019un ministre d\u00e9cid\u00e9 \u00e0 soigner sa popularit\u00e9 f\u00fbt-ce au prix des plus vilaines besognes ou bien si elle constitue le dernier \u00ab&nbsp;couac&nbsp;\u00bb d\u2019un gouvernement qui en compte d\u00e9j\u00e0 pas mal. Ce qui est certain c\u2019est que cette affaire a caus\u00e9 surprise puis indignation au pays basque. Des \u00e9lus de tout bord rappellent en effet que la situation a beaucoup \u00e9volu\u00e9 en Euzkadi, depuis que la Conf\u00e9rence de Paix de St S\u00e9bastien a d\u00e9bouch\u00e9, l\u2019an dernier, sur l\u2019arr\u00eat d\u00e9finitif des actions arm\u00e9es de l\u2019ETA. L\u2019extradition d\u2019Aurore Martin comme les d\u00e9clarations de Manuel Valls s\u2019opposant \u00e0 la cr\u00e9ation d\u2019une collectivit\u00e9 territoriale basque en France ne peuvent qu\u2019exasp\u00e9rer les extr\u00e9mistes et ralentir ce processus d\u2019apaisement qui devrait d\u00e9boucher \u00e0 terme sur une solution politique non violente au dossier basque.<\/span><\/p>\n<p><strong><span style=\"font-size: 10pt;\">Le MRS invite tous ses adh\u00e9rents et sympathisants \u00e0 signer et \u00e0 faire circuler la lettre des \u00e9lus basques au Pr\u00e9sident de la r\u00e9publique fran\u00e7aise.<\/span><\/strong><\/p>\n<p><strong><span style=\"font-size: 10pt;\"><a href=\"http:\/\/www.petitionpublique.fr\/?pi=P2012N31490\" target=\"_blank\" rel=\"noopener\">http:\/\/www.petitionpublique.fr\/?pi=P2012N31490<\/a><\/span><\/strong><\/p>\n<p style=\"text-align: right;\"><span style=\"font-size: 10pt;\"><strong>Pour le MRS, Bernard JUILLET<\/strong><br \/><\/span><\/p>\n<p>_____________________________________________________________________________________<\/p>\n<div id=\"sdendnote1\">\n<p><a href=\"#sdendnote1anc\" class=\"sdendnotesym\" name=\"sdendnote1sym\">i<\/a> (1) <a href=\"http:\/\/soundcloud.com\/bixente-vrignon\/fran-ois-hollande-et-aurore?utm_source=soundcloud&amp;utm_campaign=share&amp;utm_medium=twitter&amp;utm_content=http:\/\/soundcloud.com\/bixente-vrignon\/fran-ois-hollande-et-aurore\" target=\"_blank\" rel=\"noopener\">http:\/\/soundcloud.com\/bixente-vrignon\/fran-ois-hollande-et-aurore?<sup><span style=\"text-decoration: underline;\"> <\/span><\/sup>utm_source=soundcloud&amp;utm_campaign=share&amp;utm_medium=twitter&amp;utm_content=http:\/\/soundcloud.com\/bixente-vrignon\/fran-ois-hollande-et-aurore<\/a><\/p>\n<p>{jcomments on}&nbsp;<\/p>\n<\/div>\n","protected":false},"excerpt":{"rendered":"<p>&nbsp; Communiqu\u00e9 du Mouvement R\u00e9gion Savoie L\u2019arrestation d\u2019Aurore Martin et sa remise aux autorit\u00e9s espagnoles ont caus\u00e9 dans l\u2019opinion malaise et incompr\u00e9hension Ainsi on peut d\u00e9sormais arr\u00eater sur le sol fran\u00e7ais une citoyenne fran\u00e7aise et l\u2019envoyer en prison \u00e0 l\u2019\u00e9tranger&nbsp;? Ainsi la France jadis terre d\u2019asile et de libert\u00e9 pour les opposants du monde entier &#8230; <a title=\"Le MRS soutient Aurore Martin\" class=\"read-more\" href=\"https:\/\/sabaudia-mrs.org\/index.php\/2012\/11\/15\/le-mrs-soutient-aurore-martin\/\" aria-label=\"En savoir plus sur Le MRS soutient Aurore Martin\">Lire la suite<\/a><\/p>\n","protected":false},"author":1,"featured_media":0,"comment_status":"open","ping_status":"open","sticky":false,"template":"","format":"standard","meta":{"footnotes":""},"categories":[38],"tags":[],"class_list":["post-271","post","type-post","status-publish","format-standard","hentry","category-politique"],"_links":{"self":[{"href":"https:\/\/sabaudia-mrs.org\/index.php\/wp-json\/wp\/v2\/posts\/271","targetHints":{"allow":["GET"]}}],"collection":[{"href":"https:\/\/sabaudia-mrs.org\/index.php\/wp-json\/wp\/v2\/posts"}],"about":[{"href":"https:\/\/sabaudia-mrs.org\/index.php\/wp-json\/wp\/v2\/types\/post"}],"author":[{"embeddable":true,"href":"https:\/\/sabaudia-mrs.org\/index.php\/wp-json\/wp\/v2\/users\/1"}],"replies":[{"embeddable":true,"href":"https:\/\/sabaudia-mrs.org\/index.php\/wp-json\/wp\/v2\/comments?post=271"}],"version-history":[{"count":0,"href":"https:\/\/sabaudia-mrs.org\/index.php\/wp-json\/wp\/v2\/posts\/271\/revisions"}],"wp:attachment":[{"href":"https:\/\/sabaudia-mrs.org\/index.php\/wp-json\/wp\/v2\/media?parent=271"}],"wp:term":[{"taxonomy":"category","embeddable":true,"href":"https:\/\/sabaudia-mrs.org\/index.php\/wp-json\/wp\/v2\/categories?post=271"},{"taxonomy":"post_tag","embeddable":true,"href":"https:\/\/sabaudia-mrs.org\/index.php\/wp-json\/wp\/v2\/tags?post=271"}],"curies":[{"name":"wp","href":"https:\/\/api.w.org\/{rel}","templated":true}]}}