{"id":261,"date":"2012-04-02T09:41:00","date_gmt":"2012-04-02T07:41:00","guid":{"rendered":"http:\/\/savoue.patoue.fr\/2012\/04\/02\/31-marsn-journee-des-langues-regionales-a-annecy-aussi\/"},"modified":"2012-04-02T09:41:00","modified_gmt":"2012-04-02T07:41:00","slug":"31-marsn-journee-des-langues-regionales-a-annecy-aussi","status":"publish","type":"post","link":"https:\/\/sabaudia-mrs.org\/index.php\/2012\/04\/02\/31-marsn-journee-des-langues-regionales-a-annecy-aussi\/","title":{"rendered":"31 mars\u00a0: Journ\u00e9e des langues r\u00e9gionales\u2026 \u00e0 Annecy aussi"},"content":{"rendered":"<p>\u00a0<\/p>\n<p align=\"JUSTIFY\">\u00a0{jcomments on}<img loading=\"lazy\" decoding=\"async\" class=\" alignright size-full wp-image-260\" style=\"margin: 10px; float: right;\" alt=\"slection_015\" src=\"http:\/\/sabaudr.cluster028.hosting.ovh.net\/wp-content\/uploads\/2012\/04\/slection_015.jpg\" height=\"197\" width=\"180\" srcset=\"https:\/\/sabaudia-mrs.org\/wp-content\/uploads\/2012\/04\/slection_015.jpg 399w, https:\/\/sabaudia-mrs.org\/wp-content\/uploads\/2012\/04\/slection_015-275x300.jpg 275w\" sizes=\"auto, (max-width: 180px) 100vw, 180px\" \/><span style=\"font-size: 10pt;\">Lanc\u00e9e en Occitanie il y a quelques ann\u00e9es puis adopt\u00e9e dans de nombreuses r\u00e9gions la journ\u00e9e des langues r\u00e9gionales a eu lieu pour la premi\u00e8re fois \u00e9galement en Savoie ce dimanche 31 mars. C\u2019est le centre culturel Bonlieu \u00e0 Annecy, bien situ\u00e9 entre lac et vieille ville et donc fort fr\u00e9quent\u00e9, qui avait \u00e9t\u00e9 choisi. De 10 h \u00e0 18 h les visiteurs ont pu circuler entre les stands de livres et productions audiovisuelles, \u00e9couter des chanteurs et musiciens, dont une chorale de coll\u00e9giens, participer aux prises de paroles et le cas \u00e9ch\u00e9ant recevoir un petit dipl\u00f4me de locuteur. Un d\u00e9fil\u00e9 avait \u00e9t\u00e9 envisag\u00e9 dans les rues de la vieille ville \u00e0 16 h, mais l\u2019autorisation en a \u00e9t\u00e9 refus\u00e9e, un groupe th\u00e9\u00e2tral ayant d\u00e9pos\u00e9 sa demande plus t\u00f4t. <\/span><\/p>\n<p align=\"JUSTIFY\"><span style=\"font-size: 10pt;\">Avec un peu de retard \u2013 alors que beaucoup \u00e9taient d\u00e9j\u00e0 partis \u2013 nous nous sommes quand m\u00eame rendus avec nos banderoles sur le Paquier, distribuant des tracts, avant de d\u00e9poser une p\u00e9tition en pr\u00e9fecture. Car, outre la demande de ratification de la Charte europ\u00e9ennes des langues r\u00e9gionales et minoritaires commune aux associations des diff\u00e9rentes r\u00e9gions, l\u2019un des objectifs majeurs des organisateurs locaux est la pleine reconnaissance du francoproven\u00e7al \u2013 appel\u00e9 aussi arpitan \u2013 par l\u2019\u00e9ducation nationale, avec en particulier le statut de mati\u00e8re \u00e0 option au baccalaur\u00e9at.<\/span><\/p>\n<p><!--more--><\/p>\n<p align=\"JUSTIFY\"><span style=\"font-size: 10pt;\">La journ\u00e9e \u00e9tait organis\u00e9e par diff\u00e9rentes associations culturelles et \u00e9ducatives, \u00e9videmment sans couleur politique particuli\u00e8re. Plusieurs \u00e9lus ont pris la parole, dont No\u00ebl Communod, conseiller r\u00e9gional EELV qui a mis en avant son appartenance au MRS, ainsi que deux jeunes conseillers g\u00e9n\u00e9raux de Haute-Savoie dont Jo\u00ebl Baud-Grasset &#8211; lui-m\u00eame locuteur et qui suit de pr\u00e8s les dossiers relatifs au francoproven\u00e7al au d\u00e9partement et \u00e0 l\u2019Assembl\u00e9e des Pays de Savoie &#8211; et, surprise, l\u2019une des maires adjointes d\u2019Annecy. Le linguiste Jean-Baptiste Martin, pr\u00e9pos\u00e9 \u00e0 l\u2019application du texte d\u2019orientation sur les langues r\u00e9gionales adopt\u00e9 par la r\u00e9gion Rh\u00f4ne-Alpes en 2009, avait lui aussi fait le d\u00e9placement. Un bon d\u00e9but donc pour la mobilisation en Savoie, certes bien loin des 30\u00a0000 personnes pr\u00e9sentes \u00e0 Toulouse, mais qui t\u00e9moigne de l\u2019existence d\u2019une r\u00e9elle revendication et de la sympathie des centaines de visiteurs qui ont sign\u00e9 la p\u00e9tition pour \u00ab\u00a0le savoyard au bac\u00a0\u00bb.<\/span><\/p>\n<p align=\"JUSTIFY\"><span style=\"font-size: 10pt;\"><strong>Alain Favre<\/strong><br \/><\/span><\/p>\n","protected":false},"excerpt":{"rendered":"<p>\u00a0 \u00a0{jcomments on}Lanc\u00e9e en Occitanie il y a quelques ann\u00e9es puis adopt\u00e9e dans de nombreuses r\u00e9gions la journ\u00e9e des langues r\u00e9gionales a eu lieu pour la premi\u00e8re fois \u00e9galement en Savoie ce dimanche 31 mars. C\u2019est le centre culturel Bonlieu \u00e0 Annecy, bien situ\u00e9 entre lac et vieille ville et donc fort fr\u00e9quent\u00e9, qui avait &#8230; <a title=\"31 mars\u00a0: Journ\u00e9e des langues r\u00e9gionales\u2026 \u00e0 Annecy aussi\" class=\"read-more\" href=\"https:\/\/sabaudia-mrs.org\/index.php\/2012\/04\/02\/31-marsn-journee-des-langues-regionales-a-annecy-aussi\/\" aria-label=\"En savoir plus sur 31 mars\u00a0: Journ\u00e9e des langues r\u00e9gionales\u2026 \u00e0 Annecy aussi\">Lire la suite<\/a><\/p>\n","protected":false},"author":1,"featured_media":260,"comment_status":"open","ping_status":"open","sticky":false,"template":"","format":"standard","meta":{"footnotes":""},"categories":[37],"tags":[],"class_list":["post-261","post","type-post","status-publish","format-standard","has-post-thumbnail","hentry","category-noutra-lenga"],"_links":{"self":[{"href":"https:\/\/sabaudia-mrs.org\/index.php\/wp-json\/wp\/v2\/posts\/261","targetHints":{"allow":["GET"]}}],"collection":[{"href":"https:\/\/sabaudia-mrs.org\/index.php\/wp-json\/wp\/v2\/posts"}],"about":[{"href":"https:\/\/sabaudia-mrs.org\/index.php\/wp-json\/wp\/v2\/types\/post"}],"author":[{"embeddable":true,"href":"https:\/\/sabaudia-mrs.org\/index.php\/wp-json\/wp\/v2\/users\/1"}],"replies":[{"embeddable":true,"href":"https:\/\/sabaudia-mrs.org\/index.php\/wp-json\/wp\/v2\/comments?post=261"}],"version-history":[{"count":0,"href":"https:\/\/sabaudia-mrs.org\/index.php\/wp-json\/wp\/v2\/posts\/261\/revisions"}],"wp:featuredmedia":[{"embeddable":true,"href":"https:\/\/sabaudia-mrs.org\/index.php\/wp-json\/wp\/v2\/media\/260"}],"wp:attachment":[{"href":"https:\/\/sabaudia-mrs.org\/index.php\/wp-json\/wp\/v2\/media?parent=261"}],"wp:term":[{"taxonomy":"category","embeddable":true,"href":"https:\/\/sabaudia-mrs.org\/index.php\/wp-json\/wp\/v2\/categories?post=261"},{"taxonomy":"post_tag","embeddable":true,"href":"https:\/\/sabaudia-mrs.org\/index.php\/wp-json\/wp\/v2\/tags?post=261"}],"curies":[{"name":"wp","href":"https:\/\/api.w.org\/{rel}","templated":true}]}}