{"id":252,"date":"2013-04-01T15:51:16","date_gmt":"2013-04-01T13:51:16","guid":{"rendered":"http:\/\/savoue.patoue.fr\/2013\/04\/01\/francois-hollande-et-les-langues-regionales-nous-nous-sentons-trahis\/"},"modified":"2013-04-01T15:51:16","modified_gmt":"2013-04-01T13:51:16","slug":"francois-hollande-et-les-langues-regionales-nous-nous-sentons-trahis","status":"publish","type":"post","link":"https:\/\/sabaudia-mrs.org\/index.php\/2013\/04\/01\/francois-hollande-et-les-langues-regionales-nous-nous-sentons-trahis\/","title":{"rendered":"Fran\u00e7ois Hollande et les langues r\u00e9gionales : Nous nous sentons trahis !"},"content":{"rendered":"<div class=\"introduction entry-content\" \/>\n<h3>Communiqu\u00e9 de presse de R\u00e9gions et Peuples Solidaires (R&#038;PS)<\/h3>\n<p><span style=\"font-size: 10pt;\"><a class=\"highslide\" href=\"http:\/\/sabaudr.cluster028.hosting.ovh.net\/wp-content\/uploads\/2013\/04\/60-propositions-francois-hollande.jpg\" target=\"_blank\" rel=\"noopener\"><img decoding=\"async\" alt=\"Thumbnail image\" style=\"margin: 5px; float: left;\" src=\"http:\/\/sabaudr.cluster028.hosting.ovh.net\/wp-content\/uploads\/2013\/04\/60-propositions-francois-hollande.jpg\" width=\"140\" \/><\/a>Les gouvernements se suivent  et se ressemblent. Dans le bipartisme \u00e0 la fran\u00e7aise, \u00e0 droite comme \u00e0  \u00ab\u00a0gauche\u00a0\u00bb, sur la question des langues r\u00e9gionales, le chef d\u2019orchestre  et les musiciens ont beau changer, la chanson reste la m\u00eame. \u00ab\u00a0Paroles,  paroles\u00a0\u00bb pourrait en \u00eatre son titre. L\u2019accentuation du d\u00e9samour des  citoyens pour les urnes pourrait en \u00eatre sa traduction d\u2019une d\u00e9mocratie  malade de tant de confiance trahie.<\/span><\/p>\n<p><span style=\"font-size: 10pt;\">Pourtant, pour une fois, au moment de la campagne pour l\u2019\u00e9lection  pr\u00e9sidentielle, les choses \u00e9taient claires. Les d\u00e9fenseurs des langues  r\u00e9gionales savaient \u00e0 quoi s\u2019en tenir avec le candidat UMP\u00a0; Nicolas  Sarkozy ayant d\u00e9clar\u00e9 que \u00ab\u00a0Quand on aime la France, on ne propose pas  de ratifier la charte des langues r\u00e9gionales et minoritaires\u00a0\u00bb. Dont  acte.<\/span><\/p>\n<p><!--more--><\/p>\n<p><span style=\"font-size: 10pt;\">Face \u00e0 lui, le candidat du PS, Fran\u00e7ois Hollande, faisait des langues  r\u00e9gionales un acte fort de son programme, en inscrivant dans son  engagement 56 qu\u2019il \u00ab\u00a0ferait ratifier la Charte Europ\u00e9enne des Langues  R\u00e9gionales et Minoritaires\u00a0\u00bb. Le clivage \u00e9tait l\u00e0, il n\u2019y avait plus  qu\u2019\u00e0 choisir son camp\u00a0: les pro langues r\u00e9gionales voteraient Hollande,  les anti Sarkozy. R\u00e9gions et Peuples Solidaires ayant bien \u00e9videmment  appel\u00e9 \u00e0 voter en faveur de celui qui s\u2019engageait \u00e0 agir pour la  pr\u00e9servation de la diversit\u00e9 linguistique, apportant par la m\u00eame son lot  d\u2019\u00e9lecteurs et contribuant ainsi \u00e0 la victoire de la gauche\u2026<\/span><\/p>\n<p><span style=\"font-size: 10pt;\">Tout le monde y croyait. R&#038;PS y compris. Les dix ann\u00e9es du PS  pass\u00e9es dans l\u2019opposition, pensait-on, apr\u00e8s un \u00e9pisode Mitterrand puis  Jospin pour le moins d\u00e9cevant (combien de promesses non tenues, en  particulier sur les langues r\u00e9gionales\u00a0?), allaient permettre de renouer  la confiance avec les R\u00e9gionalises. Patatrac\u00a0! Le charme s\u2019est bris\u00e9 un  soir d\u2019hiver\u00a0: le Conseil des Ministres, r\u00e9uni le mercredi 13 mars  dernier pour discuter de la prochaine r\u00e9forme constitutionnelle,  annon\u00e7ait, se r\u00e9fugiant derri\u00e8re l\u2019avis n\u00e9gatif du Conseil d\u2019Etat, que  le Gouvernement ne modifierait pas la Constitution pour pouvoir ratifier  la Charte Europ\u00e9enne des Langues R\u00e9gionales et Minoritaires (CELRM).<\/span><\/p>\n<p><span style=\"font-size: 10pt;\">Dans une D\u00e9mocratie, le r\u00f4le des \u00e9lus est de mettre en \u0153uvre la  volont\u00e9 du Peuple. Et sur la question des langues r\u00e9gionales, tous les  sondages, toutes les enqu\u00eates d\u2019opinion sont unanimes\u00a0: les Fran\u00e7ais  veulent que leurs langues r\u00e9gionales soient prot\u00e9g\u00e9es, encadr\u00e9es par la  loi. La derni\u00e8re \u00e9tude en la mati\u00e8re, men\u00e9e en juin 2008 au moment de la  derni\u00e8re r\u00e9vision constitutionnelle, montre tr\u00e8s clairement que 68% des  Fran\u00e7ais sont favorables \u00e0 l\u2019inscription de la reconnaissance des  langues r\u00e9gionales dans la constitution\u00a0? Au-del\u00e0 des sondages, le  suffrage universel a exprim\u00e9 clairement la volont\u00e9 de changement des  Fran\u00e7ais et des Fran\u00e7aises et le choix des engagements du candidat  Fran\u00e7ois Hollande.  Malgr\u00e9 la volont\u00e9 du Peuple exprim\u00e9e dans les urnes,  si en 2008 rien n\u2019a \u00e9t\u00e9 fait ou de fa\u00e7on cosm\u00e9tique, en 2013 rien n\u2019a  chang\u00e9\u00a0!<\/span><\/p>\n<p><span style=\"font-size: 10pt;\">Tous les Etats de l\u2019Union Europ\u00e9enne ont mis en place des politiques  pour prot\u00e9ger et valoriser leur patrimoine linguistique, souvent apr\u00e8s  ratification de la CELRM,  parfois de fa\u00e7on volontariste (rendant la  CELRM obsol\u00e8te) mais toujours en relation avec les r\u00e9gions repr\u00e9sentant  les aires linguistiques concern\u00e9es. La France qui aime \u00e0 donner des  le\u00e7ons \u00e0 la terre enti\u00e8re se situe pourtant en mati\u00e8re de d\u00e9mocratie,  class\u00e9e parmi les pays les plus r\u00e9trogrades de la plan\u00e8te aux c\u00f4t\u00e9s  notamment de la Turquie, de la Syrie, de la Libye ou de l\u2019Iran. Le Droit  \u00e0 la diff\u00e9rence linguistique est un Droit universel reconnu par  l\u2019UNESCO dont la France se moque\u00a0! L\u2019entr\u00e9e dans l\u2019Union Europ\u00e9enne est  subordonn\u00e9e \u00e0 la ratification de la  CELRM, la France se met elle m\u00eame  au ban des d\u00e9mocraties europ\u00e9ennes.<\/span><\/p>\n<p><span style=\"font-size: 10pt;\">D\u00e9fendre les langues r\u00e9gionales, c\u2019est aussi un choix \u00e9conomique.  Sauver une langue r\u00e9gionale, \u00e0 la lumi\u00e8re de l\u2019exp\u00e9rience men\u00e9e par la  Communaut\u00e9 Autonome d\u2019Euskadi, coute environ 60 Millions d\u2019Euro. 60M\u20ac  c\u2019est ce que coute en moyenne la construction de 10km d\u2019autoroutes[i] en  France. Quand l\u2019euskara a permis la cr\u00e9ation de milliers d\u2019emplois, non  d\u00e9localisables (le basque n\u2019est parl\u00e9 qu\u2019au Pays Basque), selon la  SETRA, 60M\u20ac investis dans la construction d\u2019autoroutes ne permet de  cr\u00e9er ou maintenir que 164 emplois. De plus la langue basque a un  avantage \u00e9cologique (comme toutes les langues d\u2019ailleurs)\u00a0: elle ne  g\u00e9n\u00e8re pas de pollutions\u00a0!<\/span><\/p>\n<p><span style=\"font-size: 10pt;\">Face \u00e0 la trahison de Fran\u00e7ois Hollande, de la Bretagne \u00e0 la  Catalogne, de l\u2019Occitanie au Pays Basque, de la Corse \u00e0 l\u2019Alsace, en  passant par la Savoie, la col\u00e8re gronde et d\u00e9j\u00e0 des appels \u00e0 la  mobilisation citoyenne se font entendre ici et l\u00e0. R&#038;PS se  mobilisera dans les r\u00e9gions concern\u00e9es et appelle les \u00e9lu-e-s d\u00e9mocrates  ou appartenant \u00e0 des formations politiques d\u00e9mocratiques de tous bords,  \u00e0 se mobiliser aux c\u00f4t\u00e9s des d\u00e9fenseurs des langues r\u00e9gionales dans les  manifestations pr\u00e9vues pour exprimer la col\u00e8re et l\u2019attente du respect  des engagements pris. R&#038;PS entreprendra dans les prochains jours des  actions politiques pour amener le Pr\u00e9sident de la R\u00e9publique \u00e0  respecter sa parole et le gouvernement \u00e0 incarner le changement, en  travaillant \u00e0 l\u2019\u00e9panouissement des langues r\u00e9gionales de France.<\/span><\/p>\n<p>\u00a0<\/p>\n<p><span style=\"font-size: 10pt;\"><em><a target=\"_blank\" href=\"http:\/\/r-p-s.info\/Francois-Hollande-et-les-langues\" rel=\"noopener\">R&#038;PS<\/a> est une f\u00e9d\u00e9rations de partis politiques, dont fait partie le Mouvement R\u00e9gion Savoie<\/em><br \/><\/span><\/p>\n<\/div>\n","protected":false},"excerpt":{"rendered":"<p>Communiqu\u00e9 de presse de R\u00e9gions et Peuples Solidaires (R&#038;PS) Les gouvernements se suivent et se ressemblent. Dans le bipartisme \u00e0 la fran\u00e7aise, \u00e0 droite comme \u00e0 \u00ab\u00a0gauche\u00a0\u00bb, sur la question des langues r\u00e9gionales, le chef d\u2019orchestre et les musiciens ont beau changer, la chanson reste la m\u00eame. \u00ab\u00a0Paroles, paroles\u00a0\u00bb pourrait en \u00eatre son titre. L\u2019accentuation &#8230; <a title=\"Fran\u00e7ois Hollande et les langues r\u00e9gionales : Nous nous sentons trahis !\" class=\"read-more\" href=\"https:\/\/sabaudia-mrs.org\/index.php\/2013\/04\/01\/francois-hollande-et-les-langues-regionales-nous-nous-sentons-trahis\/\" aria-label=\"En savoir plus sur Fran\u00e7ois Hollande et les langues r\u00e9gionales : Nous nous sentons trahis !\">Lire la suite<\/a><\/p>\n","protected":false},"author":1,"featured_media":251,"comment_status":"open","ping_status":"open","sticky":false,"template":"","format":"standard","meta":{"footnotes":""},"categories":[37],"tags":[],"class_list":["post-252","post","type-post","status-publish","format-standard","has-post-thumbnail","hentry","category-noutra-lenga"],"_links":{"self":[{"href":"https:\/\/sabaudia-mrs.org\/index.php\/wp-json\/wp\/v2\/posts\/252","targetHints":{"allow":["GET"]}}],"collection":[{"href":"https:\/\/sabaudia-mrs.org\/index.php\/wp-json\/wp\/v2\/posts"}],"about":[{"href":"https:\/\/sabaudia-mrs.org\/index.php\/wp-json\/wp\/v2\/types\/post"}],"author":[{"embeddable":true,"href":"https:\/\/sabaudia-mrs.org\/index.php\/wp-json\/wp\/v2\/users\/1"}],"replies":[{"embeddable":true,"href":"https:\/\/sabaudia-mrs.org\/index.php\/wp-json\/wp\/v2\/comments?post=252"}],"version-history":[{"count":0,"href":"https:\/\/sabaudia-mrs.org\/index.php\/wp-json\/wp\/v2\/posts\/252\/revisions"}],"wp:featuredmedia":[{"embeddable":true,"href":"https:\/\/sabaudia-mrs.org\/index.php\/wp-json\/wp\/v2\/media\/251"}],"wp:attachment":[{"href":"https:\/\/sabaudia-mrs.org\/index.php\/wp-json\/wp\/v2\/media?parent=252"}],"wp:term":[{"taxonomy":"category","embeddable":true,"href":"https:\/\/sabaudia-mrs.org\/index.php\/wp-json\/wp\/v2\/categories?post=252"},{"taxonomy":"post_tag","embeddable":true,"href":"https:\/\/sabaudia-mrs.org\/index.php\/wp-json\/wp\/v2\/tags?post=252"}],"curies":[{"name":"wp","href":"https:\/\/api.w.org\/{rel}","templated":true}]}}