{"id":248,"date":"2013-04-01T16:21:47","date_gmt":"2013-04-01T14:21:47","guid":{"rendered":"http:\/\/savoue.patoue.fr\/2013\/04\/01\/europen-les-langues-regionales-menacees-de-disparaitre\/"},"modified":"2013-04-01T16:21:47","modified_gmt":"2013-04-01T14:21:47","slug":"europen-les-langues-regionales-menacees-de-disparaitre","status":"publish","type":"post","link":"https:\/\/sabaudia-mrs.org\/index.php\/2013\/04\/01\/europen-les-langues-regionales-menacees-de-disparaitre\/","title":{"rendered":"Europe\u00a0: Les langues r\u00e9gionales menac\u00e9es de disparaitre"},"content":{"rendered":"<p><span style=\"font-size: 10pt;\">Par Fran\u00e7ois Alfonsi, d\u00e9put\u00e9 europ\u00e9en R&#038;PS ALE<\/span><\/p>\n<p><span style=\"font-size: 10pt;\"><em>article publi\u00e9 dans Var Matin, Jeudi 28 mars 20l3<\/em><\/span><\/p>\n<p><span style=\"font-size: 10pt;\"><img decoding=\"async\" class=\" alignleft size-full wp-image-247\" style=\"margin: 5px; float: left;\" src=\"http:\/\/sabaudr.cluster028.hosting.ovh.net\/wp-content\/uploads\/2013\/04\/francois_alfonsi.jpg\" width=\"140\" srcset=\"https:\/\/sabaudia-mrs.org\/wp-content\/uploads\/2013\/04\/francois_alfonsi.jpg 240w, https:\/\/sabaudia-mrs.org\/wp-content\/uploads\/2013\/04\/francois_alfonsi-226x300.jpg 226w\" sizes=\"(max-width: 240px) 100vw, 240px\" \/>La faune et la flore, du moins pour certaines esp\u00e8ces, ne sont pas les seules \u00e0 \u00eatre menac\u00e9es de disparition. On en entend beaucoup moins parler mais, si rien n\u2019est fait en leur faveur, les langues r\u00e9gionales minoritaires sont toutes vou\u00e9es \u00e0 s&rsquo;\u00e9teindre. Au niveau europ\u00e9en, et encore plus \u00e0 l&rsquo;\u00e9chelle nationale.  Charg\u00e9 par le Parlement europ\u00e9en d\u2019un rapport sur la diversit\u00e9 linguistique et les langues menac\u00e9es de disparition, Fran\u00e7ois Alfonsi d\u00e9put\u00e9 europ\u00e9en R\u00e9gions et Peuples solidaires (R&#038;PS) pour la circonscription du Sud-Est, tire la sonnette d\u2019alarme. <\/span><\/p>\n<p><!--more--><\/p>\n<p><span style=\"font-size: 10pt;\"> <b>Patrimoine culturel attaqu\u00e9.<\/b><\/span><\/p>\n<p><span style=\"font-size: 10pt;\"><b>\u00a0<\/b> R\u00e9uni \u00e0 Bruxelles la semaine derni\u00e8re avec les experts de l\u2019Atlas des langues menac\u00e9es de disparition, le pr\u00e9sident du r\u00e9seau pour la promotion de la diversit\u00e9 linguistique et le Conseil de l\u2019Europe pour le suivi de la Charte europ\u00e9enne des langues r\u00e9gionales minoritaires (CELRM), Fran\u00e7ois Alfonsi affirme que \u00ab 128 langues r\u00e9gionales minoritaires sont menac\u00e9es aujourd\u2019hui en Europe. Si elles disparaissent, c\u2019est la diversit\u00e9 du patrimoine culturel europ\u00e9en qui est atteinte. Bien s\u00fbr, d\u2019un Etat membre \u00e0 l\u2019autre, la situation est tr\u00e8s diff\u00e9rente. Si l\u2019\u00e9lu R&#038;PS attribue un tableau d\u2019honneur <a name=\"ocr-result2\"><\/a>\u00e0 la Finlande pour sa politique en faveur de la langue saamie, il r\u00e9compense la France d\u2019un. .. bonnet d\u2019\u00e2ne\u00a0! <\/span><\/p>\n<p style=\"margin-bottom: 0cm;\"><span style=\"font-size: 10pt;\"><b>L\u2019avenir du franco-proven\u00e7al est probl\u00e9matique.<\/b><\/span><\/p>\n<p><span style=\"font-size: 10pt;\"> En France, toutes les langues minoritaires sont menac\u00e9es. L\u2019avenir du franco-proven\u00e7al est probl\u00e9matique. La derni\u00e8re g\u00e9n\u00e9ration de locuteurs naturels appartient au troisi\u00e8me \u00e2ge. Promesse non tenue Et les derni\u00e8res nouvelles du front ne sont pas bonnes. Fran\u00e7ois Alfonsi d\u00e9nonce ainsi la d\u00e9cision du gouvernement, en date du 13 mars, de ne pas ratifier la CELRM. \u00ab C\u2019\u00e9tait pourtant une promesse de campagne de Fran\u00e7ois Hollande \u00bb, fait remarquer, d\u00e9\u00e7u, le d\u00e9put\u00e9 europ\u00e9en. Autre oubli : dans le projet de refondation de l\u2019\u00e9cole, aucun article n\u2019\u00e9voque l&rsquo;enseignement des langues r\u00e9gionales(1). Fran\u00e7ois Alfonsi le r\u00e9p\u00e8te, il y a pourtant urgence. L\u2019Europe doit prendre conscience de l&rsquo;acc\u00e9l\u00e9ration des m\u00e9canismes de disparition des langues r\u00e9gionales minoritaires. \u00bb Au moment o\u00f9 l\u2019Europe s\u2019appr\u00eate \u00e0 voter une nouvelle programmation pluriannuelle (2014-2020), l\u2019\u00e9lu R&#038;PS esp\u00e8re qu\u2019il sera entendu. <\/span><\/p>\n<p><span style=\"font-size: 10pt;\">P.-L P. <\/span><\/p>\n<p>\u00a0<\/p>\n<p><em>(1) Plusieurs amendements visant \u00e0 encourager la transmission des langues r\u00e9gionales \u00e0 l&rsquo;\u00e9cole doivent \u00eatre d\u00e9pos\u00e9s. Dans un courrier adress\u00e9 \u00e0 Genevi\u00e8ve L\u00e9vy, d\u00e9put\u00e9e du Var, Peire Costa, du Parti Occitan, invite la parlementaire \u00e0 voter en faveur de ces amendements. <\/em><\/p>\n","protected":false},"excerpt":{"rendered":"<p>Par Fran\u00e7ois Alfonsi, d\u00e9put\u00e9 europ\u00e9en R&#038;PS ALE article publi\u00e9 dans Var Matin, Jeudi 28 mars 20l3 La faune et la flore, du moins pour certaines esp\u00e8ces, ne sont pas les seules \u00e0 \u00eatre menac\u00e9es de disparition. On en entend beaucoup moins parler mais, si rien n\u2019est fait en leur faveur, les langues r\u00e9gionales minoritaires sont &#8230; <a title=\"Europe\u00a0: Les langues r\u00e9gionales menac\u00e9es de disparaitre\" class=\"read-more\" href=\"https:\/\/sabaudia-mrs.org\/index.php\/2013\/04\/01\/europen-les-langues-regionales-menacees-de-disparaitre\/\" aria-label=\"En savoir plus sur Europe\u00a0: Les langues r\u00e9gionales menac\u00e9es de disparaitre\">Lire la suite<\/a><\/p>\n","protected":false},"author":1,"featured_media":247,"comment_status":"open","ping_status":"open","sticky":false,"template":"","format":"standard","meta":{"footnotes":""},"categories":[37],"tags":[],"class_list":["post-248","post","type-post","status-publish","format-standard","has-post-thumbnail","hentry","category-noutra-lenga"],"_links":{"self":[{"href":"https:\/\/sabaudia-mrs.org\/index.php\/wp-json\/wp\/v2\/posts\/248","targetHints":{"allow":["GET"]}}],"collection":[{"href":"https:\/\/sabaudia-mrs.org\/index.php\/wp-json\/wp\/v2\/posts"}],"about":[{"href":"https:\/\/sabaudia-mrs.org\/index.php\/wp-json\/wp\/v2\/types\/post"}],"author":[{"embeddable":true,"href":"https:\/\/sabaudia-mrs.org\/index.php\/wp-json\/wp\/v2\/users\/1"}],"replies":[{"embeddable":true,"href":"https:\/\/sabaudia-mrs.org\/index.php\/wp-json\/wp\/v2\/comments?post=248"}],"version-history":[{"count":0,"href":"https:\/\/sabaudia-mrs.org\/index.php\/wp-json\/wp\/v2\/posts\/248\/revisions"}],"wp:featuredmedia":[{"embeddable":true,"href":"https:\/\/sabaudia-mrs.org\/index.php\/wp-json\/wp\/v2\/media\/247"}],"wp:attachment":[{"href":"https:\/\/sabaudia-mrs.org\/index.php\/wp-json\/wp\/v2\/media?parent=248"}],"wp:term":[{"taxonomy":"category","embeddable":true,"href":"https:\/\/sabaudia-mrs.org\/index.php\/wp-json\/wp\/v2\/categories?post=248"},{"taxonomy":"post_tag","embeddable":true,"href":"https:\/\/sabaudia-mrs.org\/index.php\/wp-json\/wp\/v2\/tags?post=248"}],"curies":[{"name":"wp","href":"https:\/\/api.w.org\/{rel}","templated":true}]}}