{"id":214,"date":"2013-01-15T21:20:59","date_gmt":"2013-01-15T20:20:59","guid":{"rendered":"http:\/\/savoue.patoue.fr\/2013\/01\/15\/jean-marc-ayrault-et-les-gros-groupes\/"},"modified":"2013-01-15T21:20:59","modified_gmt":"2013-01-15T20:20:59","slug":"jean-marc-ayrault-et-les-gros-groupes","status":"publish","type":"post","link":"https:\/\/sabaudia-mrs.org\/index.php\/2013\/01\/15\/jean-marc-ayrault-et-les-gros-groupes\/","title":{"rendered":"Jean-Marc Ayrault et les gros groupes"},"content":{"rendered":"<p><span style=\"font-size: 10pt;\"><img decoding=\"async\" class=\" alignleft size-full wp-image-213\" style=\"margin: 5px; float: left;\" src=\"http:\/\/sabaudr.cluster028.hosting.ovh.net\/wp-content\/uploads\/2013\/01\/461719549.jpg\" width=\"140\" srcset=\"https:\/\/sabaudia-mrs.org\/wp-content\/uploads\/2013\/01\/461719549.jpg 399w, https:\/\/sabaudia-mrs.org\/wp-content\/uploads\/2013\/01\/461719549-300x199.jpg 300w\" sizes=\"(max-width: 399px) 100vw, 399px\" \/>Beaucoup de gens s\u2019en prennent au gouvernement  fran\u00e7ais, actuellement, et j\u2019avoue n\u2019avoir pas envie de d\u00e9fendre  Jean-Marc Ayrault, notamment \u00e0 cause de ce qu\u2019il a dit lorsqu\u2019il a  annonc\u00e9 des mesures pour am\u00e9liorer la comp\u00e9titivit\u00e9 des entreprises.  Quelle que soit l\u2019intention qu\u2019il a eue en parlant de cela, il a  mentionn\u00e9 les <em>gros groupes qui font la fiert\u00e9 de la France<\/em>; or,  pour moi, la France n\u2019est fi\u00e8re que de ses citoyens pris un \u00e0 un,  pauvres ou riches, petits ou gros, qu\u2019ils soient solitaires ou qu&rsquo;ils  vivent en groupe. <\/span><br \/>\n<!--more--><\/p>\n<div style=\"text-align: justify;\"><span style=\"font-size: 10pt;\">Ennoblir d\u2019embl\u00e9e de cette fa\u00e7on les <em>gros groupes<\/em> qui permettent aux Fran\u00e7ais de s\u2019imposer \u00e0 l\u2019\u00e9tranger m\u2019a paru ressortir \u00e0 l\u2019imp\u00e9rialisme monarchique.<\/span><\/div>\n<div style=\"text-align: justify;\"><span style=\"font-size: 10pt;\"><br \/><\/span><\/div>\n<div style=\"text-align: justify;\"><span style=\"font-size: 10pt;\">D\u2019ailleurs, ce n\u2019est pas la fiert\u00e9 de la France, qui compte, en  \u00e9conomie, mais la capacit\u00e9 \u00e0 cr\u00e9er des produits qui se vendent, qu\u2019on  ait envie d\u2019acheter. Or, contrairement \u00e0 ce qu\u2019on pourrait croire,  cette capacit\u00e9 n\u2019est pas forc\u00e9ment li\u00e9e aux<em> gros groupes<\/em>. L\u2019horlogerie suisse marche bien justement parce qu\u2019elle n\u2019est pas monopolis\u00e9e par un <em>gros groupe<\/em>, mais anim\u00e9e par de petites et moyennes entreprises qui rivalisent d\u2019efforts pour cr\u00e9er de belles montres. Le <em>gros groupe<\/em> &#8211; tout comme l\u2019\u00c9tat centralis\u00e9 &#8211; tend \u00e0 figer l\u2019innovation, \u00e0 faire  obstacle \u00e0 la cr\u00e9ativit\u00e9 &#8211; laquelle ne vient pas de la multitude des  cerveaux mis ensemble en connexion \u00e9lectromagn\u00e9tique, comme on se  l\u2019imagine ici ou l\u00e0, mais des individus qui trouvent au fond d\u2019eux-m\u00eames  des id\u00e9es nouvelles et de leur entourage qui accepte de les appliquer  apr\u00e8s les avoir comprises.<\/span><\/div>\n<div style=\"text-align: justify;\"><span style=\"font-size: 10pt;\">En tout cas, personne n\u2019ach\u00e8te un produit parce qu\u2019il est fran\u00e7ais.<\/span><\/div>\n<div style=\"text-align: justify;\"><span style=\"font-size: 10pt;\"><br \/><\/span><\/div>\n<div style=\"text-align: justify;\"><span style=\"font-size: 10pt;\">Et puis, personnellement, je crois que les <em>gros groupes qui font la fiert\u00e9 de la France<\/em> co\u00fbtent souvent plus qu\u2019ils ne rapportent. Je suis favorable \u00e0 ce que leurs monopoles soient bris\u00e9s. Plusieurs de ces <em>gros groupes<\/em>, d\u2019un c\u00f4t\u00e9 sont soutenus par l\u2019Etat, de l\u2019autre se parent du concept de\u00a0<em>service public<\/em> pour mieux s\u2019imposer. C\u2019est le cas du <em>gros groupe<\/em> qui s\u2019occupe de l\u2019\u00e9lectricit\u00e9. Il a une\u00a0politique commerciale  agressive, et se pr\u00e9vaut de d\u00e9cisions politiques allant dans le sens de  l\u2019\u00e9cologie, dans le m\u00eame temps. Or, cela tend \u00e0 uniformiser les  pratiques, et \u00e0 emp\u00eacher des <em>petits groupes<\/em> d\u2019\u00eatre innovants  dans les transports, le chauffage, l\u2019\u00e9clairage &#8211; ou m\u00eame les individus  de faire des choix autres, de d\u00e9penser diff\u00e9remment leur argent. En soi,  par cons\u00e9quent, ce monopole co\u00fbte cher et a des avantages plus  politiques qu\u2019\u00e9conomiques.<\/span><\/div>\n<div style=\"text-align: justify;\"><span style=\"font-size: 10pt;\"><br \/><\/span><\/div>\n<div style=\"text-align: justify;\"><span style=\"font-size: 10pt;\">Car les <em>gros groupes qui font la fiert\u00e9 de la France<\/em> participent du sentiment national, qui n\u2019a jamais servi l\u2019\u00e9conomie, et  qui, sur le plan culturel, n\u2019est qu\u2019une couleur parmi d&rsquo;autres. On peut  aussi aimer les petits groupes qui font la fiert\u00e9 de la Savoie, pourquoi  pas ? Ou les petits groupes qui font la fiert\u00e9 de mon village. Ou les  individus qui font la fiert\u00e9 de l\u2019humanit\u00e9. L&rsquo;\u00e9chelon national n&rsquo;est pas  sacr\u00e9.<\/span><\/div>\n<div style=\"text-align: justify;\"><\/p>\n<p><strong><em>Remi Mogenet<\/em><\/strong><\/p>\n<\/div>\n<div><em>Article publi\u00e9 le 7\/01\/2013 sur<a href=\"http:\/\/remimogenet.blog.tdg.ch\" target=\"_blank\" rel=\"noopener\"> http:\/\/remimogenet.blog.tdg.ch<\/a><\/em><\/div>\n<div><\/div>\n<div><span style=\"font-size: 10pt;\">{jcomments on}<br \/><\/span><\/div>\n","protected":false},"excerpt":{"rendered":"<p>Beaucoup de gens s\u2019en prennent au gouvernement fran\u00e7ais, actuellement, et j\u2019avoue n\u2019avoir pas envie de d\u00e9fendre Jean-Marc Ayrault, notamment \u00e0 cause de ce qu\u2019il a dit lorsqu\u2019il a annonc\u00e9 des mesures pour am\u00e9liorer la comp\u00e9titivit\u00e9 des entreprises. Quelle que soit l\u2019intention qu\u2019il a eue en parlant de cela, il a mentionn\u00e9 les gros groupes qui &#8230; <a title=\"Jean-Marc Ayrault et les gros groupes\" class=\"read-more\" href=\"https:\/\/sabaudia-mrs.org\/index.php\/2013\/01\/15\/jean-marc-ayrault-et-les-gros-groupes\/\" aria-label=\"En savoir plus sur Jean-Marc Ayrault et les gros groupes\">Lire la suite<\/a><\/p>\n","protected":false},"author":1,"featured_media":213,"comment_status":"open","ping_status":"open","sticky":false,"template":"","format":"standard","meta":{"footnotes":""},"categories":[10],"tags":[],"class_list":["post-214","post","type-post","status-publish","format-standard","has-post-thumbnail","hentry","category-economie"],"_links":{"self":[{"href":"https:\/\/sabaudia-mrs.org\/index.php\/wp-json\/wp\/v2\/posts\/214","targetHints":{"allow":["GET"]}}],"collection":[{"href":"https:\/\/sabaudia-mrs.org\/index.php\/wp-json\/wp\/v2\/posts"}],"about":[{"href":"https:\/\/sabaudia-mrs.org\/index.php\/wp-json\/wp\/v2\/types\/post"}],"author":[{"embeddable":true,"href":"https:\/\/sabaudia-mrs.org\/index.php\/wp-json\/wp\/v2\/users\/1"}],"replies":[{"embeddable":true,"href":"https:\/\/sabaudia-mrs.org\/index.php\/wp-json\/wp\/v2\/comments?post=214"}],"version-history":[{"count":0,"href":"https:\/\/sabaudia-mrs.org\/index.php\/wp-json\/wp\/v2\/posts\/214\/revisions"}],"wp:featuredmedia":[{"embeddable":true,"href":"https:\/\/sabaudia-mrs.org\/index.php\/wp-json\/wp\/v2\/media\/213"}],"wp:attachment":[{"href":"https:\/\/sabaudia-mrs.org\/index.php\/wp-json\/wp\/v2\/media?parent=214"}],"wp:term":[{"taxonomy":"category","embeddable":true,"href":"https:\/\/sabaudia-mrs.org\/index.php\/wp-json\/wp\/v2\/categories?post=214"},{"taxonomy":"post_tag","embeddable":true,"href":"https:\/\/sabaudia-mrs.org\/index.php\/wp-json\/wp\/v2\/tags?post=214"}],"curies":[{"name":"wp","href":"https:\/\/api.w.org\/{rel}","templated":true}]}}