{"id":200,"date":"2012-12-05T20:43:04","date_gmt":"2012-12-05T19:43:04","guid":{"rendered":"http:\/\/savoue.patoue.fr\/2012\/12\/05\/communique-du-collectif-nddl-74\/"},"modified":"2012-12-05T20:43:04","modified_gmt":"2012-12-05T19:43:04","slug":"communique-du-collectif-nddl-74","status":"publish","type":"post","link":"https:\/\/sabaudia-mrs.org\/index.php\/2012\/12\/05\/communique-du-collectif-nddl-74\/","title":{"rendered":"Communiqu\u00e9 du collectif NDDL 74"},"content":{"rendered":"<p style=\"text-align: center;\"><span style=\"font-size: 14pt;\"><em>Le   MRS s&rsquo;est associ\u00e9 au collectif Notre-Dame-des-Landes 74 mis en  place  <br \/>\u00e0 l&rsquo;initiative, entre autres, de la conf\u00e9d\u00e9ration paysanne.  <br \/>Nous  appellons \u00e0 manifester : <strong>rendez-vous \u00e0<\/strong><\/em><\/span><br \/><span style=\"font-size: 14pt;\"><strong><em>Annecy ce samedi 8 d\u00e9cembre \u00e0  14h,  devant la pr\u00e9fecture. <\/em><\/strong><\/span><\/p>\n<p>\u00a0<\/p>\n<p><span style=\"font-size: 12pt;\"><em>Nous publions ci-dessous un communiqu\u00e9 du   collectif :<\/em><\/span><\/p>\n<p>\u00a0<\/p>\n<p>\u00a0<\/p>\n<p><span style=\"font-size: 12pt;\"><em><a class=\"highslide\" href=\"http:\/\/sabaudr.cluster028.hosting.ovh.net\/wp-content\/uploads\/2012\/12\/attac_asterix_nddl-9af06.jpg\" target=\"_blank\" rel=\"noopener\"><img loading=\"lazy\" decoding=\"async\" class=\" alignleft size-full wp-image-198\" style=\"margin: 5px; float: left;\" alt=\"asterix\" src=\"http:\/\/sabaudr.cluster028.hosting.ovh.net\/wp-content\/uploads\/2012\/12\/asterix.jpg\" height=\"137\" width=\"140\" srcset=\"https:\/\/sabaudia-mrs.org\/wp-content\/uploads\/2012\/12\/asterix.jpg 330w, https:\/\/sabaudia-mrs.org\/wp-content\/uploads\/2012\/12\/asterix-300x294.jpg 300w\" sizes=\"auto, (max-width: 140px) 100vw, 140px\" \/><\/a><\/em><\/span><\/p>\n<p style=\"text-align: center;\" align=\"CENTER\"><span style=\"font-size: 18pt;\"><b>Pour  la sauvegarde des terres fertiles, pour l&rsquo;avenir !!! Nous disons non au  projet inutile et d\u00e9vastateur d&rsquo;a\u00e9roport de Notre-Dame-des-Landes<\/b><\/span><b><span style=\"font-size: 18pt;\"> mais pas que..<\/span>.<\/b><\/p>\n<p>\u00a0<\/p>\n<p align=\"JUSTIFY\"><span style=\"font-size: 12pt;\">Pr\u00e8s de Nantes, \u00e0 Notre Dame des Landes, <b>un projet d&rsquo;a\u00e9roport gigantesque menace 2000 ha de terres agricoles bocag\u00e8res d&rsquo;une biodiversit\u00e9 exceptionnelle.<\/b> <\/span><\/p>\n<p><!--more--><\/p>\n<p align=\"JUSTIFY\"><span style=\"font-size: 12pt;\">Le projet date des ann\u00e9es 60, pour le Concorde, et les raisons affich\u00e9es pour sa construction ont beaucoup chang\u00e9 au fil des ann\u00e9es et des contre arguments des opposants.<\/span><\/p>\n<p align=\"JUSTIFY\"><span style=\"font-size: 12pt;\">Aujourd&rsquo;hui, alors qu&rsquo;il n&rsquo;y a aucun probl\u00e8me de saturation ni de s\u00e9curit\u00e9 \u00e0 l&rsquo;a\u00e9roport actuel de Nantes-Atlantique et que le contexte ne favorise pas la croissance du secteur a\u00e9rien, l\u2019\u00c9tat, avec l&rsquo;appui des \u00e9lus locaux et r\u00e9gionaux (PS et UMP main dans la main sur ce dossier), a attribu\u00e9 la construction et la concession pour 55 ans de cet a\u00e9roport soit disant HQE au groupe Vinci.<b> 360 millions d&rsquo;euros minimum d&rsquo;investissement public y seraient engloutis.<\/b><\/span><\/p>\n<p align=\"JUSTIFY\"><span style=\"font-size: 12pt;\">Paradoxalement, le besoin de cette nouvelle construction n&rsquo;est en rien av\u00e9r\u00e9 et aucune alternative ni optimisation de la plate forme existante n&rsquo;ont \u00e9t\u00e9 \u00e9tudi\u00e9es&#8230;<\/span><\/p>\n<p align=\"JUSTIFY\">\u00a0<\/p>\n<p align=\"JUSTIFY\"><span style=\"font-size: 12pt;\">La r\u00e9sistance revient \u00e0 l&rsquo;ordre du jour. Notre \u00e9poque vit une v\u00e9ritable agression des terres agricoles. Gaz de schiste, pollution des nappes phr\u00e9atiques, suppression des terres nourrici\u00e8res au profit du foncier, discr\u00e9dit de la repr\u00e9sentation des agriculteurs-agricultrices dans la soci\u00e9t\u00e9 !!! Notre monde agricole et plus largement notre Terre subissent les assauts de notre soci\u00e9t\u00e9 d\u00e9voreuse et ingrate. Des projets inutiles comme la construction de l&rsquo;a\u00e9roport de Notre-Dame-des-Landes ou la ligne de train \u00e0 grande vitesse LYON-TURIN  (TAV) voient le jour un peu partout.<\/span><\/p>\n<p align=\"JUSTIFY\">\u00a0<\/p>\n<p align=\"JUSTIFY\"><span style=\"font-size: 12pt;\">Chaque ann\u00e9e, 74 000 hectares de terres agricoles disparaissent en France. L&rsquo;acc\u00e9l\u00e9ration du ph\u00e9nom\u00e8ne est spectaculaire. L&rsquo;\u00e9quivalent d&rsquo;un d\u00e9partement agricole fran\u00e7ais est ray\u00e9 de la carte tous les sept ans.<\/span><\/p>\n<p align=\"JUSTIFY\"><strong><span style=\"font-size: 12pt;\">Pour la Haute-Savoie, c&rsquo;est de l\u2019ordre de 600 hectares de terres agricoles qui disparaissent chaque ann\u00e9e.<\/span><\/strong><\/p>\n<p align=\"JUSTIFY\">\u00a0<\/p>\n<p align=\"JUSTIFY\"><span style=\"font-size: 12pt;\">Le bon sens n&rsquo;a plus de raison d&rsquo;\u00eatre face \u00e0 la folie consommatrice de grands groupes qui organisent et  inondent les march\u00e9s. Surproduction pour au final deux fois plus de gaspillage, et derri\u00e8re \u00e7a, c&rsquo;est une terre appauvrie si ce n&rsquo;est viol\u00e9e par les produits utilis\u00e9s. Sachez que ceux qui nous conduisent dans les grandes surfaces organisent ce saccage.<\/span><\/p>\n<p align=\"JUSTIFY\"><span style=\"font-size: 12pt;\">Les alternatives existent, et elles se font conna\u00eetre petit \u00e0 petit. Le rapport direct de producteur \u00e0 consommateur, le commerce de proximit\u00e9 reviennent au go\u00fbt du jour.<\/span><\/p>\n<p align=\"JUSTIFY\">\u00a0<\/p>\n<p align=\"JUSTIFY\"><span style=\"font-size: 12pt;\">C&rsquo;est le chemin du respect de l&rsquo;environnement, du producteur  et du consommateur ainsi que de l&rsquo;autonomie alimentaire. Cette voie est celle de l\u2019avenir et pour la rendre possible, il est indispensable de sauvegarder les terres nourrici\u00e8res. C&rsquo;est pour nous, pour les terres fertiles et pour celles et ceux qui les cultiveront et s&rsquo;en nourriront demain.<\/span><\/p>\n<p align=\"JUSTIFY\">\u00a0<\/p>\n<p align=\"CENTER\"><span style=\"font-size: 12pt;\"><b>ICI comme ailleurs DEFENDONS LES!!!<\/b><\/span><\/p>\n<p align=\"JUSTIFY\">\u00a0<\/p>\n<p align=\"JUSTIFY\"><span style=\"font-size: 12pt;\">Contacter le collectif : <span style=\"text-decoration: underline;\"><a href=\"mailto:zoneadefendre74@riseup.net\">zoneadefendre74@riseup.net<\/a><\/span><\/span><\/p>\n<p align=\"JUSTIFY\"><span style=\"font-size: 12pt;\"><span style=\"text-decoration: underline;\">{jcomments on}<br \/><\/span><\/span><\/p>\n","protected":false},"excerpt":{"rendered":"<p>Le MRS s&rsquo;est associ\u00e9 au collectif Notre-Dame-des-Landes 74 mis en place \u00e0 l&rsquo;initiative, entre autres, de la conf\u00e9d\u00e9ration paysanne. Nous appellons \u00e0 manifester : rendez-vous \u00e0Annecy ce samedi 8 d\u00e9cembre \u00e0 14h, devant la pr\u00e9fecture. \u00a0 Nous publions ci-dessous un communiqu\u00e9 du collectif : \u00a0 \u00a0 Pour la sauvegarde des terres fertiles, pour l&rsquo;avenir !!! &#8230; <a title=\"Communiqu\u00e9 du collectif NDDL 74\" class=\"read-more\" href=\"https:\/\/sabaudia-mrs.org\/index.php\/2012\/12\/05\/communique-du-collectif-nddl-74\/\" aria-label=\"En savoir plus sur Communiqu\u00e9 du collectif NDDL 74\">Lire la suite<\/a><\/p>\n","protected":false},"author":1,"featured_media":198,"comment_status":"open","ping_status":"open","sticky":false,"template":"","format":"standard","meta":{"footnotes":""},"categories":[9],"tags":[],"class_list":["post-200","post","type-post","status-publish","format-standard","has-post-thumbnail","hentry","category-ecologie"],"_links":{"self":[{"href":"https:\/\/sabaudia-mrs.org\/index.php\/wp-json\/wp\/v2\/posts\/200","targetHints":{"allow":["GET"]}}],"collection":[{"href":"https:\/\/sabaudia-mrs.org\/index.php\/wp-json\/wp\/v2\/posts"}],"about":[{"href":"https:\/\/sabaudia-mrs.org\/index.php\/wp-json\/wp\/v2\/types\/post"}],"author":[{"embeddable":true,"href":"https:\/\/sabaudia-mrs.org\/index.php\/wp-json\/wp\/v2\/users\/1"}],"replies":[{"embeddable":true,"href":"https:\/\/sabaudia-mrs.org\/index.php\/wp-json\/wp\/v2\/comments?post=200"}],"version-history":[{"count":0,"href":"https:\/\/sabaudia-mrs.org\/index.php\/wp-json\/wp\/v2\/posts\/200\/revisions"}],"wp:featuredmedia":[{"embeddable":true,"href":"https:\/\/sabaudia-mrs.org\/index.php\/wp-json\/wp\/v2\/media\/198"}],"wp:attachment":[{"href":"https:\/\/sabaudia-mrs.org\/index.php\/wp-json\/wp\/v2\/media?parent=200"}],"wp:term":[{"taxonomy":"category","embeddable":true,"href":"https:\/\/sabaudia-mrs.org\/index.php\/wp-json\/wp\/v2\/categories?post=200"},{"taxonomy":"post_tag","embeddable":true,"href":"https:\/\/sabaudia-mrs.org\/index.php\/wp-json\/wp\/v2\/tags?post=200"}],"curies":[{"name":"wp","href":"https:\/\/api.w.org\/{rel}","templated":true}]}}