{"id":197,"date":"2012-11-06T10:48:36","date_gmt":"2012-11-06T09:48:36","guid":{"rendered":"http:\/\/savoue.patoue.fr\/2012\/11\/06\/referendum-en-val-daoste-la-sante-ou-lincineration\/"},"modified":"2012-11-06T10:48:36","modified_gmt":"2012-11-06T09:48:36","slug":"referendum-en-val-daoste-la-sante-ou-lincineration","status":"publish","type":"post","link":"https:\/\/sabaudia-mrs.org\/index.php\/2012\/11\/06\/referendum-en-val-daoste-la-sante-ou-lincineration\/","title":{"rendered":"R\u00e9f\u00e9rendum en val d&rsquo;Aoste : la sant\u00e9 ou l&rsquo;incin\u00e9ration"},"content":{"rendered":"<p>\u00a0<\/p>\n<p><em><span style=\"font-size: 10pt;\"><img decoding=\"async\" class=\" alignleft size-full wp-image-195\" style=\"margin-top: 5px; margin-right: 10px; margin-bottom: 5px; float: left;\" src=\"http:\/\/sabaudr.cluster028.hosting.ovh.net\/wp-content\/uploads\/2012\/11\/pirog.jpg\" width=\"140\" srcset=\"https:\/\/sabaudia-mrs.org\/wp-content\/uploads\/2012\/11\/pirog.jpg 400w, https:\/\/sabaudia-mrs.org\/wp-content\/uploads\/2012\/11\/pirog-300x297.jpg 300w, https:\/\/sabaudia-mrs.org\/wp-content\/uploads\/2012\/11\/pirog-150x150.jpg 150w\" sizes=\"(max-width: 400px) 100vw, 400px\" \/><\/span><\/em><\/p>\n<p style=\"text-align: right;\">Par Laurent BLONDAZ<\/p>\n<p>\u00a0<\/p>\n<p><em><span style=\"font-size: 10pt;\">Le 18 novembre prochain, les vald\u00f4tains seront appel\u00e9s \u00e0 s&rsquo;exprimer par voie r\u00e9f\u00e9rendaire sur la construction d&rsquo;un incin\u00e9rateur pour leur vall\u00e9e. De notre c\u00f4t\u00e9, la triste exp\u00e9rience de Gilly-sur-Is\u00e8re, aussi bien que la gravit\u00e9 de la pollution de l&rsquo;air en vall\u00e9e d&rsquo;Arve, ou encore le scandale du stockage des machefers de l&rsquo;agglom\u00e9ration ann\u00e9cienne, montrent que les savoyards ont malheureusement pris de l&rsquo;avance&#8230; dans ce qu&rsquo;il ne faut surtout pas faire !<\/span><\/em><\/p>\n<p><em><span style=\"font-size: 10pt;\">Le MRS affiche son soutien au \u00ab\u00a0comit\u00e9 du OUI\u00a0\u00bb, qui appelle \u00e0 mettre en oeuvre une solution alternative, et tout particuli\u00e8rement au mouvement ALPE : Autonomie Libert\u00e9, Participation, \u00c9cologie, parti avec le quel nous partageons les m\u00eames valeurs. Dans les lignes qui suivent, nous publions la lettre de soutien envoy\u00e9 \u00e0 nos amis vald\u00f4tains.<\/span><\/em><\/p>\n<p><!--more--><\/p>\n<p>\u00a0<\/p>\n<p><\/p>\n<p><span style=\"font-size: 10pt;\">Chers amis Vald\u00f4tains,<\/span><\/p>\n<p>\u00a0<\/p>\n<p><span style=\"font-size: 10pt;\">Vous aller devoir bient\u00f4t vous prononcer sur la question de la construction d&rsquo;un incin\u00e9rateur \u00ab\u00a0pyrogaz\u00e9ificateur\u00a0\u00bb. Le r\u00e9f\u00e9rendum d&rsquo;initiative populaire est une chance que nous n&rsquo;avons malheureusement pas en Savoie, et cela aurait peut-\u00eatre chang\u00e9 le cours des choses, \u00e0 condition encore que la population soit bien inform\u00e9e. La France, \u00c9tat \u00e9minemment centraliste, n&rsquo;a malheureusement toujours pas daign\u00e9 laisser aux populations locales et r\u00e9gionales le droit de prendre elles-m\u00eames des initiatives d\u00e9mocratiques, et ceci fait cruellement d\u00e9faut.<\/span><\/p>\n<p>\u00a0<\/p>\n<p><span style=\"font-size: 10pt;\">Au m\u00eame titre que les centrales nucl\u00e9aires, la France, sous la pression de deux groupes industrialo-financiers,  poss\u00e8de le plus grand parc d\u2019incin\u00e9rateurs d\u2019ordures m\u00e9nag\u00e8res d\u2019Europe. Pas moins de neuf sur le territoire des Pays de Savoie<sup><a class=\"sdfootnoteanc\" name=\"sdfootnote1anc\" href=\"#sdfootnote1sym\"><sup>1<\/sup><\/a><\/sup>, dont un ferm\u00e9, et ceci n&rsquo;est pas sans cons\u00e9quences sur notre environnement.<\/span><\/p>\n<p>\u00a0<\/p>\n<p><span style=\"font-size: 10pt;\">C&rsquo;est malheureusement en Savoie, \u00e0 Gilly-sur-Is\u00e8re, \u00e0 quarante kilom\u00e8tres du Petit Saint-Bernard qu&rsquo;\u00e0 eu lieu le plus grand scandale li\u00e9 \u00e0 un incin\u00e9rateur fran\u00e7ais. En 2001, suite \u00e0 des suspicions d&rsquo;augmentations de cancers dans la commune, des mesures sont pratiqu\u00e9es. Elles montrent que tout est contamin\u00e9 aux alentours du four\u00a0: les v\u00e9g\u00e9taux, l&rsquo;herbe que broutent les animaux et m\u00eame le lait<sup><a class=\"sdfootnoteanc\" name=\"sdfootnote2anc\" href=\"#sdfootnote2sym\"><sup>2<\/sup><\/a><\/sup>. Le Pr\u00e9fet ordonne imm\u00e9diatement la fermeture du four. Fin 2002, le bilan suivant fut \u00e9tabli\u00a0: 365 exploitations agricoles (d&rsquo;\u00e9levage) \u00e9taient touch\u00e9es. 2\u00a0230\u00a0000 litres de lait \u00e9taient d\u00e9truits et 6\u00a0875 t\u00eates de b\u00e9tail abattues. Le lait maternel \u00e9tait contamin\u00e9 \u00e0 hauteur de 75 picogrammes par gramme, soit trois fois la limite autoris\u00e9e pour le lait de vache. Pr\u00e8s de\u00a010 000 tonnes de foins furent \u00e9galement contamin\u00e9es. Elles rest\u00e8rent entass\u00e9es au grand air et personne ne sut qu&rsquo;en faire.<\/span><\/p>\n<p>\u00a0<\/p>\n<p><span style=\"font-size: 10pt;\">Autre grave ph\u00e9nom\u00e8ne de pollution. En 2009, la commune de Passy, au c\u0153ur du Pays du Mont-Blanc, a \u00e9t\u00e9 qualifi\u00e9e par les m\u00e9dias de \u00ab\u00a0commune la plus pollu\u00e9e de France\u00a0\u00bb ! Celle-ci, situ\u00e9e en fond de vall\u00e9e, au pied d&rsquo;un verrou glaciaire, cumule \u00e0 la fois un incin\u00e9rateur, une usine de production de graphite, une partie de la rampe autorouti\u00e8re de mont\u00e9e au tunnel du Mont-Blanc et un bassin de population relativement important. Cette ann\u00e9e l\u00e0, les taux de benzo(a)pyr\u00e8ne, compos\u00e9 hautement canc\u00e9rig\u00e8ne, d\u00e9passent de 390% le seuil maximal admissible fix\u00e9 \u00e0 1ng\/m<sup>3<\/sup>. De plus, le taux maximal de pollution en particules fines (PM10) est r\u00e9guli\u00e8rement atteint dans la vall\u00e9e de l&rsquo;Arve, jusqu&rsquo;\u00e0 doubler le seuil de 35 jours de d\u00e9passements, fix\u00e9 par l&rsquo;union europ\u00e9enne<sup><a class=\"sdfootnoteanc\" name=\"sdfootnote3anc\" href=\"#sdfootnote3sym\"><sup>3<\/sup><\/a><\/sup>. En cons\u00e9quence, sous la pression d&rsquo;associations locales, le pr\u00e9fet de Haute-Savoie a \u00e9t\u00e9 contraint de mettre en \u0153uvre un Plan de Pr\u00e9vention de l&rsquo;Air (PPA), plan qui jusqu&rsquo;\u00e0 ce jour ne semble gu\u00e8re apporter d&rsquo;\u00e9volutions significatives.<\/span><\/p>\n<p>\u00a0<\/p>\n<p><span style=\"font-size: 10pt;\">Un chiffre pour montrer la gravit\u00e9 de la situation\u00a0: selon le minist\u00e8re fran\u00e7ais de l&rsquo;environnement, pr\u00e8s de 42 000 d\u00e9c\u00e8s par an en France sont dus \u00e0 la pollution de l\u2019air par les particules PM2,5 li\u00e9es aux activit\u00e9s de l\u2019homme<sup><a class=\"sdfootnoteanc\" name=\"sdfootnote4anc\" href=\"#sdfootnote4sym\"><sup>4<\/sup><\/a><\/sup>.<\/span><\/p>\n<p>\u00a0<\/p>\n<p><span style=\"font-size: 10pt;\">De ces exp\u00e9riences, une conclusion s&rsquo;impose\u00a0: un incin\u00e9rateur, quelque soit la technologie employ\u00e9e, ou toute autre source importante de pollution de l&rsquo;air, ne devraient en aucun cas \u00eatre install\u00e9s au fond d&rsquo;une vall\u00e9e encaiss\u00e9e, dont le relief et les effets d&rsquo;inversion de temp\u00e9rature limitent la circulation de l&rsquo;air. Les enjeux en sont\u00a0: notre sant\u00e9, celle de nos enfants, la capacit\u00e9 de la nature \u00e0 nous apporter des produits agricoles sains, et aussi l&rsquo;image de puret\u00e9 qui fait de nos contr\u00e9es des destinations touristiques appr\u00e9ci\u00e9es.<\/span><\/p>\n<p>\u00a0<\/p>\n<p><span style=\"font-size: 10pt;\">Le progr\u00e8s technique est toujours amen\u00e9 comme une solution miracle qui s&rsquo;impose comme une panac\u00e9e. En douter, c&rsquo;est s&rsquo;exposer \u00e0 des r\u00e9actions l\u00e9nifiantes, souffl\u00e9es en g\u00e9n\u00e9ral par des op\u00e9rateurs \u00e9conomiques int\u00e9ress\u00e9s. Malheureusement, les vices se r\u00e9v\u00e8lent souvent lorsqu&rsquo;il est trop tard.<\/span><\/p>\n<p><span style=\"font-size: 10pt;\">Le MRS souligne le courage du mouvement ALPE, qui s&rsquo;est positionn\u00e9 en donneur d&rsquo;alerte pour appeler la population vald\u00f4taine \u00e0 s&rsquo;interroger sur la pyrogaz\u00e9ification.<\/span><\/p>\n<p><span style=\"font-size: 10pt;\">Amis vald\u00f4tains, vous disposez d&rsquo;un outil d\u00e9mocratique formidable\u00a0: le r\u00e9f\u00e9rendum d&rsquo;initiative populaire. Utilisez-le pleinement\u00a0!<\/span><\/p>\n<p>\u00a0<\/p>\n<p>\u00a0<\/p>\n<p align=\"RIGHT\"><span style=\"font-size: 10pt;\">Pour le Mouvement R\u00e9gion Savoie,<\/span><\/p>\n<p align=\"RIGHT\"><span style=\"font-size: 10pt;\">le secr\u00e9taire,<\/span><\/p>\n<p align=\"RIGHT\"><span style=\"font-size: 10pt;\">Laurent BLONDAZ<\/span><\/p>\n<p>\u00a0<\/p>\n<p>\u00a0 ________________________________________________________________________________________________________<\/p>\n<p class=\"sdfootnote\">\u00a0<span style=\"font-size: 10pt;\"><a class=\"sdfootnotesym\" name=\"sdfootnote1sym\" href=\"#sdfootnote1anc\">1<\/a>Source\u00a0: \t<span style=\"text-decoration: underline;\"><a class=\"western\" href=\"http:\/\/www.france-incineration.org\/\" target=\"_blank\" rel=\"noopener\">http:\/\/www.france-incineration.org\/<\/a><\/span><\/span><\/p>\n<div id=\"sdfootnote1\"><\/div>\n<div id=\"sdfootnote2\">\n<p class=\"sdfootnote\"><span style=\"font-size: 10pt;\"><a class=\"sdfootnotesym\" name=\"sdfootnote2sym\" href=\"#sdfootnote2anc\">2<\/a>Michel \tRoulet\u00a0: <i>Incin\u00e9ration = pollution, le scandale de \tl&rsquo;incin\u00e9rateur de Gilly<\/i>, pp 79, 89. \u00c9dition du Layeur (2008)<\/span><\/p>\n<\/div>\n<div id=\"sdfootnote3\">\n<p class=\"sdfootnote\"><span style=\"font-size: 10pt;\"><a class=\"sdfootnotesym\" name=\"sdfootnote3sym\" href=\"#sdfootnote3anc\">3<\/a><span style=\"text-decoration: underline;\"><a class=\"western\" href=\"ecologie\/227-rhone-alpes-veut-meme-controler-lair-que-lon-respire-.html\">http:\/\/regionsavoie.org\/ecologie\/227-rhone-alpes-veut-meme-controler-lair-que-lon-respire-.html<\/a><\/span><\/span><\/p>\n<\/div>\n<p><span style=\"font-size: 10pt;\"><a class=\"sdfootnotesym\" name=\"sdfootnote4sym\" href=\"#sdfootnote4anc\">4<\/a><span style=\"text-decoration: underline;\"><a class=\"western\" href=\"http:\/\/www.developpement-durable.gouv.fr\/Lutte-contre-la-pollution,25441.html\" target=\"_blank\" rel=\"noopener\">http:\/\/www.developpement-durable.gouv.fr\/Lutte-contre-la-pollution,25441.html<\/a><\/span><\/span><br \/>_________________________________________________________________________________________________________<\/p>\n<p><a class=\"highslide\" href=\"http:\/\/sabaudr.cluster028.hosting.ovh.net\/wp-content\/uploads\/2012\/11\/gilly.jpg\" target=\"_blank\" rel=\"noopener\"><img loading=\"lazy\" decoding=\"async\" alt=\"Thumbnail image\" style=\"margin: 5px 10px 5px 0px; border: 1px solid #000000; float: left;\" src=\"http:\/\/sabaudr.cluster028.hosting.ovh.net\/wp-content\/uploads\/2012\/11\/gilly.jpg\" height=\"217\" width=\"140\" \/><\/a><strong><span style=\"font-size: 12pt;\">Pour en savoir plus sur le scandale de Gilly-sur-Is\u00e8re :\u00a0<em><span style=\"font-size: 14pt;\"> Incin\u00e9ration = Pollution<\/span>,<\/em><i> <br \/><\/i>de Michel Roulet, \u00c9dition du Layeur (2008)<\/span><\/strong><\/p>\n<p>Les t\u00e9l\u00e9spectateurs fran\u00e7ais ont pu d\u00e9couvrir r\u00e9cemment, sur la cha\u00eene Canal +, un reportage alarmant de Bastien Morassi et Emmanuel Raoul intitul\u00e9 \u00ab Savoie : un scandale \u00e9cologique sans coupable ? \u00bb.<\/p>\n<p>De quoi s\u2019agissait-il ? Rien moins que de \u00ab la plus grande pollution \u00e0 la dioxine jamais arriv\u00e9e en France \u00bb. Dans ce film, t\u00e9moigne celui qui le premier mit les pieds dans le plat, Michel Roulet, un ing\u00e9nieur sensibilis\u00e9 aux risques industriels, qui d\u00e9non\u00e7a cette h\u00e9r\u00e9sie \u00e9cologique qu\u2019\u00e9tait l\u2019incin\u00e9rateur de Gilly-sur-Is\u00e8re.<\/p>\n<p>Il se battra pour imposer la fermeture, obtenue en 2001, apr\u00e8s qu\u2019ait \u00e9t\u00e9 commis des d\u00e9g\u00e2ts consid\u00e9rables. \u00c0 ce titre, son t\u00e9moignage est pr\u00e9cieux car il raconte quel parcours d\u2019obstacles faits de pesanteurs sociales, de connivences entre politique, technocratie et lobbys industriels, de chausse-trappes juridiques, la v\u00e9rit\u00e9 dut accomplir pour qu\u2019enfin l\u2019int\u00e9r\u00eat collectif soit pris en compte.<\/p>\n<p>Un t\u00e9moignage souvent inqui\u00e9tant, parce qu\u2019il r\u00e9v\u00e8le les graves b\u00e9ances existantes en mati\u00e8re de contr\u00f4le des toxicit\u00e9s, d\u2019identification des substances chimiques nocives, de registre des cancers, de droit des sols pollu\u00e9s et qui souligne des enjeux majeurs de sant\u00e9 publique auxquels nous serons confront\u00e9s dans les ann\u00e9es qui viennent.<\/p>\n<p><em>Ing\u00e9nieur physico-chimiste, Michel Roulet a d\u2019abord travaill\u00e9 dans le contr\u00f4le de qualit\u00e9 industriel, particuli\u00e8rement sur des mati\u00e8res premi\u00e8res destin\u00e9es au nucl\u00e9aire. Suite \u00e0 cette exp\u00e9rience, durant laquelle il d\u00e9couvre les impasses de cette industrie, il se r\u00e9oriente vers la gestion et la normalisation technique de l\u2019entreprise. Il termine sa carri\u00e8re professionnelle comme auditeur-consultant dans le domaine de l\u2019environnement industriel et des productions industrielles plus \u00e9cologiques.<\/em><\/p>\n<p><\/p>\n","protected":false},"excerpt":{"rendered":"<p>\u00a0 Par Laurent BLONDAZ \u00a0 Le 18 novembre prochain, les vald\u00f4tains seront appel\u00e9s \u00e0 s&rsquo;exprimer par voie r\u00e9f\u00e9rendaire sur la construction d&rsquo;un incin\u00e9rateur pour leur vall\u00e9e. De notre c\u00f4t\u00e9, la triste exp\u00e9rience de Gilly-sur-Is\u00e8re, aussi bien que la gravit\u00e9 de la pollution de l&rsquo;air en vall\u00e9e d&rsquo;Arve, ou encore le scandale du stockage des machefers &#8230; <a title=\"R\u00e9f\u00e9rendum en val d&rsquo;Aoste : la sant\u00e9 ou l&rsquo;incin\u00e9ration\" class=\"read-more\" href=\"https:\/\/sabaudia-mrs.org\/index.php\/2012\/11\/06\/referendum-en-val-daoste-la-sante-ou-lincineration\/\" aria-label=\"En savoir plus sur R\u00e9f\u00e9rendum en val d&rsquo;Aoste : la sant\u00e9 ou l&rsquo;incin\u00e9ration\">Lire la suite<\/a><\/p>\n","protected":false},"author":1,"featured_media":195,"comment_status":"open","ping_status":"open","sticky":false,"template":"","format":"standard","meta":{"footnotes":""},"categories":[9],"tags":[],"class_list":["post-197","post","type-post","status-publish","format-standard","has-post-thumbnail","hentry","category-ecologie"],"_links":{"self":[{"href":"https:\/\/sabaudia-mrs.org\/index.php\/wp-json\/wp\/v2\/posts\/197","targetHints":{"allow":["GET"]}}],"collection":[{"href":"https:\/\/sabaudia-mrs.org\/index.php\/wp-json\/wp\/v2\/posts"}],"about":[{"href":"https:\/\/sabaudia-mrs.org\/index.php\/wp-json\/wp\/v2\/types\/post"}],"author":[{"embeddable":true,"href":"https:\/\/sabaudia-mrs.org\/index.php\/wp-json\/wp\/v2\/users\/1"}],"replies":[{"embeddable":true,"href":"https:\/\/sabaudia-mrs.org\/index.php\/wp-json\/wp\/v2\/comments?post=197"}],"version-history":[{"count":0,"href":"https:\/\/sabaudia-mrs.org\/index.php\/wp-json\/wp\/v2\/posts\/197\/revisions"}],"wp:featuredmedia":[{"embeddable":true,"href":"https:\/\/sabaudia-mrs.org\/index.php\/wp-json\/wp\/v2\/media\/195"}],"wp:attachment":[{"href":"https:\/\/sabaudia-mrs.org\/index.php\/wp-json\/wp\/v2\/media?parent=197"}],"wp:term":[{"taxonomy":"category","embeddable":true,"href":"https:\/\/sabaudia-mrs.org\/index.php\/wp-json\/wp\/v2\/categories?post=197"},{"taxonomy":"post_tag","embeddable":true,"href":"https:\/\/sabaudia-mrs.org\/index.php\/wp-json\/wp\/v2\/tags?post=197"}],"curies":[{"name":"wp","href":"https:\/\/api.w.org\/{rel}","templated":true}]}}