{"id":193,"date":"2011-09-16T17:49:53","date_gmt":"2011-09-16T15:49:53","guid":{"rendered":"http:\/\/savoue.patoue.fr\/2011\/09\/16\/lo-ptiouts-jean-sdf\/"},"modified":"2011-09-16T17:49:53","modified_gmt":"2011-09-16T15:49:53","slug":"lo-ptiouts-jean-sdf","status":"publish","type":"post","link":"https:\/\/sabaudia-mrs.org\/index.php\/2011\/09\/16\/lo-ptiouts-jean-sdf\/","title":{"rendered":"L\u00f4 p&rsquo;tiouts Jean SDF"},"content":{"rendered":"<h2 align=\"CENTER\">L\u00f4 p&rsquo;tiouts Jean SDF<\/h2>\n<p><span style=\"font-size: 10pt;\"><img loading=\"lazy\" decoding=\"async\" class=\" alignright size-full wp-image-192\" style=\"margin: 10px; float: right;\" alt=\"photo-danseurs\" src=\"http:\/\/sabaudr.cluster028.hosting.ovh.net\/wp-content\/uploads\/2011\/09\/photo-danseurs.jpg\" height=\"234\" width=\"350\" srcset=\"https:\/\/sabaudia-mrs.org\/wp-content\/uploads\/2011\/09\/photo-danseurs.jpg 600w, https:\/\/sabaudia-mrs.org\/wp-content\/uploads\/2011\/09\/photo-danseurs-300x201.jpg 300w\" sizes=\"auto, (max-width: 350px) 100vw, 350px\" \/>Dans les ann\u00e9es 1970  la mairie d&rsquo;Annecy pavoisait pour f\u00eater le 19 f\u00e9vrier, \u00ab\u00a0f\u00eate nationale\u00a0\u00bb des Savoyards. Ainsi en avaient d\u00e9cid\u00e9 les \u00e9diles de l&rsquo;\u00e9poque. Ca ne mangeait pas de pain, c&rsquo;\u00e9tait sympathique et surtout cela montrait leur volont\u00e9 de ne pas se couper d&rsquo;un pass\u00e9 fameux.<\/span><\/p>\n<p>\u00a0<span style=\"font-size: 10pt;\">Les temps changent. Le 19 f\u00e9vrier 2010,  Annecy f\u00eatait&#8230; sa candidature aux JO laquelle allait se terminer comme on sait. Le public \u00e9tait invit\u00e9 \u00ab\u00e0 participer \u00e0 un grand d\u00e9fi pour soutenir les athl\u00e8tes fran\u00e7ais et porter haut les couleurs d\u2019Annecy 2018.\u00bb.<\/span><\/p>\n<p>\u00a0<span style=\"font-size: 10pt;\">Ainsi va la modernit\u00e9. En ces beaux jours de septembre on apprend dans la presse que \u00abL\u00f4 p&rsquo;tiouts Jean de Vovray sont au bord de la crise de nerfs\u00bb car ils ne savent pas o\u00f9 aller. L\u00f4 p&rsquo;tiouts Jean est une association qui s&rsquo;acharne \u00e0 transmettre la  culture de nos anciens par le chant, la danse, les costumes et les f\u00eates  paysannes. Jean est le pr\u00e9nom de  leurs trois  premiers animateurs, comme les Bretons de Tri Yan an Naoned ! Fond\u00e9 dans les ann\u00e9es 50, ce \u00ab\u00a0mus\u00e9e vivant\u00a0\u00bb &#8211;  c&rsquo;est ainsi qu&rsquo;il se d\u00e9signent &#8211; pr\u00e9sente des spectacles en France, \u00e0  l&rsquo;\u00e9tranger, multiplie les \u00e9changes, fait revivre les traditions en  organisant des f\u00eates paysannes. Malheureusement leur grande salle de r\u00e9p\u00e9tition trop proche du d\u00e9p\u00f4t p\u00e9trolier de Vovray devra \u00eatre abandonn\u00e9e dans le cadre du plan de pr\u00e9vention des risques technologiques.<\/span><\/p>\n<p><span style=\"font-size: 10pt;\">Ils sont donc potentiellement expulsables et la mairie d&rsquo;Annecy leur a fait savoir par la voix de l&rsquo;adjoint Thierry Billet qu&rsquo;elle n&rsquo;avait pas de local pour les accueillir. Que de bienveillance et d&rsquo;ouverture culturelle !<\/span><\/p>\n<p><!--more--><\/p>\n<p><span style=\"font-size: 10pt;\">On se souvient des grandes ambitions culturelles d&rsquo;Annecy qui dans le cadre des JO promettait de mettre l&rsquo;accent sur \u00abl&rsquo;universalisme et la mixit\u00e9 des influences entre sport culture et \u00e9ducation entre tradition et modernit\u00e9 urbaine\u00bb. On ne saura jamais ce que \u00e7a signifiait mais \u00e7a sonnait tendance m\u00eame si on avait pay\u00e9 tout ce baratin un peu cher. Alors vous pensez bien la polka, les bougnettes et \u00ab\u00a0la Ma\u00efon su on pomi\u00bb&#8230;!<\/span><\/p>\n<p><span style=\"font-size: 10pt;\">Mais le comble c&rsquo;est que contrairement \u00e0 l&rsquo;Etat et au d\u00e9p\u00f4t p\u00e9trolier qui se sont engag\u00e9s chacun \u00e0 la hauteur de 33% pour  indemniser les membres de l&rsquo;association de la perte de leur local, la C2A (Communaut\u00e9 de l&rsquo;Agglom\u00e9ration d&rsquo;Annecy), le d\u00e9partement et la r\u00e9gion (rh\u00f4ne-alpes) n&rsquo;auraient ni fix\u00e9 leur contribution ni m\u00eame donn\u00e9 un accord de principe.<\/span><\/p>\n<p>\u00a0<span style=\"font-size: 10pt;\">La culture traditionnelle  persona non grata sur son propre sol : quel d\u00e9solant symbole ! Il ne reste plus aux p&rsquo;tiouts Jean devenus SDF qu&rsquo;\u00e0 renouer avec la tradition des balladins pour partir en tourn\u00e9e vers la Su\u00e8de, l&rsquo;Allemagne ou le Qu\u00e9bec. Il para\u00eet que l\u00e0 bas on appr\u00e9cie le folklore savoyard.<\/span><\/p>\n<p>\u00a0<\/p>\n<p align=\"CENTER\"><strong><span style=\"font-size: 10pt;\">Le  Farou<\/span><\/strong><\/p>\n<p align=\"CENTER\">\u00a0<\/p>\n<p align=\"CENTER\"><span style=\"font-size: 10pt;\"><em>Sources :\u00a0 <\/em><\/span><\/p>\n<p align=\"CENTER\"><span style=\"font-size: 10pt;\"><em><a target=\"_blank\" href=\"http:\/\/www.ledauphine.com\/haute-savoie\/2011\/09\/07\/lo-p-tiouts-jean-de-vovray-sont-au-bord-de-la-crise-de-nerfs\" rel=\"noopener\">\u00ab\u00a0L\u00f4 p&rsquo;tiouts Jean de Vovray sont au bord de la crise de nerfs\u00a0\u00bb<\/a>, DL, le 08\/09\/2011<\/em><\/span><\/p>\n<p><span style=\"font-size: 10pt;\"><em>Site internet de l&rsquo;\u2019association \u201cL\u00f4 P\u2019tiouts Jean de Vovray\u201d : <a href=\"http:\/\/www.ptiouts-jean-vovray-annecy.fr\/\" target=\"_blank\" rel=\"noopener\">http:\/\/www.ptiouts-jean-vovray-annecy.fr\/<\/a><\/em><\/span><\/p>\n<p align=\"CENTER\"><strong><span style=\"font-size: 10pt;\"><br \/><\/span><\/strong><\/p>\n","protected":false},"excerpt":{"rendered":"<p>L\u00f4 p&rsquo;tiouts Jean SDF Dans les ann\u00e9es 1970 la mairie d&rsquo;Annecy pavoisait pour f\u00eater le 19 f\u00e9vrier, \u00ab\u00a0f\u00eate nationale\u00a0\u00bb des Savoyards. Ainsi en avaient d\u00e9cid\u00e9 les \u00e9diles de l&rsquo;\u00e9poque. Ca ne mangeait pas de pain, c&rsquo;\u00e9tait sympathique et surtout cela montrait leur volont\u00e9 de ne pas se couper d&rsquo;un pass\u00e9 fameux. \u00a0Les temps changent. Le &#8230; <a title=\"L\u00f4 p&rsquo;tiouts Jean SDF\" class=\"read-more\" href=\"https:\/\/sabaudia-mrs.org\/index.php\/2011\/09\/16\/lo-ptiouts-jean-sdf\/\" aria-label=\"En savoir plus sur L\u00f4 p&rsquo;tiouts Jean SDF\">Lire la suite<\/a><\/p>\n","protected":false},"author":1,"featured_media":192,"comment_status":"open","ping_status":"open","sticky":false,"template":"","format":"standard","meta":{"footnotes":""},"categories":[7],"tags":[231],"class_list":["post-193","post","type-post","status-publish","format-standard","has-post-thumbnail","hentry","category-culture","tag-thierry-billet-lo-ptiouts-jean-folklore-savoyard-communaute-de-lagglomeration-dannecy"],"_links":{"self":[{"href":"https:\/\/sabaudia-mrs.org\/index.php\/wp-json\/wp\/v2\/posts\/193","targetHints":{"allow":["GET"]}}],"collection":[{"href":"https:\/\/sabaudia-mrs.org\/index.php\/wp-json\/wp\/v2\/posts"}],"about":[{"href":"https:\/\/sabaudia-mrs.org\/index.php\/wp-json\/wp\/v2\/types\/post"}],"author":[{"embeddable":true,"href":"https:\/\/sabaudia-mrs.org\/index.php\/wp-json\/wp\/v2\/users\/1"}],"replies":[{"embeddable":true,"href":"https:\/\/sabaudia-mrs.org\/index.php\/wp-json\/wp\/v2\/comments?post=193"}],"version-history":[{"count":0,"href":"https:\/\/sabaudia-mrs.org\/index.php\/wp-json\/wp\/v2\/posts\/193\/revisions"}],"wp:featuredmedia":[{"embeddable":true,"href":"https:\/\/sabaudia-mrs.org\/index.php\/wp-json\/wp\/v2\/media\/192"}],"wp:attachment":[{"href":"https:\/\/sabaudia-mrs.org\/index.php\/wp-json\/wp\/v2\/media?parent=193"}],"wp:term":[{"taxonomy":"category","embeddable":true,"href":"https:\/\/sabaudia-mrs.org\/index.php\/wp-json\/wp\/v2\/categories?post=193"},{"taxonomy":"post_tag","embeddable":true,"href":"https:\/\/sabaudia-mrs.org\/index.php\/wp-json\/wp\/v2\/tags?post=193"}],"curies":[{"name":"wp","href":"https:\/\/api.w.org\/{rel}","templated":true}]}}