{"id":191,"date":"2012-11-15T09:15:33","date_gmt":"2012-11-15T08:15:33","guid":{"rendered":"http:\/\/savoue.patoue.fr\/2012\/11\/15\/laudiovisuel-public-doit-se-decentraliser-vraiment\/"},"modified":"2012-11-15T09:15:33","modified_gmt":"2012-11-15T08:15:33","slug":"laudiovisuel-public-doit-se-decentraliser-vraiment","status":"publish","type":"post","link":"https:\/\/sabaudia-mrs.org\/index.php\/2012\/11\/15\/laudiovisuel-public-doit-se-decentraliser-vraiment\/","title":{"rendered":"L\u2019audiovisuel public doit se d\u00e9centraliser\u2026 vraiment"},"content":{"rendered":"<p style=\"text-align: left;\"><img loading=\"lazy\" decoding=\"async\" class=\" alignleft size-full wp-image-190\" style=\"margin: 5px 20px 5px 0px; float: left;\" src=\"http:\/\/sabaudr.cluster028.hosting.ovh.net\/wp-content\/uploads\/2012\/11\/dg.jpg\" height=\"185\" width=\"140\" srcset=\"https:\/\/sabaudia-mrs.org\/wp-content\/uploads\/2012\/11\/dg.jpg 256w, https:\/\/sabaudia-mrs.org\/wp-content\/uploads\/2012\/11\/dg-227x300.jpg 227w\" sizes=\"auto, (max-width: 140px) 100vw, 140px\" \/><strong><em>Par <a target=\"_blank\" href=\"http:\/\/david-grosclaude.com\/\" rel=\"noopener\">David Grosclaude<\/a>, Conseiller r\u00e9gional d&rsquo;Aquitaine, <\/em><\/strong><br \/><strong><em> Parti Occitan, membre du groupe EE-LV<\/em><\/strong><\/p>\n<p><span style=\"font-size: 10pt;\"><b><i>Le centralisme audiovisuel n\u2019est que la traduction\u00a0 m\u00e9diatique  d\u2019un centralisme qui emp\u00eache de penser et nous infantilise. La crise que  connait France 3 illustre cette situation. <\/i><\/b> <\/span><br \/><span style=\"font-size: 10pt;\">Le syst\u00e8me audiovisuel fran\u00e7ais public est en crise. La situation de  France 3, avec cette pitoyable et minable suppression temporaire de  programmes locaux, en est la preuve. <\/span><br \/><span style=\"font-size: 10pt;\">Les salari\u00e9s de France 3 font les frais d\u2019un syst\u00e8me qui n\u2019a qu\u2019une logique depuis des ann\u00e9es : celle de la centralisation. <\/span><br \/><span style=\"font-size: 10pt;\">France 3 n\u2019a jamais eu de vrai r\u00f4le de t\u00e9l\u00e9vision r\u00e9gionale et il n\u2019y  a jamais eu de t\u00e9l\u00e9vision r\u00e9gionale v\u00e9ritable en France dans  l\u2019audiovisuel public ( et pas plus dans le priv\u00e9 d\u2019ailleurs). <\/span><br \/><span style=\"font-size: 10pt;\">C\u2019est une maladie de ce pays. Il ne supporte pas que les d\u00e9cisions  puissent se prendre ailleurs que dans des bureaux parisiens. C\u2019est vrai  pour la politique comme pour l\u2019audiovisuel.<\/span><\/p>\n<p><span style=\"font-size: 10pt;\"> <\/span><\/p>\n<p><!--more--><br \/>\n<br \/><span style=\"font-size: 10pt;\">La holding France T\u00e9l\u00e9visions va devoir faire des \u00e9conomies. Les fera  t-elle sur une des chaines les plus r\u00e9centes\u00a0 (France 4, France 5  France 24) ? Non c\u2019est sur France 3 que se feront ces \u00e9conomies en  priorit\u00e9. Cela signifie que la t\u00e9l\u00e9vision r\u00e9gionale, d\u00e9j\u00e0 quasi  virtuelle deviendra l\u2019ombre d\u2019elle-m\u00eame. <\/span><br \/><span style=\"font-size: 10pt;\">On va augmenter de 4 euros la contribution \u00e0 l\u2019audiovisuel public (  la redevance) pour r\u00e9colter 164 millions d\u2019euros de plus. Cet argent ira  pour plus de 75 % \u00e0 France T\u00e9l\u00e9visions et le reste ira \u00e0 Radio France  (environ 18%)\u00a0 puis enfin \u00e0 Arte, l\u2019INA et les soci\u00e9t\u00e9s de l\u2019audiovisuel  ext\u00e9rieur. <\/span><\/p>\n<p><span style=\"font-size: 10pt;\"><b>La t\u00e9l\u00e9vision et la radio<\/b> <\/span><br \/><span style=\"font-size: 10pt;\">La redevance c\u2019est environ 3 milliards d\u2019euros par an. C\u2019est \u00e9norme,  mais c\u2019est moins que dans d\u2019autres pays. Oui, mais ailleurs on a pas  peur de faire des t\u00e9l\u00e9visions publiques r\u00e9gionales ou ayant vocation \u00e0\u00a0  donner la parole \u00e0 un territoire qui a parfois sa langue propre. <\/span><br \/><span style=\"font-size: 10pt;\">Certains pays n\u2019ont pas de redevance. Nous, nous en avons une et nous  n\u2019avons pas de t\u00e9l\u00e9visions r\u00e9gionales, aucun espace pour nos langues ;  et les fr\u00e9quences de la t\u00e9l\u00e9vision num\u00e9rique ont \u00e9t\u00e9 livr\u00e9es \u00e0 de grands  groupes priv\u00e9s (centralis\u00e9s aussi)\u00a0 qui nous proposent une soupe  audiovisuelle peu digeste. <\/span><br \/><span style=\"font-size: 10pt;\">France 3 va mal, mais France 3 n\u2019est pas la pr\u00e9occupation premi\u00e8re de  sa soci\u00e9t\u00e9 m\u00e8re France T\u00e9l\u00e9visions. Le personnel va donc trinquer et  payer les erreurs du pass\u00e9 et le refus de d\u00e9centraliser enfin  l\u2019audiovisuel public. <\/span><br \/><span style=\"font-size: 10pt;\">Et ce n\u2019est pas qu\u2019une maladie t\u00e9l\u00e9visuelle. Regardez, ou plut\u00f4t  \u00e9coutez\u00a0 Radio France et ses locales de France Bleu. Jamais la radio  publique n\u2019a os\u00e9 la r\u00e9gionalisation, la vraie autonomie, la vraie  diff\u00e9rence. Le cordon est bien toujours l\u00e0 entre les locales et Paris.  Le choix du local est d\u2019ailleurs officiellement couvert par un discours  sur la proximit\u00e9, sur le local ; on aurait pu faire pour la radio le  choix du r\u00e9gional mais non, on a fait celui du local. C\u2019est un choix qui  n\u2019est pas neutre politiquement. <\/span><\/p>\n<p><span style=\"font-size: 10pt;\"><b>Dynamisme social et culturel <\/b> <\/span><br \/><span style=\"font-size: 10pt;\">Je ne vois pas d\u2019issue pour l\u2019\u00e9norme machine de l\u2019audiovisuel public  dans cette crise. On va encore nous mettre une dose de centralisme que  l\u2019on va justifier par des besoins d\u2019\u00e9conomies. <\/span><br \/><span style=\"font-size: 10pt;\">Nous devons\u00a0 dire qu\u2019il faut cr\u00e9er des t\u00e9l\u00e9visions de plein exercice  hors Paris, de vraies t\u00e9l\u00e9visions dans les grandes capitales r\u00e9gionales  qui seront capables de regarder le monde depuis chez nous. <\/span><br \/><span style=\"font-size: 10pt;\">Nous sommes handicap\u00e9s par le centralisme audiovisuel comme nous le  sommes par le centralisme politique. L\u2019un alimente l\u2019autre et  vice-versa. <\/span><br \/><span style=\"font-size: 10pt;\">C\u2019est une catastrophe pour le dynamisme social, \u00e9conomique et  culturel de nos territoires. La t\u00e9l\u00e9vision publique, qui court apr\u00e8s  l\u2019audience comme la t\u00e9l\u00e9vision\u00a0 priv\u00e9e, est monopolis\u00e9e par de petits  groupes, li\u00e9s au pouvoir politique et \u00e9conomique. La plupart des  \u00e9missions sont faites par les m\u00eames qui chaque ann\u00e9e, \u00e0 l\u2019occasion du  Mercato audiovisuel, \u00e9changent leurs si\u00e8ges. Combien sont ils au total ?  50 ? 100 ?<br \/> <\/span><br \/><span style=\"font-size: 10pt;\"><b>Classe dominante <\/b> <\/span><br \/><span style=\"font-size: 10pt;\">Regardez aussi ceux qui sont les invit\u00e9s dans les \u00e9missions de ce  petit monde ! Toujours les m\u00eames qui viennent faire de la promotion de  leurs livres, de leurs spectacles, quand ce n\u2019est pas la promotion de  l\u2019\u00e9mission qui se fait sur une autre chaine. Nous sommes dans l\u2019auto  alimentation, dans le narcissisme le plus achev\u00e9. <\/span><br \/><span style=\"font-size: 10pt;\">A la classe dominante, politique et \u00e9conomique, est venu s\u2019ajouter  un petit groupe de personnes qui tient le PAF, sur un kilom\u00e8tre carr\u00e9.  Il y a quelques ann\u00e9es certains sociologues estimaient la classe  dominante en France \u00e0 un groupe de 5000 personnes parmi lesquelles il y  avait les politiques, les \u00e9conomiques et quelques membres de la haute  administration. Vous y ajoutez aujourd\u2019hui quelques personnalit\u00e9s des  m\u00e9dias, et particuli\u00e8rement de la t\u00e9l\u00e9vision et vous en avez fait le  tour. On \u00e9touffe ! <\/span><br \/><span style=\"font-size: 10pt;\">Alors comment, par exemple, \u00eatre un artiste hors-Paris dans ces  conditions si ce n\u2019est en \u00e9tant condamn\u00e9 au provincialisme et aux  regards condescendant des vrais artistes, ceux qui occupent l\u2019\u00e9cran. Il  faut du courage pour casser ce syst\u00e8me. Il r\u00e9gente tout, hi\u00e9rarchise  tout en partant du haut, du centre. <\/span><br \/><span style=\"font-size: 10pt;\">L\u2019\u00e9touffoir m\u00e9diatique est g\u00e9n\u00e9ral, priv\u00e9 et public. Il partage le  pays (et m\u00eame le monde) entre ce qui est \u00e0 Paris et hors-Paris.<br \/> <\/span><br \/><span style=\"font-size: 10pt;\"><b>Partageons la redevance <\/b> <\/span><span style=\"font-size: 10pt;\">\u00a0<\/span><br \/><span style=\"font-size: 10pt;\">Alors oui, ayons le courage de dire que dans ces conditions  l\u2019audiovisuel public ne fait pas son travail\u00a0 et qu\u2019il doit se r\u00e9former  en profondeur. France 3 pourra t-il se transformer pour donner naissance  \u00e0 de vraies\u00a0 t\u00e9l\u00e9visions r\u00e9gionales\u00a0 autonomes ?\u00a0 Je l\u2019esp\u00e8re mais j\u2019en  doute. Il y a des blocages\u00a0 pour une telle r\u00e9forme, ne serait-ce que la  peur de l\u00e2cher la bride aux r\u00e9gions. <\/span><br \/><span style=\"font-size: 10pt;\">Mais les blocages sont aussi internes \u00e0 France T\u00e9l\u00e9visions et \u00e0  France 3. Et ils existent m\u00eame dans la classe politique des r\u00e9gions qui  n\u2019ose imaginer dans sa grande majorit\u00e9 de pouvoir pr\u00e9tendre \u00e0 ce que  toutes les r\u00e9gions d\u2019Europe ont depuis longtemps. Le manque d\u2019audace  prouve que <\/span><br \/><span style=\"font-size: 10pt;\">le centralisme nous \u00e0 infantilis\u00e9. Il emp\u00eache de penser, il rend peureux, craintif. <\/span><br \/><span style=\"font-size: 10pt;\">Alors disons clairement qu\u2019il y en a assez de payer une \u00ab  contribution \u00e0 l\u2019audiovisuel public \u00bb qui n\u2019est qu\u2019un moyen de plus de  renforcer ce syst\u00e8me. Exigeons qu\u2019une partie cons\u00e9quente (30, 40, 50%?)\u00a0  de la redevance que nous payons soit d\u00e9di\u00e9e au financement de  t\u00e9l\u00e9visions\u00a0 publiques r\u00e9gionales autonomes. <\/span><br \/><span style=\"font-size: 10pt;\">je n\u2019\u00e9voque m\u00eame pas la situation des langues dites r\u00e9gionales  tellement le sort qui leur est fait dans l\u2019audiovisuel public est  honteux. J\u2019admire ceux qui font leur travail dans une de ces langues  dans l\u2019audiovisuel public. C\u2019est la bataille permanente pour exister,  pour \u00eatre reconnu par le centre (et m\u00eame pour \u00eatre\u00a0 reconnu dans sa  propre maison ) et je sais de quoi je parle. <\/span><br \/><span style=\"font-size: 10pt;\">Quant \u00e0 suppression de\u00a0 la publicit\u00e9 sur les ondes du service public,  certes elle est responsable du manque \u00e0 gagner qui gr\u00e8ve le budget de  France T\u00e9l\u00e9visions, mais c\u2019est un autre probl\u00e8me. Que l\u2019on soit  d\u00e9pendant en partie de rentr\u00e9es publicitaires est une chose ; l\u2019autre  est d\u2019\u00eatre d\u00e9pendant des d\u00e9cisions d\u2019un syst\u00e8me qui ne connait que son  centre, pour ne pas dire que son nombril.<\/span><\/p>\n<p>\u00a0<\/p>\n<p>\u00a0<\/p>\n<p><span style=\"font-size: 10pt;\"><strong>David Grosclaude<\/strong><\/span><\/p>\n<p>source : <a href=\"http:\/\/david-grosclaude.com\/2012\/11\/10\/laudiovisuel-public-doit-se-decentraliser-vraiment\/\" target=\"_blank\" rel=\"noopener\">http:\/\/david-grosclaude.com\/2012\/11\/10\/laudiovisuel-public-doit-se-decentraliser-vraiment\/<\/a><\/p>\n<p>{jcomments on}<\/p>\n","protected":false},"excerpt":{"rendered":"<p>Par David Grosclaude, Conseiller r\u00e9gional d&rsquo;Aquitaine, Parti Occitan, membre du groupe EE-LV Le centralisme audiovisuel n\u2019est que la traduction\u00a0 m\u00e9diatique d\u2019un centralisme qui emp\u00eache de penser et nous infantilise. La crise que connait France 3 illustre cette situation. Le syst\u00e8me audiovisuel fran\u00e7ais public est en crise. La situation de France 3, avec cette pitoyable et &#8230; <a title=\"L\u2019audiovisuel public doit se d\u00e9centraliser\u2026 vraiment\" class=\"read-more\" href=\"https:\/\/sabaudia-mrs.org\/index.php\/2012\/11\/15\/laudiovisuel-public-doit-se-decentraliser-vraiment\/\" aria-label=\"En savoir plus sur L\u2019audiovisuel public doit se d\u00e9centraliser\u2026 vraiment\">Lire la suite<\/a><\/p>\n","protected":false},"author":1,"featured_media":190,"comment_status":"open","ping_status":"open","sticky":false,"template":"","format":"standard","meta":{"footnotes":""},"categories":[7],"tags":[],"class_list":["post-191","post","type-post","status-publish","format-standard","has-post-thumbnail","hentry","category-culture"],"_links":{"self":[{"href":"https:\/\/sabaudia-mrs.org\/index.php\/wp-json\/wp\/v2\/posts\/191","targetHints":{"allow":["GET"]}}],"collection":[{"href":"https:\/\/sabaudia-mrs.org\/index.php\/wp-json\/wp\/v2\/posts"}],"about":[{"href":"https:\/\/sabaudia-mrs.org\/index.php\/wp-json\/wp\/v2\/types\/post"}],"author":[{"embeddable":true,"href":"https:\/\/sabaudia-mrs.org\/index.php\/wp-json\/wp\/v2\/users\/1"}],"replies":[{"embeddable":true,"href":"https:\/\/sabaudia-mrs.org\/index.php\/wp-json\/wp\/v2\/comments?post=191"}],"version-history":[{"count":0,"href":"https:\/\/sabaudia-mrs.org\/index.php\/wp-json\/wp\/v2\/posts\/191\/revisions"}],"wp:featuredmedia":[{"embeddable":true,"href":"https:\/\/sabaudia-mrs.org\/index.php\/wp-json\/wp\/v2\/media\/190"}],"wp:attachment":[{"href":"https:\/\/sabaudia-mrs.org\/index.php\/wp-json\/wp\/v2\/media?parent=191"}],"wp:term":[{"taxonomy":"category","embeddable":true,"href":"https:\/\/sabaudia-mrs.org\/index.php\/wp-json\/wp\/v2\/categories?post=191"},{"taxonomy":"post_tag","embeddable":true,"href":"https:\/\/sabaudia-mrs.org\/index.php\/wp-json\/wp\/v2\/tags?post=191"}],"curies":[{"name":"wp","href":"https:\/\/api.w.org\/{rel}","templated":true}]}}