{"id":183,"date":"2014-09-07T15:07:19","date_gmt":"2014-09-07T13:07:19","guid":{"rendered":"http:\/\/savoue.patoue.fr\/2014\/09\/07\/la-necessaire-regionalisation-de-leducation\/"},"modified":"2014-09-07T15:07:19","modified_gmt":"2014-09-07T13:07:19","slug":"la-necessaire-regionalisation-de-leducation","status":"publish","type":"post","link":"https:\/\/sabaudia-mrs.org\/index.php\/2014\/09\/07\/la-necessaire-regionalisation-de-leducation\/","title":{"rendered":"La n\u00e9cessaire r\u00e9gionalisation de l&rsquo;\u00e9ducation"},"content":{"rendered":"<p align=\"CENTER\">Herv\u00e9 Gaymard, pr\u00e9sident du d\u00e9partement de la Savoie, en appelle \u00e0 des \u00e9tats-g\u00e9n\u00e9raux de la Savoie historique pour sauver ses assembl\u00e9es repr\u00e9sentatives et constituer une collectivit\u00e9 territoriale unique ; c&rsquo;est bien, mais, \u00e0 mon sens, il faudra, ensuite, aller plus loin, en r\u00e9clamant des pr\u00e9rogatives dans l&rsquo;\u00e9ducation, en r\u00e9gionalisant l&rsquo;enseignement.<\/p>\n<p align=\"JUSTIFY\">\u00a0<\/p>\n<p align=\"CENTER\"><img loading=\"lazy\" decoding=\"async\" height=\"199\" width=\"320\" name=\"images1\" src=\"http:\/\/cdn-parismatch.ladmedia.fr\/var\/news\/storage\/images\/paris-match\/vivre\/high-tech\/les-parents-d-eleves-facebookent-entre-eux-143760\/1336692-1-fre-FR\/Les-parents-d-eleves-Facebookent-entre-eux.jpg\" style=\"display: block; margin-left: auto; margin-right: auto;\" \/><\/p>\n<p><!--more--><\/p>\n<p align=\"JUSTIFY\">Les programmes d&rsquo;histoire en France s&rsquo;appuient sur le territoire fran\u00e7ais. C&rsquo;est ainsi que les \u00e9coles doivent \u00e9voquer les rois de France, les coll\u00e8ges la Restauration en France. Or, la Savoie a eu ses princes propres ; son territoire n&rsquo;est pas concern\u00e9. Peut-on justifier qu&rsquo;on lui impose une histoire qui n&rsquo;est pas la sienne ? Il est r\u00e9pondu qu&rsquo;il s&rsquo;agit de montrer comment s&rsquo;est b\u00e2ti l&rsquo;\u00c9tat, et \u00e9labor\u00e9e la citoyennet\u00e9 ; mais en Savoie, l&rsquo;\u00c9tat fran\u00e7ais, avec sa citoyennet\u00e9, s&rsquo;est b\u00e2ti en un jour : celui de l&rsquo;Annexion, en 1860. Toute l&rsquo;histoire de l&rsquo;\u00c9tat fran\u00e7ais en Savoie est contenue dans cette ann\u00e9e 1860. La cause de l&rsquo;existence de cet \u00c9tat en territoire savoyard n&rsquo;est pas ailleurs.<\/p>\n<p align=\"JUSTIFY\">\u00a0<\/p>\n<p align=\"CENTER\"><img loading=\"lazy\" decoding=\"async\" border=\"0\" height=\"374\" width=\"279\" align=\"BOTTOM\" name=\"images2\" src=\"http:\/\/www.savoie-archives.fr\/archives73\/expo_annexion\/pano_0_\/pages\/13-ad73_29f51_0002_400dpi.jpg\" style=\"display: block; margin-left: auto; margin-right: auto;\" \/><\/p>\n<p align=\"JUSTIFY\">\u00a0<\/p>\n<p align=\"JUSTIFY\">Les pr\u00e9c\u00e9dents qui ont li\u00e9 la Savoie \u00e0 la France ont pu pr\u00e9parer ce rattachement : sous Dagobert, sous Charlemagne, sous Fran\u00e7ois I<sup>er<\/sup>, sous Napol\u00e9on. Mais ce n&rsquo;est m\u00eame pas forc\u00e9 : ce n&rsquo;est pas parce que Napol\u00e9on et Louis XIV dominaient l&rsquo;actuelle Belgique que celle-ci est fran\u00e7aise. Il n&rsquo;est pas n\u00e9cessaire de s&rsquo;attarder sur ces p\u00e9riodes.<\/p>\n<p align=\"JUSTIFY\">\u00a0<\/p>\n<p align=\"JUSTIFY\">Est-il juste de raconter l&rsquo;histoire de rois \u00e9trangers sans raconter celle des princes qui ont effectivement gouvern\u00e9 la Savoie ? Il faut, je crois, modifier les programmes, et soit imposer \u00e0 tous les Fran\u00e7ais d&rsquo;apprendre aussi l&rsquo;histoire de la maison de Savoie et des rois de Sardaigne, soit cr\u00e9er des programmes diff\u00e9rents selon les territoires.<\/p>\n<p align=\"JUSTIFY\">\u00a0<\/p>\n<dl>\n<dl>\n<dd>\n<table cellspacing=\"0\" cellpadding=\"0\" border=\"0\" width=\"100%\">\n<colgroup>\n<col width=\"131*\"><\/col>\n<col width=\"125*\"><\/col>\n<\/colgroup>\n<tbody>\n<tr valign=\"TOP\">\n<td width=\"51%\">\n<p align=\"CENTER\"><img loading=\"lazy\" decoding=\"async\" style=\"display: block; margin-left: auto; margin-right: auto;\" border=\"0\" height=\"262\" width=\"193\" align=\"BOTTOM\" name=\"images3\" src=\"http:\/\/t0.gstatic.com\/images?q=tbn:ANd9GcQMhtYSJtW50E5qWP1hmxcCqrAjSbFEw7EfBj_6epsFFSIRF-jxfaf4cluyqA\" \/><\/p>\n<p style=\"text-align: center;\" align=\"CENTER\"><em>Pourquoi Louis XIV&#8230;<\/em><\/p>\n<\/td>\n<td width=\"49%\">\n<p align=\"CENTER\"><img loading=\"lazy\" decoding=\"async\" style=\"display: block; margin-left: auto; margin-right: auto;\" border=\"0\" height=\"265\" width=\"168\" align=\"BOTTOM\" name=\"images4\" src=\"http:\/\/fr.rodovid.org\/images\/thumb\/9\/92\/Victor_Amadeus_II_of_Savoy_by_Mytens,_Royal_Palace_of_Turin.jpeg\/180px-Victor_Amadeus_II_of_Savoy_by_Mytens,_Royal_Palace_of_Turin.jpeg\" \/><\/p>\n<p style=\"text-align: center;\" align=\"CENTER\"><em>&#8230;plut\u00f4t que Victor-Am\u00e9d\u00e9e II ?<\/em><\/p>\n<\/td>\n<\/tr>\n<\/tbody>\n<\/table>\n<\/dd>\n<\/dl>\n<\/dl>\n<p align=\"JUSTIFY\">\u00a0<\/p>\n<p align=\"JUSTIFY\">D&rsquo;ailleurs d&rsquo;autres r\u00e9gions sont concern\u00e9es : les rois de France n&rsquo;ont pas gouvern\u00e9 la Corse avant Louis XV ; la Corse devrait donc apprendre l&rsquo;histoire des r\u00e9publiques de Pise et de G\u00eanes, pour les p\u00e9riodes ant\u00e9rieures, et l&rsquo;int\u00e9gration de la Corse \u00e0 la France au XVIII<sup>e<\/sup> si\u00e8cle.<\/p>\n<p align=\"JUSTIFY\">\u00a0<\/p>\n<p align=\"JUSTIFY\">Et de m\u00eame pour les autres r\u00e9gions : est-il sens\u00e9 qu&rsquo;en Alsace on n&rsquo;enseigne pas l&rsquo;histoire du comte de Saxe-Weimar qui a rattach\u00e9 la province \u00e0 la France de Richelieu ? Qu&rsquo;en Franche-Comt\u00e9 on n&rsquo;\u00e9voque pas le capitaine Lacuson, qui a combattu la France de Louis XIII et de Louis XIV avant de plier ? Et bien s\u00fbr il faut qu&rsquo;en Corse l&rsquo;\u00e9cole \u00e9voque Pascal Paoli.<\/p>\n<p align=\"JUSTIFY\">\u00a0<\/p>\n<p align=\"JUSTIFY\">La litt\u00e9rature, pareillement, doit int\u00e9grer davantage les auteurs r\u00e9gionaux. Car il n&rsquo;est pas vrai que les programmes soient indiff\u00e9renci\u00e9s : celui de l&rsquo;Agr\u00e9gation de Lettres, par exemple, contient presque toujours des auteurs qui ont particip\u00e9 \u00e0 la vie sociale parisienne ; or, il n&rsquo;est pas vrai que tous les bons auteurs aient \u00e9t\u00e9 dans ce cas !<\/p>\n<p align=\"JUSTIFY\">\u00a0<\/p>\n<p align=\"JUSTIFY\">Ce n&rsquo;est pas, de fait, seulement les programmes des \u00e9coles et des coll\u00e8ges, qu&rsquo;il faut changer, mais aussi et surtout ceux des concours de recrutement : eux aussi doivent \u00eatre r\u00e9gionalis\u00e9s et adapt\u00e9s aux particularit\u00e9s locales. La culture ne doit plus \u00eatre d\u00e9tach\u00e9e de l&rsquo;environnement, que ce soit chez les professeurs ou les \u00e9l\u00e8ves : la culture n&rsquo;est pas ind\u00e9pendante de la nature ; elle la prolonge dans l&rsquo;espace mental. C&rsquo;est une question d&rsquo;\u00e9cologie spirituelle, et il est anormal que les \u00e9cologistes en France s&rsquo;accommodent de l&rsquo;\u00e9ducation uniformis\u00e9e et centralis\u00e9e qui y a cours.<\/p>\n<p align=\"JUSTIFY\">\u00a0<\/p>\n<p align=\"RIGHT\" style=\"text-align: right;\"><i>R\u00e9mi Mogenet, Vice-Pr\u00e9sident du Mouvement R\u00e9gion Savoie.<\/i><\/p>\n","protected":false},"excerpt":{"rendered":"<p>Herv\u00e9 Gaymard, pr\u00e9sident du d\u00e9partement de la Savoie, en appelle \u00e0 des \u00e9tats-g\u00e9n\u00e9raux de la Savoie historique pour sauver ses assembl\u00e9es repr\u00e9sentatives et constituer une collectivit\u00e9 territoriale unique ; c&rsquo;est bien, mais, \u00e0 mon sens, il faudra, ensuite, aller plus loin, en r\u00e9clamant des pr\u00e9rogatives dans l&rsquo;\u00e9ducation, en r\u00e9gionalisant l&rsquo;enseignement. \u00a0<\/p>\n","protected":false},"author":1,"featured_media":0,"comment_status":"open","ping_status":"open","sticky":false,"template":"","format":"standard","meta":{"footnotes":""},"categories":[7],"tags":[93,97,127,131,140,168,176,209,224],"class_list":["post-183","post","type-post","status-publish","format-standard","hentry","category-culture","tag-agregation","tag-alsace","tag-concours-enseignement","tag-corse","tag-education-nationale","tag-histoire-geographie","tag-litterature","tag-regionalisme","tag-savoie"],"_links":{"self":[{"href":"https:\/\/sabaudia-mrs.org\/index.php\/wp-json\/wp\/v2\/posts\/183","targetHints":{"allow":["GET"]}}],"collection":[{"href":"https:\/\/sabaudia-mrs.org\/index.php\/wp-json\/wp\/v2\/posts"}],"about":[{"href":"https:\/\/sabaudia-mrs.org\/index.php\/wp-json\/wp\/v2\/types\/post"}],"author":[{"embeddable":true,"href":"https:\/\/sabaudia-mrs.org\/index.php\/wp-json\/wp\/v2\/users\/1"}],"replies":[{"embeddable":true,"href":"https:\/\/sabaudia-mrs.org\/index.php\/wp-json\/wp\/v2\/comments?post=183"}],"version-history":[{"count":0,"href":"https:\/\/sabaudia-mrs.org\/index.php\/wp-json\/wp\/v2\/posts\/183\/revisions"}],"wp:attachment":[{"href":"https:\/\/sabaudia-mrs.org\/index.php\/wp-json\/wp\/v2\/media?parent=183"}],"wp:term":[{"taxonomy":"category","embeddable":true,"href":"https:\/\/sabaudia-mrs.org\/index.php\/wp-json\/wp\/v2\/categories?post=183"},{"taxonomy":"post_tag","embeddable":true,"href":"https:\/\/sabaudia-mrs.org\/index.php\/wp-json\/wp\/v2\/tags?post=183"}],"curies":[{"name":"wp","href":"https:\/\/api.w.org\/{rel}","templated":true}]}}