{"id":182,"date":"2015-01-21T19:49:23","date_gmt":"2015-01-21T18:49:23","guid":{"rendered":"http:\/\/savoue.patoue.fr\/2015\/01\/21\/pourquoi-il-faut-enseigner-lhistoire-savoyarde\/"},"modified":"2015-01-21T19:49:23","modified_gmt":"2015-01-21T18:49:23","slug":"pourquoi-il-faut-enseigner-lhistoire-savoyarde","status":"publish","type":"post","link":"https:\/\/sabaudia-mrs.org\/index.php\/2015\/01\/21\/pourquoi-il-faut-enseigner-lhistoire-savoyarde\/","title":{"rendered":"Pourquoi il faut enseigner l&rsquo;histoire savoyarde"},"content":{"rendered":"<p>&nbsp;<\/p>\n<p align=\"JUSTIFY\">Depuis l&rsquo;annexion de la Savoie \u00e0 la France en 1860, la question de l&rsquo;enseignement de l&rsquo;histoire de Savoie dans les \u00e9tablissements scolaires des deux d\u00e9partements savoyards a \u00e9t\u00e9 lancinante et r\u00e9currente, que ce soit \u00e0 des fins puremment scientifique et p\u00e9dagogiques, ou \u00e0 d&rsquo;autres fins plus politiques. Si cette question se pose et revient sans cesse chez ceux qui s&rsquo;int\u00e9resse \u00e0 l&rsquo;histoire et \u00e0 la culture savoyarde, c&rsquo;est parce qu&rsquo;elle est pertinente&nbsp;: la Savoie, ancienne principaut\u00e9 m\u00e9di\u00e9vale h\u00e9riti\u00e8re du royaume de Bourgogne, devenue au XVIIIe si\u00e8cle le royaume de Pi\u00e9mont-Sardaigne n&rsquo;a aucune histoire \u00ab&nbsp;nationale&nbsp;\u00bb commune avec la France avant 1860 (hormis l&rsquo;\u00e9pisode r\u00e9volutionnaire et napol\u00e9onien de 1792-1814). Hugues Capet, Philippe-Auguste, Philippe le Bel, Louis XI, Louis XIV et Louis XVI n&rsquo;ont jamais r\u00e9gn\u00e9s en Savoie. Jeanne d&rsquo;Arc n&rsquo;a pas lib\u00e9r\u00e9 la Savoie des troupes anglaises&nbsp;: ce n&rsquo;\u00e9tait pas la peine. La construction et le renforcement de l&rsquo;Etat monarchique fran\u00e7ais ne concerne pas la Savoie&#8230;On pourrait multiplier ainsi les exemples. <\/p>\n<p>&nbsp;<\/p>\n<p><!--more--><\/p>\n<p>&nbsp;<\/p>\n<p align=\"JUSTIFY\">Il ressort un fait de cette liste d&rsquo;exemples&nbsp;: con\u00e7us pour diffuser une histoire nationale, un roman national, les programmes d&rsquo;Histoire-G\u00e9ographie actuels sont par essence excluants et laisse sur le bord de la route les \u00e9l\u00e8ves savoyards qui ne s&rsquo;y retrouveront pas et n&rsquo;y retrouveront pas leur cadre de vie quotidien. Un constat qui s&rsquo;applique aussi aux \u00e9l\u00e8ves bretons, corses, alsaciens, basques etc&#8230;<\/p>\n<p align=\"JUSTIFY\">&nbsp;<\/p>\n<p align=\"JUSTIFY\">Mais d&rsquo;abord, quel serait aujourd&rsquo;hui l&rsquo;int\u00e9r\u00eat p\u00e9dagogique d&rsquo;un enseignement de la Savoie (son histoire, sa g\u00e9ographie, sa langue) ? Principalement la suivante : l&rsquo;\u00e9l\u00e8ve se sent plus directement concern\u00e9. Son environnement de vie, les lieux qu&rsquo;il conna\u00eet et donc par extension lui-m\u00eame et son identit\u00e9, sont au coeur de l&rsquo;enseignement : \u00ab<em> La familiarit\u00e9 du lieu peut \u00eatre un axe p\u00e9dagogique fort de l&rsquo;enseignement de l&rsquo;histoire et de la g\u00e9ographie locale. Ce qui est en question, ici peut-\u00eatre plus qu&rsquo;ailleurs, c&rsquo;est l&rsquo;\u00e9l\u00e8ve, car il est dans ce contexte au centre de l&rsquo;objet d&rsquo;\u00e9tude. Dans ce cas, le professeur et ses \u00e9l\u00e8ves sont les acteurs principaux de l&rsquo;espace \u00e9tudi\u00e9. Dans une certaine mesure, nous nous trouvons plac\u00e9s dans une pratique r\u00e9flexive de nos disciplines, ce qui peut en simplifier la mise en \u0153uvre par la motivation plus grande des \u00e9l\u00e8ves, par la possibilit\u00e9 d&rsquo;approches concr\u00e8tes des choses, par la sortie<\/em> (sur le terrain) <em>facilit\u00e9e, par la proximit\u00e9 des traces du pass\u00e9, des lieux de m\u00e9moire et des ph\u00e9nom\u00e8nes g\u00e9ographiques. <\/em>\u00bb <a href=\"#sdendnote1sym\" class=\"sdendnoteanc\" name=\"sdendnote1anc\"><sup>1<\/sup><\/a><\/p>\n<p align=\"JUSTIFY\">&nbsp;<\/p>\n<p align=\"JUSTIFY\">Cette perspective n&rsquo;est pourtant pas neuve. Au cours du XXe si\u00e8cle&nbsp;, elle a men\u00e9e \u00e0 plusieurs tentatives de proposer des manuels scolaires pour l&rsquo;enseignement de l&rsquo;histoire de Savoie, dont deux furent \u00e9dit\u00e9s sous la IIIe R\u00e9publique, pourtant de sinistre m\u00e9moire pour les identit\u00e9s et les langues r\u00e9gionales qui composent la France.<\/p>\n<p align=\"JUSTIFY\">&nbsp;<\/p>\n<p align=\"JUSTIFY\">Le premier manuel \u00ab<em>Suppl\u00e9ment \u00e0 l&rsquo;histoire de France. Histoire de la Savoie, \u00e0 l&rsquo;usage des \u00e9coles primaires des deux d\u00e9partements savoisiens<\/em><em> \u00bb<\/em> paru en 1905, chez Dacloz, imprimeur \u00e0 Mo\u00fbtiers. Son auteur \u00e9tait F\u00e9lix Fenouillet (1842-1924), instituteur en retraite tr\u00e8s impliqu\u00e9 dans la connaissance du folklore et de la culture savoyarde (il recueillit nombre de contes lorsqu&rsquo;il \u00e9tait en poste \u00e0 Desingy, depuis publi\u00e9s dans les travaux de Charles Joisten). Dans l&rsquo;avant-propos on pouvait lire&nbsp;:&nbsp;\u00ab&nbsp;<em>Tout le monde convient aujourd&rsquo;hui en France qu&rsquo;il est n\u00e9cessaire de faire conna\u00eetre aux enfants des \u00e9coles l&rsquo;histoire de leur province ou, comme l&rsquo;on dit, de leur petite patrie. Or, pour les d\u00e9partements form\u00e9s de l&rsquo;ancienne Savoie, cette n\u00e9cessit\u00e9 est doubl\u00e9e par le fait que ces pays ont constitu\u00e9 pendant de longs si\u00e8cles un \u00c9tat distinct et autonome, vivant de sa vie propre, ayant ses souverains nationaux, ses lois et ses institutions sp\u00e9ciales.&nbsp;\u00bb <\/em>Quelle fut la port\u00e9e r\u00e9elle et l&rsquo;utilisation de cet ouvrage dans les classes&nbsp;?<\/p>\n<p align=\"JUSTIFY\">&nbsp;<\/p>\n<p align=\"JUSTIFY\">En 1913, \u00e0 la veille de la Premi\u00e8re Guerre Mondiale, paru \u00ab&nbsp;<em>Abr\u00e9g\u00e9 d&rsquo;Histoire de la Savoie en 10 le\u00e7ons<\/em> \u00bb, un ouvrage de F. Christin, instituteur, et F. Vermale, docteur en droit, lettres et avocat. Il b\u00e9n\u00e9ficiait d&rsquo;une pr\u00e9face de M. Ch. Faubert, inspecteur d&rsquo;Acad\u00e9mie \u00e0 Chamb\u00e9ry et agr\u00e9g\u00e9 d&rsquo;Histoire&nbsp;:&nbsp;\u00ab<em> L&rsquo;histoire est une r\u00e9surrection, et comment r\u00e9ussira-t-on mieux \u00e0 la rendre telle aux yeux de l&rsquo;enfant, qu&rsquo;en la pla\u00e7ant dans le cadre de son existence quotidienne, qu&rsquo;en lui rappelant les faits dont sa r\u00e9gion a \u00e9t\u00e9 le th\u00e9\u00e2tre, en lui racontant la vie de ceux de ses a\u00efeux dont la m\u00e9moire a m\u00e9rit\u00e9 de survivre, en lui montrant, tout pr\u00e8s de lui, des sites, monuments, ruines, vestiges divers, propres \u00e0 faire na\u00eetre des visions \u00e9vocatrices et de fortes impressions ? La montagne qui borne l&rsquo;horizon, la rivi\u00e8re qui traverse la plaine, la mer \u00e9ternellement changeante, les mille aspects de la nature environnante, feront le sujet d&rsquo;int\u00e9ressantes causeries g\u00e9ographiques et fixeront dans son esprit les premi\u00e8res notions g\u00e9n\u00e9rales. Le dolmen de la lande \u00e9voquera le souvenir de la pr\u00e9histoire. A la vue de l&rsquo;antique ch\u00e2teau dont la silhouette se profile sur le ciel, de la cath\u00e9drale ou de l&rsquo;abbaye, de la modeste \u00e9glise de village, de la vieille maison commune, un commentaire sobre, mais imag\u00e9, fera appara\u00eetre et revivre en quelque sorte le moyen \u00e2ge. La statue du glorieux soldat, qui se dresse sur la place publique, illustrera le r\u00e9cit familier des \u00e9pop\u00e9es h\u00e9ro\u00efques de la R\u00e9volution et de l&rsquo;Empire.<\/em> (\u2026) <em>nourrie pour ainsi dire des sucs du terroir, l&rsquo;\u00e9tude de l&rsquo;histoire nationale sera plus vivante et mieux comprise<\/em> (\u2026) <em>Pourtant ce manuel \u00e9tait ici plus n\u00e9cessaire que partout ailleurs. Derni\u00e8re venue \u00e0 l&rsquo;unit\u00e9 fran\u00e7aise, la Savoie, il est inutile de le d\u00e9montrer, a une originalit\u00e9 sup\u00e9rieure \u00e0 celle de n&rsquo;importe quelle r\u00e9gion. Etat ind\u00e9pendant jusqu&rsquo;\u00e0 une \u00e9poque que bon nombre de nos contemporains ont encore connue, tant\u00f4t ennemi, tant\u00f4t alli\u00e9 de la France, parfois r\u00e9uni \u00e0 elle, elle a subi le contre-coup de tous les \u00e9v\u00e9nements, qui se sont succ\u00e9d\u00e9s chez sa puissante voisine, et, rien ne peut mieux faire saisir \u00e0 nos \u00e9l\u00e8ves ces grands \u00e9v\u00e9nements, que l&rsquo;\u00e9tude de la r\u00e9percussion qu&rsquo;ils ont eue chez leurs anc\u00eatres savoyards.<\/em> \u00bb. Cet ouvrage (disponible en entier sur le site de la BNF&nbsp;<a href=\"#sdendnote2sym\" class=\"sdendnoteanc\" name=\"sdendnote2anc\"><sup>2<\/sup><\/a>) \u00e0 fait l&rsquo;objet d&rsquo;une abondante diffusion dans les milieux savoisiens ind\u00e9pendantistes o\u00f9 il est aur\u00e9ol\u00e9 d&rsquo;une semi-l\u00e9gende selon laquelle, apr\u00e8s avoir \u00e9t\u00e9 utilis\u00e9 quelques temps, il fut interdit \u00e0 la fin de la guerre de 14-18 par le gouvernement de Poincar\u00e9 et Cl\u00e9menceau et tous les exemplaires figurant dans les coll\u00e8ges auraient \u00e9t\u00e9 br\u00fbl\u00e9s. Il serait int\u00e9ressant que la lumi\u00e8re soit un jour faite sur la v\u00e9racit\u00e9 de cet \u00e9pisode.<\/p>\n<p align=\"JUSTIFY\">&nbsp;<\/p>\n<p align=\"CENTER\"><img loading=\"lazy\" decoding=\"async\" src=\"http:\/\/gallica.bnf.fr\/ark:\/12148\/bpt6k6576658g\/f5.highres\" alt=\"\" width=\"242\" height=\"352\" style=\"display: block; margin-left: auto; margin-right: auto;\" name=\"images1\" align=\"BOTTOM\" border=\"0\" \/><\/p>\n<p align=\"JUSTIFY\">&nbsp;<\/p>\n<p align=\"JUSTIFY\">Enfin, en 1989, fut \u00e9dit\u00e9 par le Centre de la Culture Savoyarde \u00ab<em> D\u00e9couvrir l&rsquo;Histoire de Savoie <\/em>\u00bb, ouvrage r\u00e9dig\u00e9 par Marius Hudry, historien, Juliette Ch\u00e2tel, Aristide B\u00e9rurard, et Alain Favre, tous trois instituteurs. L&rsquo;ouvrage fut plusieurs fois r\u00e9edit\u00e9 depuis. Marius Hudry d\u00e9clarait dans la pr\u00e9face, intitul\u00e9e \u00ab&nbsp;<em>Manuel d&rsquo;Histoire savoyarde <\/em>\u00bb&nbsp;: \u00ab&nbsp;<em>Plus d&rsquo;un si\u00e8cle d&rsquo;enseignement avec programme unique pour toute la France a fait oublier aux Savoyards que leurs anc\u00eatres, ant\u00e9rieurement \u00e0 1860, avaient une civilisation originale, diff\u00e9rente de celle que le jacobinisme fran\u00e7ais voulait imposer. (\u2026) Sous les effets de cette propagande jacobine, les jeunes Savoyards ont oubli\u00e9 que leurs princes \u00e9taient d&rsquo;une autre dynastie que celle de Paris, que leurs insitutions politiques, judiciaires et autres avaient une originalit\u00e9 (\u2026) La comission charg\u00e9e de composer ce manuel a l&rsquo;ambition de faire \u0153uvre exemplaire en sortant quelque peu des sch\u00e9mas ordinaires&nbsp;. (\u2026) le manuel ne veut pas trop se mouler dans le cadre de la Maison de Savoie. (\u2026) dans la complexit\u00e9 et la vari\u00e9t\u00e9 de l&rsquo;histoire savoyarde, il est n\u00e9cessaire de d\u00e9terminer les points forts de l&rsquo;\u00e9volution historique de la Savoie (\u2026) un r\u00f4le de carrefour et aussi de diffuseur d&rsquo;hommes, de techniques, de produits et aussi de mani\u00e8re de vivre. (\u2026) Ce manuel est donc une \u0153uvre collective compos\u00e9e dans la ferveur raisonn\u00e9e de Savoyards, pleinement conscients de l&rsquo;h\u00e9ritage re\u00e7 des g\u00e9n\u00e9rations qui, dans une pers\u00e9v\u00e9rance volontaire, ont pleinement humanis\u00e9 une terre parfois \u00e2pre. Ainsi ils lutteront pour ne pas laisser brader les paysages et engloutir une culture montagnarde faite d&rsquo;\u00e9nergie et de bon sens.&nbsp;\u00bb <\/em>H\u00e9las, il semble bien que ce livre, dans les cas o\u00f9 il atteignit les \u00e9coles et les coll\u00e8ges, ne servit qu&rsquo;\u00e0 titre documentaire et bien peu \u00e0 l&rsquo;usage auquel il \u00e9tait destin\u00e9&nbsp;: les cours et la salle de classe. Les enseignants \u00e9tant soit indiff\u00e9rents et ignorants de l&rsquo;histoire savoyarde, soit trop frileux pour oser l&rsquo;utiliser dans le cadre de leur enseignement.<\/p>\n<p align=\"JUSTIFY\">&nbsp;<\/p>\n<p align=\"CENTER\"><img loading=\"lazy\" decoding=\"async\" src=\"http:\/\/decitre.di-static.com\/media\/catalog\/product\/cache\/1\/image\/9df78eab33525d08d6e5fb8d27136e95\/9\/7\/8\/2\/9\/5\/1\/1\/9782951137912FS.gif\" alt=\"\" width=\"243\" height=\"328\" style=\"display: block; margin-left: auto; margin-right: auto;\" name=\"images2\" align=\"BOTTOM\" border=\"0\" \/><\/p>\n<p align=\"JUSTIFY\">&nbsp;<\/p>\n<p align=\"JUSTIFY\">En ce d\u00e9but de XXIe si\u00e8cle, l&rsquo;enseignement de l&rsquo;Histoire de Savoie se trouve donc toujours globalement au point mort. Tout pourrait laisser \u00e0 penser que le seul moyen pour que les jeunes Savoyards d&rsquo;aujourd&rsquo;hui puissent conna\u00eetre leur histoire et leur culture serait d&rsquo;en passer par une prise de position officielle du ministre et que lui seul serait \u00e0 m\u00eame de d\u00e9cider si oui ou non l&rsquo;histoire de Savoie pourrait \u00eatre ou non enseign\u00e9e dans les cours d&rsquo;Histoire-G\u00e9ographie. Une mani\u00e8re simpliste de se d\u00e9douanner, de se victimiser en rejetant la faute sur l&rsquo;Etat jacobin et en attendant tout de lui dans le m\u00eame temps. Il serait vain d&rsquo;attendre dans l&rsquo;imm\u00e9diat une improbable r\u00e9action venant de l&rsquo;Education nationale face aux demandes r\u00e9gionales. Preuve en est que celle-ci, malgr\u00e9 plusieurs demandes, n&rsquo;a toujours pas reconnu le francoproven\u00e7al (ou arpitan) comme une langue r\u00e9gionale digne d&rsquo;\u00eatre enseign\u00e9e et pr\u00e9sent\u00e9e en option par les \u00e9l\u00e8ves au baccalaur\u00e9at, alors m\u00eame que nombre d&rsquo;autres langues r\u00e9gionales (le corse, le breton, le basque, etc&#8230;) le sont. En revanche, c&rsquo;est sur le terrain qu&rsquo;il faut commencer \u00e0 agir avec les moyens \u00e0 disposition et int\u00e9grer l&rsquo;histoire de Savoie dans les enseignements quotidiennement, \u00e0 chaque fois que cela est possible. Et cela est possible, car des pistes permettant cet enseignement se dessinent clairement.<\/p>\n<p align=\"JUSTIFY\">&nbsp;<\/p>\n<p align=\"JUSTIFY\">Dans les faits, l&rsquo;histoire savoyarde peut d\u00e9j\u00e0 \u00eatre enseign\u00e9e par les professeurs qui le souhaitent, et sans que cela ne remette en cause l&rsquo;int\u00e9grit\u00e9 des programmes officiels. Cette affirmation peut para\u00eetre surprenante, et pourtant on trouve en annexes des programmes officiels du niveau de 3\u00e8me des adaptations destin\u00e9s aux DROM, \u00e0 la Nouvelle-Cal\u00e9donie, \u00e0 la Polyn\u00e9sie fran\u00e7aise et Wallis-et-Futuna<a href=\"#sdendnote3sym\" class=\"sdendnoteanc\" name=\"sdendnote3anc\"><sup>3<\/sup><\/a>. Adaptations dans lesquelles on trouve cette formule : \u00ab&nbsp;<em>Chaque fois que cela est possible et justifi\u00e9 par les programmes, on prend appui sur des exemples historiques locaux ou pris dans l\u2019environnement r\u00e9gional<\/em><em>. <\/em>\u00bb D\u00e8s lors, pourquoi ne pas imaginer les m\u00eames adaptations pour les r\u00e9gions m\u00e9tropolitaines telles que la Corse, la Bretagne, et la Savoie entre autres ?<\/p>\n<p align=\"JUSTIFY\">&nbsp;<\/p>\n<p align=\"JUSTIFY\">C&rsquo;est au m\u00eame constat qu&rsquo;a \u00e9t\u00e9 conduit le Centre d&rsquo;Histoire de Bretagne<a href=\"#sdendnote4sym\" class=\"sdendnoteanc\" name=\"sdendnote4anc\"><sup>4<\/sup><\/a>, association regroupant depuis 2012 historiens, universitaires et \u00e9rudits bretons dans le but de favoriser la connaissance de l&rsquo;histoire bretonne et sa diffusion aupr\u00e8s de tous les publics. Apr\u00e8s avoir interpell\u00e9 le ministre de l&rsquo;\u00e9ducation nationale Beno\u00eet Hamon sur la question de l&rsquo;enseignement de l&rsquo;histoire bretonne et men\u00e9 une enqu\u00eate de terrain sur ce sujet aupr\u00e8s des enseignants des cinq d\u00e9partements bretons (Loire-Atlantique comprise), les repr\u00e9sentants du CHB ont \u00e9t\u00e9 re\u00e7us au Rectorat de Rennes pour \u00e9voquer cette question et publi\u00e9 le communiqu\u00e9 suivant, valid\u00e9 par le Rectorat de l&rsquo;Acad\u00e9mie de Rennes :<\/p>\n<p align=\"JUSTIFY\">\u00ab&nbsp;<em>Jeudi 13 novembre 2014, le <\/em><strong><em>Centre d\u2019Histoire de Bretagne\/Kreizenn Istor Breizh<\/em><\/strong><em>, repr\u00e9sent\u00e9 par son pr\u00e9sident, Fr\u00e9d\u00e9ric Morvan, et son tr\u00e9sorier, Raphael Valery, a \u00e9t\u00e9 re\u00e7u \u00e0 Rennes au Rectorat d\u2019Acad\u00e9mie par Madame Catherine Pequin, D\u00e9l\u00e9gu\u00e9e acad\u00e9mique \u00e0 l&rsquo;\u00e9ducation artistique et \u00e0 l&rsquo;action culturelle, par Monsieur Remy Guillou, Inspecteur p\u00e9dagogique r\u00e9gional de Breton, et par&nbsp;&nbsp;Monsieur Fr\u00e9d\u00e9ric Doublet, Inspecteur p\u00e9dagogique r\u00e9gional d\u2019histoire-g\u00e9ographie, <\/em><strong><em>conseillers de Monsieur Michel Qu\u00e9r\u00e9, Recteur de l\u2019Acad\u00e9mie de Rennes<\/em><\/strong><em>, afin d\u2019\u00e9voquer la question de l\u2019enseignement de l\u2019histoire de Bretagne dans les <\/em><strong><em>Ecoles, les Coll\u00e8ges et les Lyc\u00e9es de l\u2019Acad\u00e9mie<\/em><\/strong><em>. <\/em><\/p>\n<p align=\"JUSTIFY\"><strong><em>Il nous a \u00e9t\u00e9 rappel\u00e9 que les programmes officiels du Primaire et du Secondaire se pr\u00eatent, sur de nombreux th\u00e8mes et en respectant l\u2019esprit, \u00e0 l\u2019utilisation de l\u2019histoire de Bretagne gr\u00e2ce aux \u00e9tudes de cas et qu\u2019il est tout \u00e0 fait possible que des projets p\u00e9dagogiques et interdisciplinaires s\u2019appuient sur la culture bretonne ou des \u00e9l\u00e9ments de cette culture, dont l\u2019histoire de Bretagne.<\/em><\/strong><\/p>\n<p align=\"JUSTIFY\"><em>S\u2019il n\u2019est pas envisag\u00e9 la publication de manuel d\u2019histoire reposant exclusivement sur des exemples bretons, des fiches et des dossiers p\u00e9dagogiques s\u2019adossant \u00e0 des \u00e9pisodes de l\u2019histoire de Bretagne et permettant de traiter les programmes officiels ont d\u00e9j\u00e0 \u00e9t\u00e9 r\u00e9alis\u00e9s \u00e0 l\u2019intention des enseignants (\u00e0 titre d\u2019exemple, <\/em><a href=\"http:\/\/www.google.fr\/url?sa=t&amp;rct=j&amp;q=&amp;esrc=s&amp;source=web&amp;cd=4&amp;cad=rja&amp;uact=8&amp;ved=0CDQQFjAD&amp;url=http%3A%2F%2Farchives.cotesdarmor.fr%2Findex.php%3Fpage%3Ddossiers-pedagogiques&amp;ei=AG9vVJ-sOYflaIicgPgJ&amp;usg=AFQjCNFFyJSH0XvY4RpTbDL-2XfBRrHgLA&amp;sig2=SmPULX764XuriR5_WoxpFA&amp;bvm=bv.80185997,d.d2s\" target=\"_blank\" rel=\"noopener\"><em>ceux des archives d\u00e9partementales des Cotes d\u2019Armor<\/em><\/a><em>). <\/em>\u00bb<\/p>\n<p align=\"JUSTIFY\"><img loading=\"lazy\" decoding=\"async\" src=\"http:\/\/www.centre-histoire-bretagne.com\/_\/rsrc\/1393856327461\/config\/customLogo.gif?revision=13\" alt=\"\" width=\"642\" height=\"158\" style=\"display: block; margin-left: auto; margin-right: auto;\" name=\"images3\" align=\"BOTTOM\" border=\"0\" \/><\/p>\n<p>&nbsp;<\/p>\n<p align=\"JUSTIFY\">On le voit \u00e0 travers cet exemple, les programmes d&rsquo;Histoire et de G\u00e9ographie peuvent faire preuve d&rsquo;une vraie souplesse pouvant permettre aux enseignants savoyards d&rsquo;int\u00e9grer des exemples tir\u00e9s de l&rsquo;histoire savoyarde dans leur enseignement sans crainte. Les archives d\u00e9partementales de Savoie et Haute-Savoie proposent d&rsquo;ailleurs par le biais de leurs services \u00e9ducatifs des documents \u00e0 destination des enseignants.<\/p>\n<p align=\"JUSTIFY\">&nbsp;<\/p>\n<p align=\"JUSTIFY\">Mais cela est-il suffisant&nbsp;? Faudrait-il se satisfaire de cette situation qui oblige les enseignants de bonne volont\u00e9 \u00e0 bricoler pour construire leurs cours et ensuite les dispenser \u00e0 leurs \u00e9l\u00e8ves&nbsp;, le tout sous le regard parfois dubitatif voire suspicieux ou m\u00eame r\u00e9probateur de leurs coll\u00e8gues et de la hi\u00e9rarchie parfois peu au fait de la r\u00e9alit\u00e9 des textes du programme d&rsquo;Histoire-G\u00e9ographie &nbsp;?<\/p>\n<p align=\"JUSTIFY\">&nbsp;<\/p>\n<p align=\"JUSTIFY\">Et comment prendre en compte le fait que de nombreux enseignants en Savoie ne sont pas Savoyards et sont originaires d&rsquo;autres r\u00e9gions fran\u00e7aises&nbsp;? Comment pourraient-ils enseigner l&rsquo;histoire de Savoie si eux-m\u00eames ne la connaissent pas et n&rsquo;ont pas suffisamment d&rsquo;outils p\u00e9dagogiques \u00e0 port\u00e9e de main pour l&rsquo;enseigner&nbsp;?<\/p>\n<p align=\"LEFT\">&nbsp;<\/p>\n<p align=\"JUSTIFY\">Toute la bonne volont\u00e9 d&rsquo;une poign\u00e9e d&rsquo;enseignants qui voudrait perp\u00e9tuer la transmission de l&rsquo;histoire savoyarde n&rsquo;est pas suffisante. Il faut de v\u00e9ritables moyens pour diffuser la connaissance de l&rsquo;histoire de Savoie, pour la vulgariser et la rendre accessible au plus grand nombre, notamment aux enseignants qui souhaiteraient s&rsquo;y former pour l&rsquo;enseigner, et aux \u00e9l\u00e8ves par le biais de l&rsquo;\u00e9cole.<\/p>\n<p align=\"JUSTIFY\">&nbsp;<\/p>\n<p align=\"JUSTIFY\">Seule une r\u00e9elle d\u00e9centralisation de l&rsquo;\u00e9ducation nationale permettrait d&rsquo;institutionnaliser l&rsquo;enseignement de l&rsquo;histoire de Savoie dans les programmes d&rsquo;Histoire-G\u00e9ographie. On pourrait imaginer que ceux-ci soient constitu\u00e9s d&rsquo;un tronc commun \u00e0 tout le territoire fran\u00e7ais qui d\u00e9finirait le contenant ( un ensemble de notions \u00e0 conna\u00eetre et de savoirs-faire entrant dans le cadre du socle commun de comp\u00e9tences) et d&rsquo;apports r\u00e9gionaux par acad\u00e9mies qui constitueraient le contenu ( les faits d&rsquo;histoire r\u00e9gionale).<\/p>\n<p align=\"JUSTIFY\">&nbsp;<\/p>\n<p align=\"JUSTIFY\">Un tel proc\u00e9d\u00e9 \u00e9viterait \u00e0 l&rsquo;enseignement de l&rsquo;Histoire-G\u00e9ographie de s&rsquo;enfermer dans le pi\u00e8ge de l&rsquo;histoire nationale (pour ne pas dire nationaliste), un pi\u00e8ge dont elle peine toujours \u00e0 se sortir comme ont pu le montrer les d\u00e9bats autour de l&rsquo;identit\u00e9 nationale et l&rsquo;hypoth\u00e9tique mus\u00e9e de l&rsquo;histoire de France sous le mandat pr\u00e9sidentiel de Nicolas Sarkozy. Il ne faudrait pas remplacer le roman national fran\u00e7ais par le roman national savoisien, mais \u00e9viter l&rsquo;un et l&rsquo;autre pour enseigner l&rsquo;histoire savoyarde comme une Histoire-racines ouvrant sur le monde, au del\u00e0 de la vision p\u00e9rim\u00e9e et dangereuse de l&rsquo;Etat-nation jacobin engendrant trop d&rsquo;exclusion.<\/p>\n<p align=\"JUSTIFY\">&nbsp;<\/p>\n<p style=\"text-align: right;\" align=\"RIGHT\">Rodolphe GUILHOT<\/p>\n<p align=\"LEFT\">&nbsp;<\/p>\n<p align=\"LEFT\">&nbsp;<\/p>\n<div id=\"sdendnote1\">\n<p align=\"JUSTIFY\"><a href=\"#sdendnote1anc\" class=\"sdendnotesym\" name=\"sdendnote1sym\">1<\/a>. Danielle CHAMPIGNY (inspectrice d&rsquo;acad\u00e9mie-inspectrice p\u00e9dagogique r\u00e9gionale) et B\u00e9n\u00e9dicte DURAND (ma\u00eetre de conf\u00e9rences \u00e0 l&rsquo;IUFM des Pays de la Loire), \u00ab<em> Enseigner les territoires de la proximit\u00e9&nbsp;: quelle place pour l&rsquo;enseignement du \u00ab\u00a0local\u00a0\u00bb&nbsp;? <\/em>\u00bb, Colloque \u00ab Apprendre l&rsquo;histoire et la g\u00e9ographie \u00e0 l&rsquo;\u00c9cole \u00bb 12-14 d\u00e9cembre 2002 (<a href=\"http:\/\/eduscol.education.fr\/cid45998\/enseigner-les-territoires-de-la-proximite&nbsp;-quelle-place-pour-l-enseignement-du-local-&nbsp;.html\" target=\"_blank\" rel=\"noopener\">http:\/\/eduscol.education.fr\/cid45998\/enseigner-les-territoires-de-la-proximite%C2%A0-quelle-place-pour-l-enseignement-du-local-%C2%A0.html<\/a>)<\/p>\n<p align=\"LEFT\">&nbsp;<\/p>\n<\/div>\n<div id=\"sdendnote2\">\n<p class=\"sdendnote\"><a href=\"#sdendnote2anc\" class=\"sdendnotesym\" name=\"sdendnote2sym\">2<\/a><a href=\"http:\/\/gallica.bnf.fr\/ark:\/12148\/bpt6k6576658g.r=Abr\u00e9g\u00e9+de+l%27histoire+de+savoie.langFR\" target=\"_blank\" rel=\"noopener\">http:\/\/gallica.bnf.fr\/ark:\/12148\/bpt6k6576658g.r=Abr%C3%A9g%C3%A9+de+l%27histoire+de+savoie.langFR<\/a><\/p>\n<p class=\"sdendnote\">&nbsp;<\/p>\n<\/div>\n<div id=\"sdendnote3\">\n<p align=\"LEFT\"><a href=\"#sdendnote3anc\" class=\"sdendnotesym\" name=\"sdendnote3sym\">3<\/a>. voir ici : <a href=\"http:\/\/www.education.gouv.fr\/pid25535\/bulletin_officiel.html?cid_bo=74789\" target=\"_blank\" rel=\"noopener\">http:\/\/www.education.gouv.fr\/pid25535\/bulletin_officiel.html?cid_bo=74789<\/a><\/p>\n<p align=\"LEFT\">&nbsp;<\/p>\n<\/div>\n<div id=\"sdendnote4\">\n<p class=\"sdendnote\"><a href=\"#sdendnote4anc\" class=\"sdendnotesym\" name=\"sdendnote4sym\">4<\/a><a href=\"http:\/\/www.centre-histoire-bretagne.com\/home\" target=\"_blank\" rel=\"noopener\">http:\/\/www.centre-histoire-bretagne.com\/home<\/a><\/p>\n<p class=\"sdendnote\">&nbsp;<\/p>\n<\/div>\n","protected":false},"excerpt":{"rendered":"<p>&nbsp; Depuis l&rsquo;annexion de la Savoie \u00e0 la France en 1860, la question de l&rsquo;enseignement de l&rsquo;histoire de Savoie dans les \u00e9tablissements scolaires des deux d\u00e9partements savoyards a \u00e9t\u00e9 lancinante et r\u00e9currente, que ce soit \u00e0 des fins puremment scientifique et p\u00e9dagogiques, ou \u00e0 d&rsquo;autres fins plus politiques. Si cette question se pose et revient &#8230; <a title=\"Pourquoi il faut enseigner l&rsquo;histoire savoyarde\" class=\"read-more\" href=\"https:\/\/sabaudia-mrs.org\/index.php\/2015\/01\/21\/pourquoi-il-faut-enseigner-lhistoire-savoyarde\/\" aria-label=\"En savoir plus sur Pourquoi il faut enseigner l&rsquo;histoire savoyarde\">Lire la suite<\/a><\/p>\n","protected":false},"author":1,"featured_media":0,"comment_status":"open","ping_status":"open","sticky":false,"template":"","format":"standard","meta":{"footnotes":""},"categories":[7],"tags":[144,165,166,167,209,219,224],"class_list":["post-182","post","type-post","status-publish","format-standard","hentry","category-culture","tag-enseignement","tag-histoire","tag-histoire-de-bretagne","tag-histoire-de-savoie","tag-regionalisme","tag-roman-national","tag-savoie"],"_links":{"self":[{"href":"https:\/\/sabaudia-mrs.org\/index.php\/wp-json\/wp\/v2\/posts\/182","targetHints":{"allow":["GET"]}}],"collection":[{"href":"https:\/\/sabaudia-mrs.org\/index.php\/wp-json\/wp\/v2\/posts"}],"about":[{"href":"https:\/\/sabaudia-mrs.org\/index.php\/wp-json\/wp\/v2\/types\/post"}],"author":[{"embeddable":true,"href":"https:\/\/sabaudia-mrs.org\/index.php\/wp-json\/wp\/v2\/users\/1"}],"replies":[{"embeddable":true,"href":"https:\/\/sabaudia-mrs.org\/index.php\/wp-json\/wp\/v2\/comments?post=182"}],"version-history":[{"count":0,"href":"https:\/\/sabaudia-mrs.org\/index.php\/wp-json\/wp\/v2\/posts\/182\/revisions"}],"wp:attachment":[{"href":"https:\/\/sabaudia-mrs.org\/index.php\/wp-json\/wp\/v2\/media?parent=182"}],"wp:term":[{"taxonomy":"category","embeddable":true,"href":"https:\/\/sabaudia-mrs.org\/index.php\/wp-json\/wp\/v2\/categories?post=182"},{"taxonomy":"post_tag","embeddable":true,"href":"https:\/\/sabaudia-mrs.org\/index.php\/wp-json\/wp\/v2\/tags?post=182"}],"curies":[{"name":"wp","href":"https:\/\/api.w.org\/{rel}","templated":true}]}}